{"id":20613,"date":"2017-02-16T11:55:26","date_gmt":"2017-02-16T13:55:26","guid":{"rendered":"http:\/\/catolicanet.net\/wp-cnet\/2017\/02\/16\/papa-preservar-a-paz-chega-de-guerras\/"},"modified":"2017-06-02T13:47:25","modified_gmt":"2017-06-02T16:47:25","slug":"papa-preservar-a-paz-chega-de-guerras","status":"publish","type":"post","link":"https:\/\/catolicanet.net\/wp-cnet\/papa-preservar-a-paz-chega-de-guerras\/","title":{"rendered":"Papa: preservar a paz, chega de guerras!"},"content":{"rendered":"<p style=\"text-align: justify;\"><img decoding=\"async\" src=\"http:\/\/www.catolicanet.com.br\/images\/stories\/noticias\/1904620_articolo.jpg\" border=\"0\" align=\"left\" \/>Cidade do Vaticano (RV) \u2013 O primeiro compromisso do Papa nesta quinta foi a celebra\u00e7\u00e3o da missa na capela da Casa Santa Marta. Em sua homilia, o Pont\u00edfice deu destaque ao sofrimento de tantos povos castigados pelas guerras promovidas pelos poderosos e pelos traficantes de armas.<\/p>\n<p style=\"text-align: justify;\">\u00a0<\/p>\n<p style=\"text-align: justify;\"><a href=\"http:\/\/media02.radiovaticana.va\/audio\/audio2\/mp3\/00570203.mp3\">Clique aqui para ouvir:<\/a><\/p>\n<p style=\"text-align: justify;\">\u00a0<\/p>\n<p style=\"text-align: justify;\">De modo especial, falou de tr\u00eas imagens presentes na Primeira Leitura, extra\u00edda do Livro do G\u00eanesis: a pomba, o arco-\u00edris e a alian\u00e7a.<\/p>\n<p>\u201cA alian\u00e7a que Deus faz \u00e9 forte \u2013 comentou \u2013 mas como n\u00f3s a recebemos e a aceitamos \u00e9 com fraqueza. Deus faz a paz conosco, mas n\u00e3o \u00e9 f\u00e1cil preserv\u00e1-la\u201d. \u201c\u00c9 um trabalho de todos os dias, porque dentro de n\u00f3s ainda existe aquela semente, aquele pecado original, o esp\u00edrito de Caim que por inveja, ci\u00fame, cobi\u00e7a e desejo de domina\u00e7\u00e3o faz a guerra\u201d. Francisco observou que, falando da alian\u00e7a entre Deus e os homens, se faz refer\u00eancia ao \u201csangue\u201d: \u201cpedirei contas do vosso sangue, que \u00e9 vida, a qualquer animal. E ao homem pedirei contas da vida do homem, seu irm\u00e3o\u201d. N\u00f3s, portanto, \u201csomos cust\u00f3dios dos irm\u00e3os e quando h\u00e1 derramamento de sangue, h\u00e1 pecado e Deus nos pedir\u00e1 contas\u201d:<\/p>\n<p>\u201cHoje no mundo h\u00e1 derramamento de sangue. Hoje o mundo est\u00e1 em guerra. Muitos irm\u00e3os e irm\u00e3s morrem, inclusive inocentes, porque os grandes e os poderosos querem um peda\u00e7o a mais de terra, querem um pouco mais de poder ou querem ter um pouco mais de lucro com o tr\u00e1fico de armas. E a Palavra do Senhor \u00e9 clara: \u2018pedirei contas do vosso sangue, que \u00e9 vida, a qualquer animal. E ao homem pedirei contas da vida do homem, seu irm\u00e3o\u2019. Tamb\u00e9m a n\u00f3s, que parecemos estar em paz aqui, o Senhor pedir\u00e1 contas do sangue dos nossos irm\u00e3os e irm\u00e3s que sofrem a guerra\u201d.<\/p>\n<p>Custodiar a paz, a declara\u00e7\u00e3o de guerra come\u00e7a em cada um de n\u00f3s<\/p>\n<p>\u201cComo proteger a pomba? Pergunta-se Francisco; \u201cO que fa\u00e7o para que o arco-\u00edris seja sempre um guia? O que fa\u00e7o para que n\u00e3o seja mais derramado sangue no mundo?\u201d. Todos n\u00f3s, reiterou, estamos envolvidos nisto. A ora\u00e7\u00e3o pela paz n\u00e3o \u00e9 uma formalidade, o trabalho pela paz n\u00e3o \u00e9 uma formalidade. E relevou com amargura que a guerra come\u00e7a no cora\u00e7\u00e3o do homem, come\u00e7a nas casas, nas fam\u00edlias, entre amigos, e depois vai al\u00e9m, a todo o mundo. \u201cO que fa\u00e7o, eu, quanto sinto no meu cora\u00e7\u00e3o \u2018algo que quer destruir a paz\u2019?\u201d<\/p>\n<p>\u201cA guerra come\u00e7a aqui e termina l\u00e1. Vemos as not\u00edcias nos jornais e na TV&#8230; Hoje, muita gente morre e a semente de guerra que gera inveja, provoca ci\u00fames, a cobi\u00e7a no meu cora\u00e7\u00e3o \u00e9 a mesma coisa do que a bomba que cai num hospital, numa escola, matando crian\u00e7as- \u00e9 o mesmo. A declara\u00e7\u00e3o de guerra come\u00e7a aqui, em cada um de n\u00f3s. Por isso, pergunto: \u201cComo custodiar a paz em meu cora\u00e7\u00e3o, em meu intimo, na minha fam\u00edlia?\u201d. Custodiar a paz, mas n\u00e3o s\u00f3: faz\u00ea-la com as m\u00e3os, todos os dias. E assim conseguiremos faz\u00ea-la no mundo inteiro\u201d.<\/p>\n<p>A recorda\u00e7\u00e3o do fim da guerra na lembran\u00e7a do menino<\/p>\n<p>\u201cO sangue de Cristo \u2013 evidenciou \u2013 \u00e9 o que faz a paz, mas n\u00e3o o sangue que eu fa\u00e7o com o meu irm\u00e3o\u201d ou \u201co que fazem os traficantes de armas ou os poderosos da terra nas grandes guerras\u201d. Francisco relatou um epis\u00f3dio pessoal, de quando era crian\u00e7a, sobre a paz:<\/p>\n<p>\u201cRecordo quando come\u00e7ou a tocar o alarme dos Bombeiros, depois nos jornais e na cidade&#8230; Isto se fazia para atrair a aten\u00e7\u00e3o para ou fato ou uma trag\u00e9dia, ou outra coisa. E logo ouvi a vizinha de casa chamar minha m\u00e3e: \u2018Senhora Regina, venha, venha!\u2019 E minha m\u00e3e saiu, assustada: \u2018O que aconteceu?\u2019 E a mulher, do outro lado do jardim, disse: \u2018A guerra acabou!\u2019, chorando.<\/p>\n<p>Francisco recordou o abra\u00e7o das duas mulheres, o pranto e a alegria porque a guerra havia terminado. \u201cQue o Senhor \u2013 concluiu \u2013 nos d\u00ea a gra\u00e7a de poder dizer: \u2018Terminou a guerra\u2019 e chorando. \u2018Acabou a guerra no meu cora\u00e7\u00e3o, acabou a guerra na minha fam\u00edlia, acabou a guerra no meu bairro, acabou a guerra no meu trabalho, acabou a guerra no mundo\u2019. Assim ser\u00e3o mais fortes a pomba, o arco-\u00edris e a alian\u00e7a\u201d.<\/p>\n<p style=\"text-align: justify;\">\u00a0<\/p>\n<p style=\"text-align: justify;\">Fonte: CNBB<\/p>\n","protected":false},"excerpt":{"rendered":"<p>Cidade do Vaticano (RV) \u2013 O primeiro compromisso do Papa nesta quinta foi a celebra\u00e7\u00e3o da missa na capela da Casa Santa Marta. Em sua homilia, o Pont\u00edfice deu destaque ao sofrimento de tantos povos castigados pelas guerras promovidas pelos poderosos e pelos traficantes de armas. \u00a0 Clique aqui para ouvir: \u00a0 De modo especial, [&hellip;]<\/p>\n","protected":false},"author":1,"featured_media":20612,"comment_status":"open","ping_status":"open","sticky":false,"template":"","format":"standard","meta":{"footnotes":""},"categories":[3],"tags":[],"class_list":["post-20613","post","type-post","status-publish","format-standard","has-post-thumbnail","hentry","category-vaticano"],"_links":{"self":[{"href":"https:\/\/catolicanet.net\/wp-cnet\/wp-json\/wp\/v2\/posts\/20613","targetHints":{"allow":["GET"]}}],"collection":[{"href":"https:\/\/catolicanet.net\/wp-cnet\/wp-json\/wp\/v2\/posts"}],"about":[{"href":"https:\/\/catolicanet.net\/wp-cnet\/wp-json\/wp\/v2\/types\/post"}],"author":[{"embeddable":true,"href":"https:\/\/catolicanet.net\/wp-cnet\/wp-json\/wp\/v2\/users\/1"}],"replies":[{"embeddable":true,"href":"https:\/\/catolicanet.net\/wp-cnet\/wp-json\/wp\/v2\/comments?post=20613"}],"version-history":[{"count":1,"href":"https:\/\/catolicanet.net\/wp-cnet\/wp-json\/wp\/v2\/posts\/20613\/revisions"}],"predecessor-version":[{"id":27151,"href":"https:\/\/catolicanet.net\/wp-cnet\/wp-json\/wp\/v2\/posts\/20613\/revisions\/27151"}],"wp:featuredmedia":[{"embeddable":true,"href":"https:\/\/catolicanet.net\/wp-cnet\/wp-json\/wp\/v2\/media\/20612"}],"wp:attachment":[{"href":"https:\/\/catolicanet.net\/wp-cnet\/wp-json\/wp\/v2\/media?parent=20613"}],"wp:term":[{"taxonomy":"category","embeddable":true,"href":"https:\/\/catolicanet.net\/wp-cnet\/wp-json\/wp\/v2\/categories?post=20613"},{"taxonomy":"post_tag","embeddable":true,"href":"https:\/\/catolicanet.net\/wp-cnet\/wp-json\/wp\/v2\/tags?post=20613"}],"curies":[{"name":"wp","href":"https:\/\/api.w.org\/{rel}","templated":true}]}}