{"id":20592,"date":"2017-02-15T10:38:14","date_gmt":"2017-02-15T12:38:14","guid":{"rendered":"http:\/\/catolicanet.net\/wp-cnet\/2017\/02\/15\/irma-dorothy-assassinada-ha-12-anos\/"},"modified":"2017-05-05T09:52:49","modified_gmt":"2017-05-05T12:52:49","slug":"irma-dorothy-assassinada-ha-12-anos","status":"publish","type":"post","link":"https:\/\/catolicanet.net\/wp-cnet\/irma-dorothy-assassinada-ha-12-anos\/","title":{"rendered":"Irm\u00e3 Dorothy, assassinada h\u00e1 12 anos"},"content":{"rendered":"<p style=\"text-align: justify;\">O modelo capitalista no Brasil, numa marca mais acentuada em nossos tempos pela desigualdade social e estrutural, entrou em cheio na Amaz\u00f4nia e em todo o Brasil. Para a Amaz\u00f4nia, por op\u00e7\u00e3o de vida, seguindo os passos de Jesus de Nazar\u00e9, a inesquec\u00edvel, terna e af\u00e1vel Irm\u00e3 Dorothy, por 30 anos, abra\u00e7ou a proposta do Evangelho, com grande paix\u00e3o e amor pela Floresta Amaz\u00f4nica e seus habitantes. Uma mulher forte e determinada, no seu estilo de vida e com uma m\u00edstica a causar medo e contrariar os que desejavam outro projeto para a floresta, que n\u00e3o fosse o projeto de Nosso Senhor Jesus Cristo, a ponto de tramarem, a exemplo do nosso Mestre e Senhor: vamos assassin\u00e1-la.<br \/>Irm\u00e3 Dorothy era reconhecida como uma defensora do desenvolvimento sustent\u00e1vel, atrav\u00e9s da luta pela reforma agr\u00e1ria e da causa dos pequenos agricultores de Anapu, no Par\u00e1, mas acabou assassinada aos 73 anos (12\/02\/2005), a mando de um daqueles que s\u00f3 pensam nos bens temporais. A mem\u00f3ria nos estimula como compromisso de fidelidade e persist\u00eancia. Urge reconhecer o que se fez no passado para nos animar o presente. Al\u00e9m disso, a causa de Dorothy n\u00e3o est\u00e1 na moda, porque pouco se fala em reforma agr\u00e1ria. Por isso mesmo, precisamos de mais motiva\u00e7\u00f5es, para que sua mem\u00f3ria se mantenha cada vez mais viva.<br \/>\u201cNingu\u00e9m tem maior amor do que aquele que d\u00e1 a vida por seus amigos\u201d (cf. Jo 15, 13). Dar a vida se pode traduzir por generosidade, ren\u00fancia, doa\u00e7\u00e3o e testemunho. No amor a Deus e ao pr\u00f3ximo est\u00e1 o eixo central do cristianismo; tudo a partir do cora\u00e7\u00e3o, por ser o centro da personalidade, onde se encontra seu fundamento, na busca da dignidade, da justi\u00e7a e da solidariedade.<br \/>Irm\u00e3 Dorothy est\u00e1 viva e presente na vida do seu povo, com sua vida ofertada em sacrif\u00edcio, em um verdadeiro hino de louvor a Deus, na sua coragem prof\u00e9tica. Ela vai continuar sempre mais amada e admirada como figura exemplar e referencial, s\u00edmbolo e patrim\u00f4nio do povo brasileiro, no sonho de uma nova realidade, a partir do projeto de nosso Deus e Pai.<br \/>Diante do contexto, ainda muito vivo entre n\u00f3s, da morte cruel e brutal da Irm\u00e3 Dorothy, fica muito presente a frase de Tertuliano, dita no s\u00e9culo terceiro: \u201cSangue de m\u00e1rtires \u00e9 semente de crist\u00e3os\u201d. Que tenhamos uma teimosia sempre maior em valorizar e jamais prescindir da profecia e do testemunho, e se for preciso, inclusive, do pr\u00f3prio mart\u00edrio.<br \/>Temos consci\u00eancia de que o testemunho prof\u00e9tico e a m\u00edstica, inestim\u00e1vel heran\u00e7a de Irm\u00e3 Dorothy, fiel e corajosa disc\u00edpula de Jesus de Nazar\u00e9, com seu sangue derramado na Floresta Amaz\u00f4nica, ainda ir\u00e1 produzir frutos, muitos e bons frutos. Animados pela chama da esperan\u00e7a pascal, digamos com o Papa Francisco: &#8220;O mart\u00edrio dos crist\u00e3os n\u00e3o \u00e9 algo do passado, mas muitos deles s\u00e3o v\u00edtimas tamb\u00e9m hoje de pessoas que odeiam Jesus Cristo&#8221; (06\/02\/2015). Am\u00e9m!<\/p>\n","protected":false},"excerpt":{"rendered":"<p>O modelo capitalista no Brasil, numa marca mais acentuada em nossos tempos pela desigualdade social e estrutural, entrou em cheio na Amaz\u00f4nia e em todo o Brasil. Para a Amaz\u00f4nia, por op\u00e7\u00e3o de vida, seguindo os passos de Jesus de Nazar\u00e9, a inesquec\u00edvel, terna e af\u00e1vel Irm\u00e3 Dorothy, por 30 anos, abra\u00e7ou a proposta do [&hellip;]<\/p>\n","protected":false},"author":6,"featured_media":0,"comment_status":"open","ping_status":"open","sticky":false,"template":"","format":"standard","meta":{"footnotes":""},"categories":[9],"tags":[],"class_list":["post-20592","post","type-post","status-publish","format-standard","hentry","category-artigos"],"_links":{"self":[{"href":"https:\/\/catolicanet.net\/wp-cnet\/wp-json\/wp\/v2\/posts\/20592","targetHints":{"allow":["GET"]}}],"collection":[{"href":"https:\/\/catolicanet.net\/wp-cnet\/wp-json\/wp\/v2\/posts"}],"about":[{"href":"https:\/\/catolicanet.net\/wp-cnet\/wp-json\/wp\/v2\/types\/post"}],"author":[{"embeddable":true,"href":"https:\/\/catolicanet.net\/wp-cnet\/wp-json\/wp\/v2\/users\/6"}],"replies":[{"embeddable":true,"href":"https:\/\/catolicanet.net\/wp-cnet\/wp-json\/wp\/v2\/comments?post=20592"}],"version-history":[{"count":1,"href":"https:\/\/catolicanet.net\/wp-cnet\/wp-json\/wp\/v2\/posts\/20592\/revisions"}],"predecessor-version":[{"id":21032,"href":"https:\/\/catolicanet.net\/wp-cnet\/wp-json\/wp\/v2\/posts\/20592\/revisions\/21032"}],"wp:attachment":[{"href":"https:\/\/catolicanet.net\/wp-cnet\/wp-json\/wp\/v2\/media?parent=20592"}],"wp:term":[{"taxonomy":"category","embeddable":true,"href":"https:\/\/catolicanet.net\/wp-cnet\/wp-json\/wp\/v2\/categories?post=20592"},{"taxonomy":"post_tag","embeddable":true,"href":"https:\/\/catolicanet.net\/wp-cnet\/wp-json\/wp\/v2\/tags?post=20592"}],"curies":[{"name":"wp","href":"https:\/\/api.w.org\/{rel}","templated":true}]}}