{"id":20591,"date":"2017-02-14T18:45:51","date_gmt":"2017-02-14T20:45:51","guid":{"rendered":"http:\/\/catolicanet.net\/wp-cnet\/2017\/02\/14\/sao-valentim-santo-tem-rosto-reconstruido-em-3d-por-brasileiros\/"},"modified":"2017-06-02T14:05:12","modified_gmt":"2017-06-02T17:05:12","slug":"sao-valentim-santo-tem-rosto-reconstruido-em-3d-por-brasileiros","status":"publish","type":"post","link":"https:\/\/catolicanet.net\/wp-cnet\/sao-valentim-santo-tem-rosto-reconstruido-em-3d-por-brasileiros\/","title":{"rendered":"S\u00e3o Valentim: santo tem rosto reconstru\u00eddo em 3D por brasileiros"},"content":{"rendered":"<p style=\"text-align: justify;\"><img decoding=\"async\" src=\"http:\/\/www.catolicanet.com.br\/images\/stories\/noticias\/rv23254_articolo.jpg\" border=\"0\" align=\"left\" \/>Roma (RV) \u2013 Em 14 de fevereiro se comemora o Dia de S\u00e3o Valentim, condenado e morto por unir casais no sagrado matrim\u00f4nio. No Brasil, os casais apaixonados t\u00eam Santo Ant\u00f4nio como seu padroeiro, mas em pa\u00edses da Europa e nos Estados Unidos, S\u00e3o Valentim \u00e9 considerado o protetor dos namorados. Permanece, por\u00e9m, a mensagem do m\u00e1rtir que, neste ano, ser\u00e1 lembrada por sua imagem, do seu rosto digitalmente reconstru\u00eddo em 3D a partir do cr\u00e2nio.<\/p>\n<p><a href=\"http:\/\/media02.radiovaticana.va\/audio\/audio2\/mp3\/00569871.mp3\">Ou\u00e7a reportagem completa aqui: <\/a><\/p>\n<p>O professor de computa\u00e7\u00e3o gr\u00e1fica de Chapec\u00f3\/SC, C\u00edcero Moraes, \u00e9 o respons\u00e1vel pelo trabalho in\u00e9dito feito com a t\u00e9cnica de reconstru\u00e7\u00e3o facial. O m\u00e9todo utilizado cruza as imagens do cr\u00e2nio do santo com informa\u00e7\u00f5es dos ossos que identificam a ancestralidade de Valentim.<\/p>\n<p>As 250 fotos da rel\u00edquia do santo foram feitas em Roma pelo pesquisador cearense sobre santos, Jos\u00e9 Lu\u00eds Lira. Esse foi o grande diferencial do trabalho, pois, pela primeira vez a coleta foi realizada por quem n\u00e3o \u00e9 especialista na \u00e1rea da computa\u00e7\u00e3o gr\u00e1fica.<\/p>\n<p>Desde a digitaliza\u00e7\u00e3o das imagens, o trabalho durou tr\u00eas meses. Com o aux\u00edlio de um software que faz o dimensionamento espacial, C\u00edcero criou aquela que \u00e9 uma imagem em tr\u00eas dimens\u00f5es do rosto de S\u00e3o Valentim. O material tamb\u00e9m foi encaminhado para an\u00e1lise do Instituto M\u00e9dico Legal do Rio de Janeiro.<\/p>\n<p>A pe\u00e7a ser\u00e1 agora impressa como um busto branco no Centro de Tecnologia da Informa\u00e7\u00e3o Renato Archer em Campinas\/SP para depois passar pelas m\u00e3os de uma artista pl\u00e1stica sacra. Num prazo de dois meses o trabalho final ser\u00e1 apresentado oficialmente no Brasil ou na It\u00e1lia. A certeza \u00e9 que a pe\u00e7a ser\u00e1 entregue \u00e0 Igreja de Santa Maria de Cosmedin, em Roma, onde j\u00e1 est\u00e1 o cr\u00e2nio de S\u00e3o Valentim. As rel\u00edquias, junto \u00e0 face mais coerente poss\u00edvel de como era o santo em vida, poder\u00e3o ser apreciadas por fi\u00e9is que visitar\u00e3o a bas\u00edlica.<\/p>\n<p>C\u00edcero Moraes j\u00e1 trabalhou na reconstru\u00e7\u00e3o da face de 10 santos e beatos cat\u00f3licos de diferentes partes do mundo como o pr\u00f3prio Santo Ant\u00f4nio, Santa Maria Madalena e Madre Paulina. O pr\u00f3ximo trabalho do designer, como antecipa ele mesmo, \u00e9 a reconstru\u00e7\u00e3o do rosto de S\u00e3o Vicente de Paulo, al\u00e9m de outros personagens hist\u00f3ricos da Am\u00e9rica Latina.<\/p>\n<p style=\"text-align: justify;\">\u00a0<\/p>\n<p style=\"text-align: justify;\">Fonte: R\u00e1dio Vaticano<\/p>\n","protected":false},"excerpt":{"rendered":"<p>Roma (RV) \u2013 Em 14 de fevereiro se comemora o Dia de S\u00e3o Valentim, condenado e morto por unir casais no sagrado matrim\u00f4nio. No Brasil, os casais apaixonados t\u00eam Santo Ant\u00f4nio como seu padroeiro, mas em pa\u00edses da Europa e nos Estados Unidos, S\u00e3o Valentim \u00e9 considerado o protetor dos namorados. Permanece, por\u00e9m, a mensagem [&hellip;]<\/p>\n","protected":false},"author":1,"featured_media":20590,"comment_status":"open","ping_status":"open","sticky":false,"template":"","format":"standard","meta":{"footnotes":""},"categories":[3],"tags":[],"class_list":["post-20591","post","type-post","status-publish","format-standard","has-post-thumbnail","hentry","category-vaticano"],"_links":{"self":[{"href":"https:\/\/catolicanet.net\/wp-cnet\/wp-json\/wp\/v2\/posts\/20591","targetHints":{"allow":["GET"]}}],"collection":[{"href":"https:\/\/catolicanet.net\/wp-cnet\/wp-json\/wp\/v2\/posts"}],"about":[{"href":"https:\/\/catolicanet.net\/wp-cnet\/wp-json\/wp\/v2\/types\/post"}],"author":[{"embeddable":true,"href":"https:\/\/catolicanet.net\/wp-cnet\/wp-json\/wp\/v2\/users\/1"}],"replies":[{"embeddable":true,"href":"https:\/\/catolicanet.net\/wp-cnet\/wp-json\/wp\/v2\/comments?post=20591"}],"version-history":[{"count":1,"href":"https:\/\/catolicanet.net\/wp-cnet\/wp-json\/wp\/v2\/posts\/20591\/revisions"}],"predecessor-version":[{"id":27153,"href":"https:\/\/catolicanet.net\/wp-cnet\/wp-json\/wp\/v2\/posts\/20591\/revisions\/27153"}],"wp:featuredmedia":[{"embeddable":true,"href":"https:\/\/catolicanet.net\/wp-cnet\/wp-json\/wp\/v2\/media\/20590"}],"wp:attachment":[{"href":"https:\/\/catolicanet.net\/wp-cnet\/wp-json\/wp\/v2\/media?parent=20591"}],"wp:term":[{"taxonomy":"category","embeddable":true,"href":"https:\/\/catolicanet.net\/wp-cnet\/wp-json\/wp\/v2\/categories?post=20591"},{"taxonomy":"post_tag","embeddable":true,"href":"https:\/\/catolicanet.net\/wp-cnet\/wp-json\/wp\/v2\/tags?post=20591"}],"curies":[{"name":"wp","href":"https:\/\/api.w.org\/{rel}","templated":true}]}}