{"id":20556,"date":"2017-02-13T15:09:43","date_gmt":"2017-02-13T17:09:43","guid":{"rendered":"http:\/\/catolicanet.net\/wp-cnet\/2017\/02\/13\/bispos-da-costa-rica-com-o-papa-inspirados-pelo-exemplo-de-irmao-mais-velho\/"},"modified":"2017-06-02T09:52:44","modified_gmt":"2017-06-02T12:52:44","slug":"bispos-da-costa-rica-com-o-papa-inspirados-pelo-exemplo-de-irmao-mais-velho","status":"publish","type":"post","link":"https:\/\/catolicanet.net\/wp-cnet\/bispos-da-costa-rica-com-o-papa-inspirados-pelo-exemplo-de-irmao-mais-velho\/","title":{"rendered":"Bispos da Costa Rica com o Papa: inspirados pelo exemplo de irm\u00e3o mais velho"},"content":{"rendered":"<p style=\"text-align: justify;\"><img decoding=\"async\" src=\"http:\/\/www.catolicanet.com.br\/images\/stories\/noticias\/ap3859224_articolo.jpg\" border=\"0\" align=\"left\" \/>Cidade do Vaticano (RV) \u2013 O Papa Francisco recebeu os bispos da Costa Rica na manh\u00e3 desta segunda-feira (13), em visita \u201cad Limina\u201d. No encontro foram apresentados relat\u00f3rios sobre a situa\u00e7\u00e3o da Igreja naquele pa\u00eds. O bispo de Puntarenas e presidente da Confer\u00eancia Episcopal da Costa Rica, Dom \u00d3scar Fern\u00e1ndez Guill\u00e9n, abordou as dificuldades e as esperan\u00e7as da comunidade cat\u00f3lica, a come\u00e7ar pela falta de sacerdotes.<\/p>\n<p>Dom \u00d3scar \u2013 Problemas nunca faltam, alguns s\u00e3o grandes e outros pequenos. Dentro da Igreja, por\u00e9m, aquilo que nos preocupa \u00e9 a falta de sacerdotes: precisamos de mais sacerdotes. Isso nos fez pensar e organizar, em cada diocese, a pastoral vocacional que j\u00e1 est\u00e1 dando bons resultados. J\u00e1 tivemos um leve aumento no n\u00famero das voca\u00e7\u00f5es sacerdotais e isso nos d\u00e1 coragem.<\/p>\n<p>Outro problema que preocupa os bispos da Costa Rica e que acaba sendo enfrentado por toda a Igreja da Am\u00e9rica Latina, como confirma Dom \u00d3scar, \u201c\u00e9 a grande quantidade de pessoas batizadas que vivem a pr\u00f3pria vida sem uma experi\u00eancia sacramental e sem participar da miss\u00e3o da Igreja\u201d.<\/p>\n<p>D\u00f3m \u00d3scar \u2013 Estamos fazendo muitos esfor\u00e7os para aplicar um dos princ\u00edpios do Documento de Aparecida, um dos pontos que Papa Francisco tem insistido v\u00e1rias vezes: que a Igreja seja uma Igreja em sa\u00edda para levar, na melhor forma poss\u00edvel e da maneira mais atraente, a alegria do Evangelho. Estamos trabalhando em todas as dioceses e em cada distinta par\u00f3quia com grupos de fi\u00e9is que t\u00eam a f\u00e9 muito viva, que t\u00eam uma boa forma\u00e7\u00e3o, que t\u00eam um zelo mission\u00e1rio muito especial, que est\u00e3o colaborando para testemunhar a vida crist\u00e3 no matrim\u00f4nio, na fam\u00edlia e no trabalho, junto a sacerdotes muito empenhados na sua miss\u00e3o \u2013 mesmo que n\u00e3o sejam muitos.<\/p>\n<p>O magist\u00e9rio do Papa Francisco, assim, serve de farol para os desafios vividos diariamente pelos bispos na Costa Rica, um pa\u00eds que enfrenta a \u201cdeteriora\u00e7\u00e3o do tecido social devido a um incremento da viol\u00eancia e do crime organizado, dominado pelo narcotr\u00e1fico\u201d. Segundo dados da Confer\u00eancia local, foram registrados 560 homic\u00eddios no pa\u00eds em 2015, o que vem a ser considerado pelos bispos uma verdadeira \u201cepidemia\u201d, sobretudo porque \u201cum quarto desses assassinatos foram associados ao narcotr\u00e1fico\u201d.<\/p>\n<p>Entre as causas da viol\u00eancia e de uma \u201csociedade sempre mais agressiva e vingativa\u201d, segundo eles, est\u00e3o os problemas de coes\u00e3o nacional por causa do aumento das desigualdades na distribui\u00e7\u00e3o da riqueza e do modelo de desenvolvimento econ\u00f4mico que n\u00e3o tem como objetivo o ser humano e o bem comum, mas o mercado. Os bispos acreditam na miseric\u00f3rdia como ant\u00eddoto contra a viol\u00eancia e usam da inspira\u00e7\u00e3o pastoral do Santo Padre para enfrentar esses desafios.<\/p>\n<p>Dom \u00d3scar \u2013 Uma coisa que falamos ao Papa durante a visita foi: \u201cObrigado de cora\u00e7\u00e3o pelo Seu servi\u00e7o pastoral e pelo Seu magist\u00e9rio\u201d, rico de gestos e de sinais que refletem a caridade do Pai celestial e a miseric\u00f3rdia do Pastor. N\u00f3s o consideramos um irm\u00e3o mais velho, e esses gestos se transformam para n\u00f3s num exemplo e num est\u00edmulo. Por isso, nosso agradecimento: por esse seu estilo, por essa proximidade coerente \u00e0s pessoas que ele procurou desde o princ\u00edpio \u2013 os mais esquecidos e marginalizados. E para isso nos dirigiu um apelo de refor\u00e7ar esse modo de fazer a pastoral.<\/p>\n<p>Uma a\u00e7\u00e3o concreta da Igreja nos \u00faltimos anos na Costa Rica tem sido acompanhar muitos refugiados da Am\u00e9rica Central, migrantes que querem atravessar as fronteiras para chegar aos Estados Unidos.<\/p>\n<p>Dom \u00d3scar \u2013 Na Costa Rica temos muitos migrantes da Nicar\u00e1gua, os dois pa\u00edses s\u00e3o vizinhos, e ultimamente est\u00e3o chegando migrantes da Col\u00f4mbia e da Venezuela, por exemplo. \u00c9 preciso dizer que as nossas pol\u00edticas sociais migrat\u00f3rias s\u00e3o muito acolhedoras. Esse fen\u00f4meno passou por uma mudan\u00e7a, por\u00e9m, nos \u00faltimos tempos, porque muitos desses migrantes n\u00e3o v\u00eam \u00e0 Costa Rica para ficar, mas para continuar o seu \u00eaxodo em dire\u00e7\u00e3o a outros pa\u00edses, em particular, para o \u201cgigante do Norte\u201d, ou seja, os Estados Unidos. No entanto, os pobres migrantes se viram blocados por um muro quando o governo da Nicar\u00e1gua fechou a fronteira para impedir que essas pessoas passassem pelo pa\u00eds para chegar\u00a0 nos Estados Unidos. Por isso, j\u00e1 h\u00e1 muitos meses a Costa Rica precisou dar asilo e hospitalidade a muitos migrantes provenientes de Cuba, Haiti e outros pa\u00edses da \u00c1frica. Nesse sentido, \u00e9 preciso agradecer o atual governo que agiu com grande humanidade e solidariedade com essas pessoas, e tamb\u00e9m reconhecer que onde quer tenham estado e ainda estejam esses migrantes, os fi\u00e9is crist\u00e3os, motivados pelos seus p\u00e1rocos, tiveram uma m\u00e3o realmente fraterna.<\/p>\n<p style=\"text-align: justify;\">\u00a0<\/p>\n<p style=\"text-align: justify;\">Fonte: R\u00e1dio Vaticano<\/p>\n","protected":false},"excerpt":{"rendered":"<p>Cidade do Vaticano (RV) \u2013 O Papa Francisco recebeu os bispos da Costa Rica na manh\u00e3 desta segunda-feira (13), em visita \u201cad Limina\u201d. No encontro foram apresentados relat\u00f3rios sobre a situa\u00e7\u00e3o da Igreja naquele pa\u00eds. O bispo de Puntarenas e presidente da Confer\u00eancia Episcopal da Costa Rica, Dom \u00d3scar Fern\u00e1ndez Guill\u00e9n, abordou as dificuldades e [&hellip;]<\/p>\n","protected":false},"author":1,"featured_media":20555,"comment_status":"open","ping_status":"open","sticky":false,"template":"","format":"standard","meta":{"footnotes":""},"categories":[3],"tags":[],"class_list":["post-20556","post","type-post","status-publish","format-standard","has-post-thumbnail","hentry","category-vaticano"],"_links":{"self":[{"href":"https:\/\/catolicanet.net\/wp-cnet\/wp-json\/wp\/v2\/posts\/20556","targetHints":{"allow":["GET"]}}],"collection":[{"href":"https:\/\/catolicanet.net\/wp-cnet\/wp-json\/wp\/v2\/posts"}],"about":[{"href":"https:\/\/catolicanet.net\/wp-cnet\/wp-json\/wp\/v2\/types\/post"}],"author":[{"embeddable":true,"href":"https:\/\/catolicanet.net\/wp-cnet\/wp-json\/wp\/v2\/users\/1"}],"replies":[{"embeddable":true,"href":"https:\/\/catolicanet.net\/wp-cnet\/wp-json\/wp\/v2\/comments?post=20556"}],"version-history":[{"count":1,"href":"https:\/\/catolicanet.net\/wp-cnet\/wp-json\/wp\/v2\/posts\/20556\/revisions"}],"predecessor-version":[{"id":27156,"href":"https:\/\/catolicanet.net\/wp-cnet\/wp-json\/wp\/v2\/posts\/20556\/revisions\/27156"}],"wp:featuredmedia":[{"embeddable":true,"href":"https:\/\/catolicanet.net\/wp-cnet\/wp-json\/wp\/v2\/media\/20555"}],"wp:attachment":[{"href":"https:\/\/catolicanet.net\/wp-cnet\/wp-json\/wp\/v2\/media?parent=20556"}],"wp:term":[{"taxonomy":"category","embeddable":true,"href":"https:\/\/catolicanet.net\/wp-cnet\/wp-json\/wp\/v2\/categories?post=20556"},{"taxonomy":"post_tag","embeddable":true,"href":"https:\/\/catolicanet.net\/wp-cnet\/wp-json\/wp\/v2\/tags?post=20556"}],"curies":[{"name":"wp","href":"https:\/\/api.w.org\/{rel}","templated":true}]}}