{"id":20524,"date":"2017-02-13T10:37:33","date_gmt":"2017-02-13T12:37:33","guid":{"rendered":"http:\/\/catolicanet.net\/wp-cnet\/2017\/02\/13\/nossa-mae-negra\/"},"modified":"2017-05-05T09:55:11","modified_gmt":"2017-05-05T12:55:11","slug":"nossa-mae-negra","status":"publish","type":"post","link":"https:\/\/catolicanet.net\/wp-cnet\/nossa-mae-negra\/","title":{"rendered":"Nossa m\u00e3e negra"},"content":{"rendered":"<p style=\"text-align: justify;\">Terminou nesta semana na diocese de Camet\u00e1, PA, mais um congresso do d\u00edzimo. Comemoravam os vinte anos de pr\u00e1tica consciente do D\u00edzimo naquela diocese. Contavam com a presen\u00e7a de Antoninho Tatto, idealizador e companheiro desse movimento evangelizador que h\u00e1 35 anos vem dando novo sentido \u00e0 fidelidade ao d\u00edzimo dentro do catolicismo, atrav\u00e9s do MEAC, grupo de leigos evangelizadores do qual tamb\u00e9m fa\u00e7o parte. Temos, pois algo em comum a partilhar, pois 35 anos pregando sobre esse assunto&#8230;<br \/> Bem, n\u00e3o quero aqui me parecer dono de uma verdade ou doutor no assunto. N\u00e3o \u00e9 essa a raz\u00e3o da minha partilha, hoje. Mesmo porque algumas linhas n\u00e3o seriam suficientes para lhes narrar, com fidelidade, tudo o que nos aconteceu e vem acontecendo ao longo desses anos todos, n\u00e3o s\u00f3 no campo pessoal, comunit\u00e1rio; n\u00e3o s\u00f3 na igreja do Brasil, mas h\u00e1 muito extrapolando fronteiras e nos desafiando a ir em frente, sempre em frente, apesar das cr\u00edticas, apesar das incompreens\u00f5es, da ironia, de tudo&#8230; Pregar sobre o d\u00edzimo com coer\u00eancia, sem distor\u00e7\u00f5es, sem r\u00f3tulos disso ou daquilo, \u00e9 realmente um desafio. Mas, decorridos tantos anos, n\u00f3s do MEAC temos apenas uma obriga\u00e7\u00e3o: levantar nossos bra\u00e7os em louvor e dizer com humildade: obrigado, Deus, por ter nos usado dessa forma.<br \/> O que motiva, afinal, esse momento de gratid\u00e3o? Aquilo que Tatto presenciou em Camet\u00e1 e, instantaneamente, partilhou com o grupo atrav\u00e9s de nossa rede de comunica\u00e7\u00f5es internas. Quatro fotos! Ao fundo a esta\u00e7\u00e3o Tucum\u00e3 de Camet\u00e1. No centro, dezenas de jovens enfileirados, seguindo um manto vermelho a lembrar uma art\u00e9ria do cora\u00e7\u00e3o humano, &#8211; aquela que irriga, bombeia e devolve o precioso l\u00edquido da vida. Tudo bem representativo ao lembrar o cora\u00e7\u00e3o da partilha que hoje representa essa pastoral nas igrejas onde d\u00edzimo \u00e9 uma pr\u00e1tica sadia e libert\u00e1ria, mas que nos assusta ao deparar com a imagem da jovem \u00e0 frente dessa prociss\u00e3o. Bela e sorridente, ela se veste totalmente de negro. E a legenda conclui: \u201cVejam a\u00ed, retratando Nossa Senhora do D\u00edzimo\u201d. Ent\u00e3o me dei conta de algo: a negritude do manto de Maria: Meu Deus, voc\u00ea \u00e9 totalmente negra! O que isso quer nos dizer?<br \/> Pois \u00e9, Fonseca. Veja aonde sua santinha j\u00e1 chegou! Para quem desconhece mais esse t\u00edtulo de Maria, explico rapidamente. Estando em trabalho de anima\u00e7\u00e3o do d\u00edzimo em Mo\u00e7ambique, Fonseca e Bruno, dois outros dos nossos, encantaram-se com a imagem negra da M\u00e3e, esculpida em madeira t\u00edpica daquele continente, o \u00e9bano. De cor negra e extremamente maci\u00e7a, a imagem foi doada aos mission\u00e1rios que a batizaram imediatamente como Nossa Senhora do D\u00edzimo. Passou a acompanhar as prega\u00e7\u00f5es do Fonseca e logo recebeu permiss\u00e3o de D. Fernando Figueiredo, ent\u00e3o bispo de Santo Amaro, para ser invocada sob o t\u00edtulo sugerido. S\u00e3o muitos os milagres que essa invoca\u00e7\u00e3o tem realizado, mas esse assunto focaremos mais adiante.<br \/> Por enquanto, fica o eco de minha exclama\u00e7\u00e3o diante da alegria que aquelas fotos proporcionaram a todos n\u00f3s. \u201cMeu Deus, voc\u00ea \u00e9 negra\u201d. A mesma constata\u00e7\u00e3o do autor de Deus Negro, outro dos nossos. A constata\u00e7\u00e3o mais que natural daqueles que conhecem o milagre das cores, o disco de Newton, a mistura de tons e ra\u00e7as, a soma disso tudo, que ao final resultar\u00e1 apenas e t\u00e3o somente numa negritude total. Sim, a soma de todas as cores, a mistura destas, resultar\u00e1 na cor negra. Sim, a negritude de Maria, o anonimato desta ao ordenar que segu\u00edssemos apenas os ensinamentos de seu filho, que fiz\u00e9ssemos apenas o que Ele nos mandasse, resulta no encanto do \u00e9bano talhado por um an\u00f4nimo do povo: Nossa Senhora do D\u00edzimo.<br \/> Apenas e t\u00e3o somente para nos dizer, hoje: O D\u00edzimo \u00e9 a soma de tudo o que temos e somos que se coloca anonimamente num recipiente comum: a comunidade. Esta lhe devolver\u00e1 as cores iniciais, atrav\u00e9s de a\u00e7\u00f5es concretas nas dimens\u00f5es comunit\u00e1ria, social e mission\u00e1ria de nossos d\u00edzimos.<\/p>\n","protected":false},"excerpt":{"rendered":"<p>Terminou nesta semana na diocese de Camet\u00e1, PA, mais um congresso do d\u00edzimo. Comemoravam os vinte anos de pr\u00e1tica consciente do D\u00edzimo naquela diocese. Contavam com a presen\u00e7a de Antoninho Tatto, idealizador e companheiro desse movimento evangelizador que h\u00e1 35 anos vem dando novo sentido \u00e0 fidelidade ao d\u00edzimo dentro do catolicismo, atrav\u00e9s do MEAC, [&hellip;]<\/p>\n","protected":false},"author":17,"featured_media":0,"comment_status":"open","ping_status":"open","sticky":false,"template":"","format":"standard","meta":{"footnotes":""},"categories":[9],"tags":[],"class_list":["post-20524","post","type-post","status-publish","format-standard","hentry","category-artigos"],"_links":{"self":[{"href":"https:\/\/catolicanet.net\/wp-cnet\/wp-json\/wp\/v2\/posts\/20524","targetHints":{"allow":["GET"]}}],"collection":[{"href":"https:\/\/catolicanet.net\/wp-cnet\/wp-json\/wp\/v2\/posts"}],"about":[{"href":"https:\/\/catolicanet.net\/wp-cnet\/wp-json\/wp\/v2\/types\/post"}],"author":[{"embeddable":true,"href":"https:\/\/catolicanet.net\/wp-cnet\/wp-json\/wp\/v2\/users\/17"}],"replies":[{"embeddable":true,"href":"https:\/\/catolicanet.net\/wp-cnet\/wp-json\/wp\/v2\/comments?post=20524"}],"version-history":[{"count":1,"href":"https:\/\/catolicanet.net\/wp-cnet\/wp-json\/wp\/v2\/posts\/20524\/revisions"}],"predecessor-version":[{"id":21036,"href":"https:\/\/catolicanet.net\/wp-cnet\/wp-json\/wp\/v2\/posts\/20524\/revisions\/21036"}],"wp:attachment":[{"href":"https:\/\/catolicanet.net\/wp-cnet\/wp-json\/wp\/v2\/media?parent=20524"}],"wp:term":[{"taxonomy":"category","embeddable":true,"href":"https:\/\/catolicanet.net\/wp-cnet\/wp-json\/wp\/v2\/categories?post=20524"},{"taxonomy":"post_tag","embeddable":true,"href":"https:\/\/catolicanet.net\/wp-cnet\/wp-json\/wp\/v2\/tags?post=20524"}],"curies":[{"name":"wp","href":"https:\/\/api.w.org\/{rel}","templated":true}]}}