{"id":20489,"date":"2017-02-09T10:21:59","date_gmt":"2017-02-09T12:21:59","guid":{"rendered":"http:\/\/catolicanet.net\/wp-cnet\/2017\/02\/09\/papa-sem-a-mulher-nao-ha-harmonia-no-mundo\/"},"modified":"2017-06-02T13:49:36","modified_gmt":"2017-06-02T16:49:36","slug":"papa-sem-a-mulher-nao-ha-harmonia-no-mundo","status":"publish","type":"post","link":"https:\/\/catolicanet.net\/wp-cnet\/papa-sem-a-mulher-nao-ha-harmonia-no-mundo\/","title":{"rendered":"Papa: sem a mulher n\u00e3o h\u00e1 harmonia no mundo"},"content":{"rendered":"<p style=\"text-align: justify;\"><img decoding=\"async\" src=\"http:\/\/www.catolicanet.com.br\/images\/stories\/papas\/1901526_articolo.jpg\" border=\"0\" align=\"left\" \/>Cidade do Vaticano (RV) \u2013 O Papa iniciou suas atividades nesta quinta-feira (09\/02) celebrando a missa na capela da Casa Marta. \u201cSem a mulher n\u00e3o harmonia no mundo\u201d, disse o Papa na homilia, centralizada na figura da mulher a partir da Cria\u00e7\u00e3o narrada no Livro do G\u00eanesis.<\/p>\n<p>O homem estava s\u00f3, ent\u00e3o o Senhor lhe tirou uma costela e fez a mulher, que o homem reconheceu como carne de sua carne. \u201cMas antes de v\u00ea-la \u2013 disse o Papa \u2013 a sonhou\u201d: \u201cpara entender uma mulher \u00e9 necess\u00e1rio antes sonh\u00e1-la\u201d, explicou Francisco.<\/p>\n<p>\u201cMuitas vezes, quando n\u00f3s falamos das mulheres falamos de modo funcional: \u201cmas a mulher \u00e9 para fazer isto, quando \u2013 ao inv\u00e9s \u2013 a mulher traz \u201cuma riqueza que o homem e toda a cria\u00e7\u00e3o e todos os animais n\u00e3o t\u00eam\u201d: a mulher traz harmonia \u00e0 Cria\u00e7\u00e3o, somente com a mulher Ad\u00e3o podia ser uma \u00fanica carne:<\/p>\n<p>\u201cQuando n\u00e3o h\u00e1 mulher, falta a harmonia. N\u00f3s dizemos, falando: mas esta \u00e9 uma sociedade com uma forte atitude masculina, e isto, n\u00e3o? Falta a mulher. \u2018Sim, sim: a mulher \u00e9 para lavar a lou\u00e7a, para fazer\u2026\u2019 N\u00e3o, n\u00e3o, n\u00e3o: a mulher \u00e9 para trazer harmonia. Sem a mulher n\u00e3o h\u00e1 harmonia. N\u00e3o s\u00e3o iguais, n\u00e3o s\u00e3o um superior ao outro: n\u00e3o. S\u00f3 que o homem n\u00e3o traz harmonia: \u00e9 ela. \u00c9 ela que traz a harmonia, que nos ensina a acariciar, a amar com ternura e que faz do mundo uma coisa bela\u201d.<\/p>\n<p>A homilia de Francisco se desenvolveu em tr\u00eas temas: a solid\u00e3o do homem, o sonho, porque n\u00e3o se entende uma mulher sem sonh\u00e1-la antes, e o terceiro, o destino dos dois: ser \u201cuma s\u00f3 carne\u201d. O Papa citou um exemplo concreto. Contou quando numa audi\u00eancia, enquanto saudava as pessoas, perguntou a um casal que celebrava 60 anos de matrim\u00f4nio: Qual de voc\u00eas teve mais paci\u00eancia?\u201d<\/p>\n<p>\u201cEles que me olhavam, se olharam nos olhos, n\u00e3o me esque\u00e7o nunca daqueles olhos, hein? Depois voltaram e me disseram os dois juntos: Somos apaixonados! Depois de 60 anos, isto significa uma s\u00f3 carne. Isso \u00e9 o que traz a mulher: a capacidade de se apaixonar. A harmonia ao mundo. Muitas vezes, ouvimos: N\u00e3o, \u00e9 necess\u00e1rio que nesta sociedade, nesta institui\u00e7\u00e3o, que aqui tenha uma mulher para que fa\u00e7a isso ou aquilo. N\u00e3o, n\u00e3o! A funcionalidade n\u00e3o \u00e9 o objetivo da mulher. \u00c9 verdade que a mulher deve fazer coisas e faz coisas, como todos n\u00f3s fazemos. O objetivo da mulher \u00e9 criar harmonia e sem a mulher n\u00e3o h\u00e1 harmonia no mundo. Explorar as pessoas \u00e9 um crime que lesa a humanidade: \u00e9 verdade. Mas explorar uma mulher \u00e9 algo ainda pior: \u00e9 destruir a harmonia que Deus quis dar ao mundo. \u00c9 destruir.\u201d<\/p>\n<p>Explorar uma mulher n\u00e3o \u00e9 somente \u201cum crime\u201d, mas \u00e9 \u201cdestruir a harmonia\u201d, reiterou Francisco que fez refer\u00eancia tamb\u00e9m ao Evangelho de hoje onde se fala da mulher s\u00edrio-fen\u00edcia. E concluiu com uma observa\u00e7\u00e3o pessoal: <\/p>\n<p>\u201cEste \u00e9 o grande dom de Deus: nos deu a mulher. No Evangelho, ouvimos do que \u00e9 capaz uma mulher, hein? Aquela \u00e9 corajosa! Foi adiante com coragem. Mas \u00e9 algo mais: a mulher \u00e9 a harmonia, \u00e9 a poesia, \u00e9 a beleza. Sem ela o mundo n\u00e3o seria bonito, n\u00e3o seria harm\u00f4nico. Gosto de pensar, mas isso \u00e9 algo pessoal, que Deus criou a mulher para que todos n\u00f3s tiv\u00e9ssemos uma m\u00e3e.\u201d<\/p>\n<p style=\"text-align: justify;\">\u00a0<\/p>\n<p style=\"text-align: justify;\">Fonte: R\u00e1dio Vaticano<\/p>\n","protected":false},"excerpt":{"rendered":"<p>Cidade do Vaticano (RV) \u2013 O Papa iniciou suas atividades nesta quinta-feira (09\/02) celebrando a missa na capela da Casa Marta. \u201cSem a mulher n\u00e3o harmonia no mundo\u201d, disse o Papa na homilia, centralizada na figura da mulher a partir da Cria\u00e7\u00e3o narrada no Livro do G\u00eanesis. O homem estava s\u00f3, ent\u00e3o o Senhor lhe [&hellip;]<\/p>\n","protected":false},"author":1,"featured_media":20488,"comment_status":"open","ping_status":"open","sticky":false,"template":"","format":"standard","meta":{"footnotes":""},"categories":[3],"tags":[],"class_list":["post-20489","post","type-post","status-publish","format-standard","has-post-thumbnail","hentry","category-vaticano"],"_links":{"self":[{"href":"https:\/\/catolicanet.net\/wp-cnet\/wp-json\/wp\/v2\/posts\/20489","targetHints":{"allow":["GET"]}}],"collection":[{"href":"https:\/\/catolicanet.net\/wp-cnet\/wp-json\/wp\/v2\/posts"}],"about":[{"href":"https:\/\/catolicanet.net\/wp-cnet\/wp-json\/wp\/v2\/types\/post"}],"author":[{"embeddable":true,"href":"https:\/\/catolicanet.net\/wp-cnet\/wp-json\/wp\/v2\/users\/1"}],"replies":[{"embeddable":true,"href":"https:\/\/catolicanet.net\/wp-cnet\/wp-json\/wp\/v2\/comments?post=20489"}],"version-history":[{"count":1,"href":"https:\/\/catolicanet.net\/wp-cnet\/wp-json\/wp\/v2\/posts\/20489\/revisions"}],"predecessor-version":[{"id":27166,"href":"https:\/\/catolicanet.net\/wp-cnet\/wp-json\/wp\/v2\/posts\/20489\/revisions\/27166"}],"wp:featuredmedia":[{"embeddable":true,"href":"https:\/\/catolicanet.net\/wp-cnet\/wp-json\/wp\/v2\/media\/20488"}],"wp:attachment":[{"href":"https:\/\/catolicanet.net\/wp-cnet\/wp-json\/wp\/v2\/media?parent=20489"}],"wp:term":[{"taxonomy":"category","embeddable":true,"href":"https:\/\/catolicanet.net\/wp-cnet\/wp-json\/wp\/v2\/categories?post=20489"},{"taxonomy":"post_tag","embeddable":true,"href":"https:\/\/catolicanet.net\/wp-cnet\/wp-json\/wp\/v2\/tags?post=20489"}],"curies":[{"name":"wp","href":"https:\/\/api.w.org\/{rel}","templated":true}]}}