{"id":20474,"date":"2017-02-08T13:07:34","date_gmt":"2017-02-08T15:07:34","guid":{"rendered":"http:\/\/catolicanet.net\/wp-cnet\/2017\/02\/08\/cardeal-tempesta-fala-sobre-educacao-catolica-e-carnaval-no-rio\/"},"modified":"2017-06-02T10:00:25","modified_gmt":"2017-06-02T13:00:25","slug":"cardeal-tempesta-fala-sobre-educacao-catolica-e-carnaval-no-rio","status":"publish","type":"post","link":"https:\/\/catolicanet.net\/wp-cnet\/cardeal-tempesta-fala-sobre-educacao-catolica-e-carnaval-no-rio\/","title":{"rendered":"Cardeal Tempesta fala sobre educa\u00e7\u00e3o cat\u00f3lica e carnaval no Rio"},"content":{"rendered":"<p style=\"text-align: justify;\"><img decoding=\"async\" src=\"http:\/\/www.catolicanet.com.br\/images\/stories\/bispos\/1496770_articolo.jpg\" border=\"0\" align=\"left\" \/>Cidade do Vaticano (RV) \u2013 Teve in\u00edcio nesta ter\u00e7a-feira (07\/02), no Vaticano, a Plen\u00e1ria da Congrega\u00e7\u00e3o para a Educa\u00e7\u00e3o Cat\u00f3lica.<\/p>\n<p>Um dos membros desta Congrega\u00e7\u00e3o \u00e9 o Arcebispo do Rio de Janeiro, Cardeal Orani Jo\u00e3o Tempesta.<\/p>\n<p>Dom Orani fez nesta segunda-feira uma visita \u00e0 R\u00e1dio Vaticano e ser\u00e1 o nosso convidado no Programa Em Romaria, na pr\u00f3xima quinta-feira.<\/p>\n<p>Ele conversou conosco sobre a sua presen\u00e7a em Roma. (SP)<\/p>\n<p style=\"text-align: justify;\"><a href=\"http:\/\/media02.radiovaticana.va\/audio\/audio2\/mp3\/00568945.mp3\">Clique aqui para ouvir:<\/a><\/p>\n<p style=\"text-align: justify;\"><a href=\"https:\/\/www.youtube.com\/watch?v=aG2LnK3iofM\">Clique aqui para assistir o v\u00eddeo:<\/a><\/p>\n<p style=\"text-align: justify;\">\u00a0<\/p>\n<p style=\"text-align: justify;\">Fonte: R\u00e1dio Vaticano<\/p>\n","protected":false},"excerpt":{"rendered":"<p>Cidade do Vaticano (RV) \u2013 Teve in\u00edcio nesta ter\u00e7a-feira (07\/02), no Vaticano, a Plen\u00e1ria da Congrega\u00e7\u00e3o para a Educa\u00e7\u00e3o Cat\u00f3lica. Um dos membros desta Congrega\u00e7\u00e3o \u00e9 o Arcebispo do Rio de Janeiro, Cardeal Orani Jo\u00e3o Tempesta. Dom Orani fez nesta segunda-feira uma visita \u00e0 R\u00e1dio Vaticano e ser\u00e1 o nosso convidado no Programa Em Romaria, [&hellip;]<\/p>\n","protected":false},"author":1,"featured_media":20473,"comment_status":"open","ping_status":"open","sticky":false,"template":"","format":"standard","meta":{"footnotes":""},"categories":[3],"tags":[],"class_list":["post-20474","post","type-post","status-publish","format-standard","has-post-thumbnail","hentry","category-vaticano"],"_links":{"self":[{"href":"https:\/\/catolicanet.net\/wp-cnet\/wp-json\/wp\/v2\/posts\/20474","targetHints":{"allow":["GET"]}}],"collection":[{"href":"https:\/\/catolicanet.net\/wp-cnet\/wp-json\/wp\/v2\/posts"}],"about":[{"href":"https:\/\/catolicanet.net\/wp-cnet\/wp-json\/wp\/v2\/types\/post"}],"author":[{"embeddable":true,"href":"https:\/\/catolicanet.net\/wp-cnet\/wp-json\/wp\/v2\/users\/1"}],"replies":[{"embeddable":true,"href":"https:\/\/catolicanet.net\/wp-cnet\/wp-json\/wp\/v2\/comments?post=20474"}],"version-history":[{"count":1,"href":"https:\/\/catolicanet.net\/wp-cnet\/wp-json\/wp\/v2\/posts\/20474\/revisions"}],"predecessor-version":[{"id":27170,"href":"https:\/\/catolicanet.net\/wp-cnet\/wp-json\/wp\/v2\/posts\/20474\/revisions\/27170"}],"wp:featuredmedia":[{"embeddable":true,"href":"https:\/\/catolicanet.net\/wp-cnet\/wp-json\/wp\/v2\/media\/20473"}],"wp:attachment":[{"href":"https:\/\/catolicanet.net\/wp-cnet\/wp-json\/wp\/v2\/media?parent=20474"}],"wp:term":[{"taxonomy":"category","embeddable":true,"href":"https:\/\/catolicanet.net\/wp-cnet\/wp-json\/wp\/v2\/categories?post=20474"},{"taxonomy":"post_tag","embeddable":true,"href":"https:\/\/catolicanet.net\/wp-cnet\/wp-json\/wp\/v2\/tags?post=20474"}],"curies":[{"name":"wp","href":"https:\/\/api.w.org\/{rel}","templated":true}]}}