{"id":20466,"date":"2017-02-08T12:17:32","date_gmt":"2017-02-08T14:17:32","guid":{"rendered":"http:\/\/catolicanet.net\/wp-cnet\/2017\/02\/08\/perto-de-ser-beatificado-padre-vitor-coelho-sera-lembrado-em-romaria\/"},"modified":"2017-05-30T16:18:49","modified_gmt":"2017-05-30T19:18:49","slug":"perto-de-ser-beatificado-padre-vitor-coelho-sera-lembrado-em-romaria","status":"publish","type":"post","link":"https:\/\/catolicanet.net\/wp-cnet\/perto-de-ser-beatificado-padre-vitor-coelho-sera-lembrado-em-romaria\/","title":{"rendered":"Perto de ser beatificado, Padre Vitor Coelho ser\u00e1 lembrado em romaria"},"content":{"rendered":"<p style=\"text-align: justify;\"><img decoding=\"async\" src=\"http:\/\/www.catolicanet.com.br\/images\/stories\/padres\/cdm_pe_vitor_coelho_de_almeida.jpg\" border=\"0\" align=\"left\" \/>Padre Vitor Coelho de Almeida<\/p>\n<p>Devotos e admiradores do Servo de Deus Padre V\u00edtor Coelho de Almeida v\u00e3o celebrar o carisma e as obras do sacerdote, al\u00e9m de sua fervorosa devo\u00e7\u00e3o a Nossa Senhora Aparecida durante a 6\u00aa edi\u00e7\u00e3o da romaria que homenageia o religioso. A peregrina\u00e7\u00e3o, que acontece no pr\u00f3ximo s\u00e1bado (11), ser\u00e1 antecedida por um tr\u00edduo, celebrado de 8 a 10 de fevereiro. A expectativa \u00e9 de que 47 mil romeiros passem pelo Santu\u00e1rio s\u00f3 no dia da festa que recorda o &#8216;Ap\u00f3stolo de Aparecida&#8217;.<\/p>\n<p>Criada em 2012, para fazer a mem\u00f3ria das virtudes, do valor e de tudo aquilo que o Servo de Deus representa para o povo brasileiro, a Romaria ganha uma nova motiva\u00e7\u00e3o este ano, quando se comemoram 30 anos da morte do Mission\u00e1rio Redentorista. Al\u00e9m disso, o bom andamento da Causa Beatifica\u00e7\u00e3o do Padre V\u00edtor, que completa 20 anos em 2017 ser\u00e1 celebrado de forma especial.<\/p>\n<p>Com o tema &#8220;Padre V\u00edtor Coelho de Almeida &#8211; Uma vida dedicada ao an\u00fancio da Reden\u00e7\u00e3o&#8221;, a peregrina\u00e7\u00e3o conta com um tr\u00edduo que ser\u00e1 realizado na Matriz-Bas\u00edlica de Nossa Senhora Aparecida, local onde por muitos anos, o religioso acolheu os devotos da Padroeira do Brasil e realizou suas missas e prega\u00e7\u00f5es. O templo tamb\u00e9m fica pr\u00f3ximo ao Memorial Redentorista, local onde est\u00e1 o t\u00famulo que guarda os restos mortais do sacerdote.<\/p>\n<p>:: Padre Vitor Coelho: Um Ap\u00f3stolo do Povo<\/p>\n<p>:: Romaria lembra apostolado do mission\u00e1rio Padre V\u00edtor Coelho de Almeida<\/p>\n<p>A caminho dos altares &#8211; Em julho de 2016, a Causa de Beatifica\u00e7\u00e3o do Redentorista ganhou novo vigor com a investiga\u00e7\u00e3o sobre um poss\u00edvel milagre atribu\u00eddo \u00e0 sua intercess\u00e3o. O fen\u00f4meno aconteceu em Ribeir\u00e3o Preto (SP) h\u00e1 23 anos. Na ocasi\u00e3o, uma devota do &#8220;Ap\u00f3stolo de Aparecida&#8221;, atribuiu ao religioso o \u00eaxito de uma gravidez complicada e com risco de vida.<\/p>\n<p>Investigado em 37 dias pelo Tribunal da Arquidiocese de Ribeir\u00e3o Preto entre julho e agosto do \u00faltimo ano, o poss\u00edvel milagre recebeu sinal verde de um dos m\u00e9dicos do Vaticano, o que aumenta a possibilidade de uma poss\u00edvel beatifica\u00e7\u00e3o em breve.<\/p>\n<p>&#8220;Foi realizado um estudo sobre milagres que possivelmente, por intercess\u00e3o do Padre V\u00edtor, tenham acontecido. N\u00f3s detectamos tr\u00eas acontecimentos, sendo que um deles j\u00e1 recebeu uma aprova\u00e7\u00e3o de um importante m\u00e9dico da Causa dos Santos, no Vaticano. Podemos dizer que neste momento o Processo j\u00e1 est\u00e1 quase no final de todas as an\u00e1lises. Por isso, esperamos que a Igreja o declare beato num primeiro momento&#8221;, explica o vice-postulador da Causa, Dom Darci Jos\u00e9 Nicioli.<\/p>\n<p>As novidades que envolvem o caminho de Padre Vitor aos altares sinalizam para um avan\u00e7o significativo com sua beatifica\u00e7\u00e3o. Os documentos, que atualmente est\u00e3o na Congrega\u00e7\u00e3o para a Causa dos Santos, no Vaticano, est\u00e3o na fase final de an\u00e1lise. Enquanto isso, o dicast\u00e9rio romano est\u00e1 elaborando a Positio super Virtutibus, documento que resume as virtudes e a fama de santidade do candidato \u00e0 beatifica\u00e7\u00e3o. A partir deste documento, e com a comprova\u00e7\u00e3o do milagre, o Papa proclama a beatitude do Servo de Deus.<\/p>\n<p>Apesar disso, a expectativa \u00e9 de que a cerim\u00f4nia que inscrever\u00e1 o Ap\u00f3stolo de Aparecida no Livro dos Beatos n\u00e3o aconte\u00e7a neste ano.<\/p>\n<p>&#8220;Nosso desejo era de que a beatifica\u00e7\u00e3o acontecesse em 2017, quando se celebram os 300 anos do encontro da Imagem da Padroeira do Brasil. Por\u00e9m, como o processo \u00e9 longo e s\u00e9rio, envolvendo m\u00e9dicos, especialistas e canonistas, n\u00e3o sabemos se ser\u00e1 poss\u00edvel. Mais importante do que a rapidez, \u00e9 saber que o Padre Vitor j\u00e1 \u00e9 aclamado como santo pelo povo, e ser\u00e1 beatificado quando for da vontade da Igreja. Sabemos, contudo, que a data chegar\u00e1 em breve&#8221; , afirma Dom Darci.<\/p>\n<p style=\"text-align: justify;\">\u00a0<\/p>\n<p style=\"text-align: justify;\">Fonte: Santu\u00e1rio Nacional<\/p>\n","protected":false},"excerpt":{"rendered":"<p>Padre Vitor Coelho de Almeida Devotos e admiradores do Servo de Deus Padre V\u00edtor Coelho de Almeida v\u00e3o celebrar o carisma e as obras do sacerdote, al\u00e9m de sua fervorosa devo\u00e7\u00e3o a Nossa Senhora Aparecida durante a 6\u00aa edi\u00e7\u00e3o da romaria que homenageia o religioso. A peregrina\u00e7\u00e3o, que acontece no pr\u00f3ximo s\u00e1bado (11), ser\u00e1 antecedida [&hellip;]<\/p>\n","protected":false},"author":1,"featured_media":20465,"comment_status":"open","ping_status":"open","sticky":false,"template":"","format":"standard","meta":{"footnotes":""},"categories":[4],"tags":[],"class_list":["post-20466","post","type-post","status-publish","format-standard","has-post-thumbnail","hentry","category-cotidiano"],"_links":{"self":[{"href":"https:\/\/catolicanet.net\/wp-cnet\/wp-json\/wp\/v2\/posts\/20466","targetHints":{"allow":["GET"]}}],"collection":[{"href":"https:\/\/catolicanet.net\/wp-cnet\/wp-json\/wp\/v2\/posts"}],"about":[{"href":"https:\/\/catolicanet.net\/wp-cnet\/wp-json\/wp\/v2\/types\/post"}],"author":[{"embeddable":true,"href":"https:\/\/catolicanet.net\/wp-cnet\/wp-json\/wp\/v2\/users\/1"}],"replies":[{"embeddable":true,"href":"https:\/\/catolicanet.net\/wp-cnet\/wp-json\/wp\/v2\/comments?post=20466"}],"version-history":[{"count":1,"href":"https:\/\/catolicanet.net\/wp-cnet\/wp-json\/wp\/v2\/posts\/20466\/revisions"}],"predecessor-version":[{"id":24763,"href":"https:\/\/catolicanet.net\/wp-cnet\/wp-json\/wp\/v2\/posts\/20466\/revisions\/24763"}],"wp:featuredmedia":[{"embeddable":true,"href":"https:\/\/catolicanet.net\/wp-cnet\/wp-json\/wp\/v2\/media\/20465"}],"wp:attachment":[{"href":"https:\/\/catolicanet.net\/wp-cnet\/wp-json\/wp\/v2\/media?parent=20466"}],"wp:term":[{"taxonomy":"category","embeddable":true,"href":"https:\/\/catolicanet.net\/wp-cnet\/wp-json\/wp\/v2\/categories?post=20466"},{"taxonomy":"post_tag","embeddable":true,"href":"https:\/\/catolicanet.net\/wp-cnet\/wp-json\/wp\/v2\/tags?post=20466"}],"curies":[{"name":"wp","href":"https:\/\/api.w.org\/{rel}","templated":true}]}}