{"id":20445,"date":"2017-02-07T13:12:34","date_gmt":"2017-02-07T15:12:34","guid":{"rendered":"http:\/\/catolicanet.net\/wp-cnet\/2017\/02\/07\/padre-joao-schiavo-sera-beatificado-em-caxias-do-sul-rs\/"},"modified":"2017-05-26T11:47:30","modified_gmt":"2017-05-26T14:47:30","slug":"padre-joao-schiavo-sera-beatificado-em-caxias-do-sul-rs","status":"publish","type":"post","link":"https:\/\/catolicanet.net\/wp-cnet\/padre-joao-schiavo-sera-beatificado-em-caxias-do-sul-rs\/","title":{"rendered":"Padre Jo\u00e3o Schiavo ser\u00e1 beatificado em Caxias do Sul (RS)"},"content":{"rendered":"<p style=\"text-align: justify;\"><img decoding=\"async\" src=\"http:\/\/www.catolicanet.com.br\/images\/stories\/noticias\/padrejoo.jpg\" border=\"0\" align=\"left\" \/>Solenidade contar\u00e1 com representante do Vaticano, lideran\u00e7as eclesiais do Brasil e devotos<\/p>\n<p>O Vaticano confirmou a data da beatifica\u00e7\u00e3o do padre Jo\u00e3o Schiavo, para o dia 28 de outubro de 2017. A celebra\u00e7\u00e3o ser\u00e1 presidida pelo Prefeito da Congrega\u00e7\u00e3o das Causas dos Santos, cardeal Angelo Amato e ser\u00e1 realizada em Caxias do Sul (RS). O evento \u00e9 organizado pela Congrega\u00e7\u00e3o das Irm\u00e3s Murialdinas de S\u00e3o Jos\u00e9 e a Congrega\u00e7\u00e3o dos Josefinos de Murialdo, juntamente com a Associa\u00e7\u00e3o dos Amigos do Padre Jo\u00e3o Schiavo.<\/p>\n<p>Milhares de pessoas de todo o Brasil e do exterior s\u00e3o esperadas para o evento religioso. Da Argentina, onde h\u00e1 a presen\u00e7a dos Josefinos e Murialdinas, chegar\u00e3o dois avi\u00f5es, informa irm\u00e3 Leda Borelli, que vive em Mendoza e atua como divulgadora do padre Jo\u00e3o Schiavo.<\/p>\n<p>O postulador da Causa de Beatifica\u00e7\u00e3o, padre Orides Ballardin, considera que o processo de beatifica\u00e7\u00e3o do padre Jo\u00e3o Schiavo foi relativamente r\u00e1pido. \u201cIniciou em 2001 e rec\u00e9m celebramos os 50 anos de morte do padre Jo\u00e3o Schiavo e, logo mais, exatamente em outubro, quando ser\u00e1 a beatifica\u00e7\u00e3o completar\u00e1 20 anos do reconhecido do milagre\u201d, recorda.<\/p>\n<p>O processo <\/p>\n<p>A causa de beatifica\u00e7\u00e3o do padre Jo\u00e3o Schiavo, foi introduzida na diocese de Caxias do Sul pelo bispo dom Paulo Moretto, em agosto de 2001. Neste mesmo ano, foi aberto o processo diocesano sobre a vida, virtude e a fama de santidade do padre Jo\u00e3o Schiavo, sendo conclu\u00eddo em outubro de 2003 e entregue ao Vaticano, em novembro do mesmo ano.<\/p>\n<p>Em 2009, foi instaurado novo processo na diocese para analisar a cura de Juvelino Carra, morador de Caxias do Sul (RS) que sofreu uma trombose intestinal. Em dezembro de 2015, ap\u00f3s ter recebido o parecer da Comiss\u00e3o de Cardeais que analisou o Livro sobre a Vida, Virtudes e Fama do Servo de Deus, o papa Francisco decretou a venerabilidade do padre Jo\u00e3o Schiavo. <\/p>\n<p>No dia 1\u00ba de dezembro de 2016, o pont\u00edfice, autorizou a Congrega\u00e7\u00e3o das Causas dos Santos a promulgar o Decreto de Reconhecimento do Milagre de cura de Juvelino Carra, pela intercess\u00e3o do Servo de Deus, padre Jo\u00e3o Schiavo.<\/p>\n<p>Biografia<\/p>\n<p>O sacerdote, da Congrega\u00e7\u00e3o dos Josefinos de Murialdo, nasceu na It\u00e1lia, em Sant\u2019Urbano de Montecchio Maggiore (VI), no dia 8 de julho de 1903 e desde crian\u00e7a desejava ser padre. Entrou na Congrega\u00e7\u00e3o dos Josefinos de Murialdo e, em 1919, fez sua primeira profiss\u00e3o religiosa. No dia 10 de julho de 1927, com 24 anos, foi ordenado sacerdote. Quatro anos depois, realizando seu desejo de ser mission\u00e1rio e seguindo a ordem da obedi\u00eancia, partiu para o Brasil, chegando em Jaguar\u00e3o (RS), no dia 05 de setembro de 1931 e de l\u00e1, poucas semanas depois para Caxias do Sul (RS), mais especificamente em Ana Rech para se dedicar a anima\u00e7\u00e3o e forma\u00e7\u00e3o dos candidatos para a Congrega\u00e7\u00e3o dos Josefinos de Murialdo.<\/p>\n<p>Desde que chegou em solo brasileiro, padre Jo\u00e3o desenvolveu uma intensa atividade vocacional e foi o primeiro mestre de novi\u00e7os da miss\u00e3o Josefina no Brasil. Viveu sua voca\u00e7\u00e3o e miss\u00e3o sobretudo na regi\u00e3o de Caxias do Sul. Tamb\u00e9m fundou diversas obras em favor das crian\u00e7as e jovens pobres.<\/p>\n<p>Em fevereiro de 1956 deixou o cargo de Superior Provincial, mas continuou prestando servi\u00e7o a sua Congrega\u00e7\u00e3o e dedicando-se \u00e0s Irm\u00e3s Murialdinas. Padre Jo\u00e3o Schiavo, cuja sa\u00fade h\u00e1 tempo estava debilitada, adoeceu gravemente no final de novembro de 1966 e faleceu dia 27 de janeiro de 1967, com fama de santo. Por sua intercess\u00e3o s\u00e3o atribu\u00eddas muitas gra\u00e7as e a fama de santidade estende-se at\u00e9 mesmo para fora do Brasil, com relatos de gra\u00e7as alcan\u00e7adas na Argentina (Mendoza) e outras na\u00e7\u00f5es onde atuam os Josefinos e as Murialdinas.<\/p>\n<p style=\"text-align: justify;\">Com informa\u00e7\u00f5es da Congrega\u00e7\u00e3o das Irm\u00e3s Murialdinas <\/p>\n<p>Fonte: CNBB<\/p>\n","protected":false},"excerpt":{"rendered":"<p>Solenidade contar\u00e1 com representante do Vaticano, lideran\u00e7as eclesiais do Brasil e devotos O Vaticano confirmou a data da beatifica\u00e7\u00e3o do padre Jo\u00e3o Schiavo, para o dia 28 de outubro de 2017. A celebra\u00e7\u00e3o ser\u00e1 presidida pelo Prefeito da Congrega\u00e7\u00e3o das Causas dos Santos, cardeal Angelo Amato e ser\u00e1 realizada em Caxias do Sul (RS). O [&hellip;]<\/p>\n","protected":false},"author":1,"featured_media":20444,"comment_status":"open","ping_status":"open","sticky":false,"template":"","format":"standard","meta":{"footnotes":""},"categories":[7],"tags":[],"class_list":["post-20445","post","type-post","status-publish","format-standard","has-post-thumbnail","hentry","category-cnbb"],"_links":{"self":[{"href":"https:\/\/catolicanet.net\/wp-cnet\/wp-json\/wp\/v2\/posts\/20445","targetHints":{"allow":["GET"]}}],"collection":[{"href":"https:\/\/catolicanet.net\/wp-cnet\/wp-json\/wp\/v2\/posts"}],"about":[{"href":"https:\/\/catolicanet.net\/wp-cnet\/wp-json\/wp\/v2\/types\/post"}],"author":[{"embeddable":true,"href":"https:\/\/catolicanet.net\/wp-cnet\/wp-json\/wp\/v2\/users\/1"}],"replies":[{"embeddable":true,"href":"https:\/\/catolicanet.net\/wp-cnet\/wp-json\/wp\/v2\/comments?post=20445"}],"version-history":[{"count":1,"href":"https:\/\/catolicanet.net\/wp-cnet\/wp-json\/wp\/v2\/posts\/20445\/revisions"}],"predecessor-version":[{"id":23261,"href":"https:\/\/catolicanet.net\/wp-cnet\/wp-json\/wp\/v2\/posts\/20445\/revisions\/23261"}],"wp:featuredmedia":[{"embeddable":true,"href":"https:\/\/catolicanet.net\/wp-cnet\/wp-json\/wp\/v2\/media\/20444"}],"wp:attachment":[{"href":"https:\/\/catolicanet.net\/wp-cnet\/wp-json\/wp\/v2\/media?parent=20445"}],"wp:term":[{"taxonomy":"category","embeddable":true,"href":"https:\/\/catolicanet.net\/wp-cnet\/wp-json\/wp\/v2\/categories?post=20445"},{"taxonomy":"post_tag","embeddable":true,"href":"https:\/\/catolicanet.net\/wp-cnet\/wp-json\/wp\/v2\/tags?post=20445"}],"curies":[{"name":"wp","href":"https:\/\/api.w.org\/{rel}","templated":true}]}}