{"id":20426,"date":"2017-02-06T13:20:18","date_gmt":"2017-02-06T15:20:18","guid":{"rendered":"http:\/\/catolicanet.net\/wp-cnet\/2017\/02\/06\/funcionario-do-vaticano-explica-como-ajuda-a-igreja-em-aleppo-na-siria\/"},"modified":"2017-05-30T16:18:51","modified_gmt":"2017-05-30T19:18:51","slug":"funcionario-do-vaticano-explica-como-ajuda-a-igreja-em-aleppo-na-siria","status":"publish","type":"post","link":"https:\/\/catolicanet.net\/wp-cnet\/funcionario-do-vaticano-explica-como-ajuda-a-igreja-em-aleppo-na-siria\/","title":{"rendered":"Funcion\u00e1rio do Vaticano explica como ajuda a Igreja em Aleppo, na S\u00edria"},"content":{"rendered":"<p style=\"text-align: justify;\"><img decoding=\"async\" src=\"http:\/\/www.catolicanet.com.br\/images\/stories\/noticias\/monsgiampietrodaltoso_030217.jpg\" border=\"0\" align=\"left\" \/>ALEPPO,\u00a0 (ACI).- Os habitantes de Aleppo querem reconstruir a sua cidade e voltar \u00e0 vida normal. Foi o que percebeu Dom Giampietro Dal Toso, Secret\u00e1rio Delegado do Dicast\u00e9rio para o Servi\u00e7o do Desenvolvimento Humano Integral, que visitou recentemente a cidade s\u00edria atingida pela guerra.<\/p>\n<p>Dom Dal Toso viajou a Aleppo junto com o N\u00fancio Apost\u00f3lico na S\u00edria, Cardeal Mario Zenari, e o conselheiro da Nunciatura, Dom Thomas Habib. Trata-se da primeira visita oficial realizada por representantes da Santa S\u00e9 a Aleppo desde o fim dos combates na cidade.<\/p>\n<p>\u201cN\u00f3s encontramos muita destrui\u00e7\u00e3o, com muitas dificuldades do ponto de vista humanit\u00e1rio, problemas de acesso \u00e0 \u00e1gua pot\u00e1vel, eletricidade, dificuldades para aquecer as casas, os pre\u00e7os altos, a infla\u00e7\u00e3o\u201d, disse Dom Dal Toso ao Grupo ACI.<\/p>\n<p>Entretanto, \u201cao mesmo tempo, devo confessar que encontrei tamb\u00e9m o desejo de come\u00e7ar de novo, de voltar \u00e0 vida normal\u201d.<\/p>\n<p>Dom Dal Toso destacou a for\u00e7a da comunidade crist\u00e3 de Aleppo, uma comunidade cheia de esperan\u00e7a e vontade de trabalhar para superar as feridas profundas causadas pela guerra.<\/p>\n<p>\u201cDevo destacar a vitalidade da popula\u00e7\u00e3o, especialmente das comunidades crist\u00e3s. N\u00e3o encontrei comunidades crist\u00e3s desesperadas ou sem esperan\u00e7a no futuro\u201d.<\/p>\n<p>O funcion\u00e1rio vaticano comentou que encontrou \u201cuma comunidade crist\u00e3 cheia de vitalidade, que deseja ter uma vida normal e come\u00e7ar de novo com diferentes iniciativas para voltar \u00e0 situa\u00e7\u00e3o normal\u201d.<\/p>\n<p>O Secret\u00e1rio Delegado do Dicast\u00e9rio para o Servi\u00e7o do Desenvolvimento Humano Integral indicou que o significado desta visita foi principalmente \u201cmostrar um sinal de aten\u00e7\u00e3o da Igreja universal \u00e0s nossas comunidades crist\u00e3s em Aleppo, mas tamb\u00e9m \u00e0 toda a popula\u00e7\u00e3o, porque tudo o mundo sofreu e ainda sofre as consequ\u00eancias desta situa\u00e7\u00e3o dram\u00e1tica\u201d.<\/p>\n<p>A Igreja, conforme explicou, est\u00e1 desenvolvendo diversos projetos na cidade. Dom Giampietro Dal Toso detalhou, concretamente, como serve um centro de Caritas no Oriente de Aleppo. \u201cTrata-se de um centro de distribui\u00e7\u00e3o de roupas, alimentos, porque as pessoas realmente est\u00e3o sem nada\u201d.<\/p>\n<p>\u201cDevo dizer que as necessidades em Aleppo s\u00e3o realmente enormes\u201d, reconheceu. \u201c\u00c9 muito complicado determinar quais s\u00e3o as prioridades. Com certeza, a prioridade agora \u00e9 reconstruir as casas, as resid\u00eancias\u201d.<\/p>\n<p>\u201cH\u00e1 muitas pessoas desabrigadas por causa das bombas que destru\u00edram suas casas. Por outro lado, as pessoas precisam de comida, porque est\u00e3o vivendo em situa\u00e7\u00e3o de pobreza\u201d.<\/p>\n<p>\u201cN\u00f3s tamb\u00e9m temos outros projetos com os refugiados, por exemplo. Temos diferentes projetos de distribui\u00e7\u00e3o de rem\u00e9dios. Todo este trabalho est\u00e1 sendo realizado em benef\u00edcio da popula\u00e7\u00e3o crist\u00e3 e da popula\u00e7\u00e3o mu\u00e7ulmana, independentemente de confiss\u00f5es ou credos\u201d.<\/p>\n<p>Outra \u00e1rea na qual a Igreja Cat\u00f3lica est\u00e1 centrada \u00e9 na educa\u00e7\u00e3o. \u201cEstamos impulsionando col\u00e9gio. Devemos pensar no futuro, no papel da educa\u00e7\u00e3o. Fiquei muito impressionado ao ver tantas crian\u00e7as que n\u00e3o frequentavam o col\u00e9gio\u201d.<\/p>\n<p>Por isso, continuou, \u201cesta \u00e9 uma das nossas prioridades mais importantes: a educa\u00e7\u00e3o dessas crian\u00e7as e jovens que n\u00e3o t\u00eam escolas. H\u00e1 uma necessidade de preparar profissionais para o futuro\u201d.<\/p>\n<p>\u201cN\u00f3s tamb\u00e9m precisamos continuar o nosso trabalho nos hospitais cat\u00f3licos. Em geral, devemos continuar o nosso trabalho na \u00e1rea da sa\u00fade, ajudando as pessoas que est\u00e3o doentes\u201d.<\/p>\n<p>Todos estes trabalhos sociais s\u00e3o promovidos sem negligenciar os cuidados espirituais: \u201cComo Igreja, n\u00e3o devemos esquecer que as pessoas tamb\u00e9m precisam se alimentar da f\u00e9, as pessoas tamb\u00e9m precisam ser acompanhadas na f\u00e9 nesta situa\u00e7\u00e3o dif\u00edcil\u201d.<\/p>\n<p>Por \u00faltimo, Dom Giampietro Dal Toso, destacou a colabora\u00e7\u00e3o ecum\u00eanica entre os crist\u00e3os.<\/p>\n<p>\u201cH\u00e1 uma colabora\u00e7\u00e3o entre as diferentes comunidades crist\u00e3s. Os bispos cat\u00f3licos, por exemplo, quando est\u00e3o na cidade, se re\u00fanem todas as semanas a fim de compreender melhor as necessidades da popula\u00e7\u00e3o. Em seu trabalho, n\u00e3o fazem distin\u00e7\u00e3o entre crist\u00e3os de diferentes confiss\u00f5es. Ajudamos todos\u201d, concluiu.<\/p>\n<p style=\"text-align: justify;\">\u00a0<\/p>\n<p style=\"text-align: justify;\">Fonte: Acidigital<\/p>\n","protected":false},"excerpt":{"rendered":"<p>ALEPPO,\u00a0 (ACI).- Os habitantes de Aleppo querem reconstruir a sua cidade e voltar \u00e0 vida normal. Foi o que percebeu Dom Giampietro Dal Toso, Secret\u00e1rio Delegado do Dicast\u00e9rio para o Servi\u00e7o do Desenvolvimento Humano Integral, que visitou recentemente a cidade s\u00edria atingida pela guerra. Dom Dal Toso viajou a Aleppo junto com o N\u00fancio Apost\u00f3lico [&hellip;]<\/p>\n","protected":false},"author":1,"featured_media":20425,"comment_status":"open","ping_status":"open","sticky":false,"template":"","format":"standard","meta":{"footnotes":""},"categories":[4],"tags":[],"class_list":["post-20426","post","type-post","status-publish","format-standard","has-post-thumbnail","hentry","category-cotidiano"],"_links":{"self":[{"href":"https:\/\/catolicanet.net\/wp-cnet\/wp-json\/wp\/v2\/posts\/20426","targetHints":{"allow":["GET"]}}],"collection":[{"href":"https:\/\/catolicanet.net\/wp-cnet\/wp-json\/wp\/v2\/posts"}],"about":[{"href":"https:\/\/catolicanet.net\/wp-cnet\/wp-json\/wp\/v2\/types\/post"}],"author":[{"embeddable":true,"href":"https:\/\/catolicanet.net\/wp-cnet\/wp-json\/wp\/v2\/users\/1"}],"replies":[{"embeddable":true,"href":"https:\/\/catolicanet.net\/wp-cnet\/wp-json\/wp\/v2\/comments?post=20426"}],"version-history":[{"count":1,"href":"https:\/\/catolicanet.net\/wp-cnet\/wp-json\/wp\/v2\/posts\/20426\/revisions"}],"predecessor-version":[{"id":24770,"href":"https:\/\/catolicanet.net\/wp-cnet\/wp-json\/wp\/v2\/posts\/20426\/revisions\/24770"}],"wp:featuredmedia":[{"embeddable":true,"href":"https:\/\/catolicanet.net\/wp-cnet\/wp-json\/wp\/v2\/media\/20425"}],"wp:attachment":[{"href":"https:\/\/catolicanet.net\/wp-cnet\/wp-json\/wp\/v2\/media?parent=20426"}],"wp:term":[{"taxonomy":"category","embeddable":true,"href":"https:\/\/catolicanet.net\/wp-cnet\/wp-json\/wp\/v2\/categories?post=20426"},{"taxonomy":"post_tag","embeddable":true,"href":"https:\/\/catolicanet.net\/wp-cnet\/wp-json\/wp\/v2\/tags?post=20426"}],"curies":[{"name":"wp","href":"https:\/\/api.w.org\/{rel}","templated":true}]}}