{"id":20416,"date":"2017-02-06T11:16:26","date_gmt":"2017-02-06T13:16:26","guid":{"rendered":"http:\/\/catolicanet.net\/wp-cnet\/2017\/02\/06\/angelus-ser-luz-e-sal-contra-os-germes-poluidores-do-egoismo\/"},"modified":"2017-06-02T09:44:37","modified_gmt":"2017-06-02T12:44:37","slug":"angelus-ser-luz-e-sal-contra-os-germes-poluidores-do-egoismo","status":"publish","type":"post","link":"https:\/\/catolicanet.net\/wp-cnet\/angelus-ser-luz-e-sal-contra-os-germes-poluidores-do-egoismo\/","title":{"rendered":"Angelus: ser luz e sal contra os germes poluidores do ego\u00edsmo"},"content":{"rendered":"<p style=\"text-align: justify;\"><img decoding=\"async\" src=\"http:\/\/www.catolicanet.com.br\/images\/stories\/papas\/ansa1143513_articolo.jpg\" border=\"0\" align=\"left\" \/>Cidade do Vaticano (RV) \u2013 Na ora\u00e7\u00e3o do Angelus na Pra\u00e7a S. Pedro (05\/02), o Papa falou aos fi\u00e9is das met\u00e1foras do sal e da luz propostas pelo Evangelho de Mateus neste V Domingo do Tempo Comum.<\/p>\n<p style=\"text-align: justify;\">\u00a0<\/p>\n<p style=\"text-align: justify;\"><a href=\"http:\/\/media02.radiovaticana.va\/audio\/audio2\/mp3\/00568763.mp3\">Clique aqui para ouvir:<\/a><\/p>\n<p style=\"text-align: justify;\">\u00a0<\/p>\n<p style=\"text-align: justify;\">\u201cAs palavras de Jesus s\u00e3o endere\u00e7adas aos disc\u00edpulos de todos os tempos, portanto tamb\u00e9m a n\u00f3s\u201d, comentou Francisco. Ele nos convida a ser um reflexo da sua luz, atrav\u00e9s do testemunho das boas obras. De fato, \u00e9 sobretudo o nosso comportamento que \u2013 no bem e no mal \u2013 deixa um sinal nos outros. A luz da f\u00e9 n\u00e3o \u00e9 nossa propriedade, mas somos chamados a faz\u00ea-la resplandecer no mundo mediante as boas obras, n\u00e3o as palavras. \u201cE quanta necessidade o mundo tem da luz do Evangelho que transforma, cura e garante a salva\u00e7\u00e3o a quem o acolhe!\u201d, afirmou o Papa.<\/p>\n<p style=\"text-align: justify;\">\u00a0<\/p>\n<p style=\"text-align: justify;\"><a href=\"https:\/\/www.youtube.com\/watch?v=8ZylK1O5nss\">Clique aqui para assistir:<\/a><\/p>\n<p style=\"text-align: justify;\">\u00a0<\/p>\n<p style=\"text-align: justify;\">J\u00e1 o sal \u00e9 um elemento que, enquanto d\u00e1 sabor, preserva o alimento da altera\u00e7\u00e3o e da deteriora\u00e7\u00e3o \u2013 \u201cna \u00e9poca de Jesus n\u00e3o tinha geladeira!\u201d, brincou Francisco.<\/p>\n<p>Portanto, a miss\u00e3o dos crist\u00e3os na sociedade \u00e9 a dar \u201csabor\u201d \u00e0 vida com a f\u00e9 e o amor que Cristo nos doou e, ao mesmo tempo, &#8220;manter distantes os germes poluidores do ego\u00edsmo, da inveja, da maledic\u00eancia e assim por diante. Esses germes corrompem o tecido das nossas comunidades, que devem ao inv\u00e9s brilhar como locais de acolhimento, de solidariedade e de reconcilia\u00e7\u00e3o&#8221;.<\/p>\n<p>Para realizar esta miss\u00e3o, acrescentou, &#8220;\u00e9 preciso que n\u00f3s por primeiro sejamos libertados da degenera\u00e7\u00e3o corruptora dos influ\u00eancias mundanas, contr\u00e1rias\u00a0 a Cristo e ao Evangelho; e esta purifica\u00e7\u00e3o jamais acaba, deve ser feita continuamente. Deve ser feita todos os dias!&#8221;.<\/p>\n<p>O Papa concluiu: \u201cCada um de n\u00f3s \u00e9 chamado a ser luz e sal no pr\u00f3prio ambiente de vida cotidiana. Que a nossa M\u00e3e nos ajude a deixar-nos sempre purificar e iluminar pelo Senhor, para nos tornar \u2018sal da terra\u2019 e \u2018luz do mundo\u2019&#8221;.<\/p>\n<p style=\"text-align: justify;\">\u00a0<\/p>\n<p style=\"text-align: justify;\">Fonte: R\u00e1dio Vaticano<\/p>\n","protected":false},"excerpt":{"rendered":"<p>Cidade do Vaticano (RV) \u2013 Na ora\u00e7\u00e3o do Angelus na Pra\u00e7a S. Pedro (05\/02), o Papa falou aos fi\u00e9is das met\u00e1foras do sal e da luz propostas pelo Evangelho de Mateus neste V Domingo do Tempo Comum. \u00a0 Clique aqui para ouvir: \u00a0 \u201cAs palavras de Jesus s\u00e3o endere\u00e7adas aos disc\u00edpulos de todos os tempos, [&hellip;]<\/p>\n","protected":false},"author":1,"featured_media":20415,"comment_status":"open","ping_status":"open","sticky":false,"template":"","format":"standard","meta":{"footnotes":""},"categories":[3],"tags":[],"class_list":["post-20416","post","type-post","status-publish","format-standard","has-post-thumbnail","hentry","category-vaticano"],"_links":{"self":[{"href":"https:\/\/catolicanet.net\/wp-cnet\/wp-json\/wp\/v2\/posts\/20416","targetHints":{"allow":["GET"]}}],"collection":[{"href":"https:\/\/catolicanet.net\/wp-cnet\/wp-json\/wp\/v2\/posts"}],"about":[{"href":"https:\/\/catolicanet.net\/wp-cnet\/wp-json\/wp\/v2\/types\/post"}],"author":[{"embeddable":true,"href":"https:\/\/catolicanet.net\/wp-cnet\/wp-json\/wp\/v2\/users\/1"}],"replies":[{"embeddable":true,"href":"https:\/\/catolicanet.net\/wp-cnet\/wp-json\/wp\/v2\/comments?post=20416"}],"version-history":[{"count":1,"href":"https:\/\/catolicanet.net\/wp-cnet\/wp-json\/wp\/v2\/posts\/20416\/revisions"}],"predecessor-version":[{"id":27178,"href":"https:\/\/catolicanet.net\/wp-cnet\/wp-json\/wp\/v2\/posts\/20416\/revisions\/27178"}],"wp:featuredmedia":[{"embeddable":true,"href":"https:\/\/catolicanet.net\/wp-cnet\/wp-json\/wp\/v2\/media\/20415"}],"wp:attachment":[{"href":"https:\/\/catolicanet.net\/wp-cnet\/wp-json\/wp\/v2\/media?parent=20416"}],"wp:term":[{"taxonomy":"category","embeddable":true,"href":"https:\/\/catolicanet.net\/wp-cnet\/wp-json\/wp\/v2\/categories?post=20416"},{"taxonomy":"post_tag","embeddable":true,"href":"https:\/\/catolicanet.net\/wp-cnet\/wp-json\/wp\/v2\/tags?post=20416"}],"curies":[{"name":"wp","href":"https:\/\/api.w.org\/{rel}","templated":true}]}}