{"id":20412,"date":"2017-02-06T11:11:26","date_gmt":"2017-02-06T13:11:26","guid":{"rendered":"http:\/\/catolicanet.net\/wp-cnet\/2017\/02\/06\/a-escuridao-se-tornara-dia-pleno\/"},"modified":"2017-05-05T10:05:15","modified_gmt":"2017-05-05T13:05:15","slug":"a-escuridao-se-tornara-dia-pleno","status":"publish","type":"post","link":"https:\/\/catolicanet.net\/wp-cnet\/a-escuridao-se-tornara-dia-pleno\/","title":{"rendered":"A escurid\u00e3o se tornar\u00e1 dia pleno"},"content":{"rendered":"<p style=\"text-align: justify;\">Todos conhecemos as par\u00e1bolas de Jesus sobre o sal e a luz. Elas s\u00e3o um convite a todos os seus seguidores a viver no meio do mundo com os que d\u00e3o vida e luz, como aqueles que fazem descobrir o verdadeiro e aut\u00eantico saber e no sentido desta vida. Talvez Jesus percebesse, j\u00e1 em seu tempo, a grande quantidade de pessoas que viviam sem viver, sem aproveitar, sem gozar a vida, pois vivem na escurid\u00e3o e n\u00e3o descobrem o caminho at\u00e9 a salva\u00e7\u00e3o: a vida e a felicidade, que \u00e9 o que Jesus nos oferece.<\/p>\n<p>Temos, como crist\u00e3os, a miss\u00e3o de ser o sal e a luz do mundo. Mas o que significa isso na pr\u00e1tica? O pr\u00f3prio evangelho(cf. Mt 5,13-16) nos d\u00e1 uma pista: significa realizar boas obras e, dessa forma, todos dar\u00e3o gl\u00f3ria ao Pai que est\u00e1 no C\u00e9u. Mas, outra vez, nos encontramos com um problema: quais s\u00e3o as boas obras a que Jesus se refere?<\/p>\n<p>A primeira leitura(Is 58,7-10), extra\u00edda do profeta Isa\u00edas, nos ajuda a compreender qual \u00e9 o tipo de boas obras que Deus quer de n\u00f3s. \u00c9 uma leitura para se refazer sem perder uma v\u00edrgula sequer. Cada palavra \u00e9 um tesouro que pode ser aplicado de maneira perfeita a nossa situa\u00e7\u00e3o atual, em todos os n\u00edveis: tanto nas rela\u00e7\u00f5es pessoais, dentro da fam\u00edlia ou com amigos, quanto nas rela\u00e7\u00f5es de trabalho, em nossa cidade ou entre as na\u00e7\u00f5es. \u201cReparte teu p\u00e3o com o faminto, d\u00e1 abrigo aos pobres sem teto, veste o que est\u00e1 nu.\u201d S\u00e3o mensagens claras, simples. N\u00e3o \u00e9 necess\u00e1ria nenhuma interpreta\u00e7\u00e3o. Tamb\u00e9m nos diz que h\u00e1 de se \u201cafastar a opress\u00e3o, o gesto amea\u00e7ador e a maledic\u00eancia\u201d. E, para complet\u00e1-lo, essa esp\u00e9cie de apelo: \u201cN\u00e3o fiques fechado em tua pr\u00f3pria carne\u201d. Isa\u00edas nos convida a reconhecer no outro, em qualquer um, n\u00e3o importando a dist\u00e2ncia em que viva, ou que n\u00e3o perten\u00e7a a nossa religi\u00e3o, na\u00e7\u00e3o, cultura, ra\u00e7a ou o que seja- \u201cnossa pr\u00f3pria carne\u201d Como dir\u00edamos popularmente, \u201cestamos no mesmo barco\u201d.<\/p>\n<p>Ent\u00e3o, \u00e9 quando, como diz Isa\u00edas, \u201ca nossa luz romper\u00e1 como a aurora e nos far\u00e1 \u201cbrotar a carne saud\u00e1vel\u201d e nossa\u201d escurid\u00e3o se tornar\u00e1 dia pleno\u201d. Ou, segundo disse Jesus, seremos o sal do mundo e nossa luz iluminar\u00e1 a todos. Mas o que est\u00e1 claro \u00e9 que essa luz brotar\u00e1 de dentro de n\u00f3s, do nosso cora\u00e7\u00e3o quando realizarmos essas boas a\u00e7\u00f5es, quando formos irm\u00e3os de nossos irm\u00e3os, sem distin\u00e7\u00e3o nem preconceitos. A mensagem de Jesus est\u00e1 a\u00ed em toda a sua simplicidade. N\u00e3o \u00e9 preciso esperar por uma salva\u00e7\u00e3o que venha de fora. Est\u00e1 em nossas m\u00e3os fazer com que a luz brote nas trevas. Basta que levemos a s\u00e9rio o que disse o profeta Isa\u00edas e o coloquemos na pr\u00e1tica em nossas vidas.<\/p>\n","protected":false},"excerpt":{"rendered":"<p>Todos conhecemos as par\u00e1bolas de Jesus sobre o sal e a luz. Elas s\u00e3o um convite a todos os seus seguidores a viver no meio do mundo com os que d\u00e3o vida e luz, como aqueles que fazem descobrir o verdadeiro e aut\u00eantico saber e no sentido desta vida. Talvez Jesus percebesse, j\u00e1 em seu [&hellip;]<\/p>\n","protected":false},"author":10,"featured_media":0,"comment_status":"open","ping_status":"open","sticky":false,"template":"","format":"standard","meta":{"footnotes":""},"categories":[9],"tags":[],"class_list":["post-20412","post","type-post","status-publish","format-standard","hentry","category-artigos"],"_links":{"self":[{"href":"https:\/\/catolicanet.net\/wp-cnet\/wp-json\/wp\/v2\/posts\/20412","targetHints":{"allow":["GET"]}}],"collection":[{"href":"https:\/\/catolicanet.net\/wp-cnet\/wp-json\/wp\/v2\/posts"}],"about":[{"href":"https:\/\/catolicanet.net\/wp-cnet\/wp-json\/wp\/v2\/types\/post"}],"author":[{"embeddable":true,"href":"https:\/\/catolicanet.net\/wp-cnet\/wp-json\/wp\/v2\/users\/10"}],"replies":[{"embeddable":true,"href":"https:\/\/catolicanet.net\/wp-cnet\/wp-json\/wp\/v2\/comments?post=20412"}],"version-history":[{"count":1,"href":"https:\/\/catolicanet.net\/wp-cnet\/wp-json\/wp\/v2\/posts\/20412\/revisions"}],"predecessor-version":[{"id":21045,"href":"https:\/\/catolicanet.net\/wp-cnet\/wp-json\/wp\/v2\/posts\/20412\/revisions\/21045"}],"wp:attachment":[{"href":"https:\/\/catolicanet.net\/wp-cnet\/wp-json\/wp\/v2\/media?parent=20412"}],"wp:term":[{"taxonomy":"category","embeddable":true,"href":"https:\/\/catolicanet.net\/wp-cnet\/wp-json\/wp\/v2\/categories?post=20412"},{"taxonomy":"post_tag","embeddable":true,"href":"https:\/\/catolicanet.net\/wp-cnet\/wp-json\/wp\/v2\/tags?post=20412"}],"curies":[{"name":"wp","href":"https:\/\/api.w.org\/{rel}","templated":true}]}}