{"id":20411,"date":"2017-02-04T03:00:00","date_gmt":"2017-02-04T05:00:00","guid":{"rendered":"http:\/\/catolicanet.net\/wp-cnet\/2017\/02\/04\/tempo-de-ouvir-o-senhor\/"},"modified":"2017-05-05T10:05:59","modified_gmt":"2017-05-05T13:05:59","slug":"tempo-de-ouvir-o-senhor","status":"publish","type":"post","link":"https:\/\/catolicanet.net\/wp-cnet\/tempo-de-ouvir-o-senhor\/","title":{"rendered":"Tempo de ouvir o Senhor"},"content":{"rendered":"<p style=\"text-align: justify;\">Depois da extraordin\u00e1ria experi\u00eancia pastoral partilhada por mais de 90 bispos no 26\u00ba. Encontro dos Bispos, no Sumar\u00e9, analisando a quest\u00e3o da nova evangeliza\u00e7\u00e3o, iniciamos, na segunda-feira passada, dia 30 de janeiro, o retiro da primeira turma do Clero da Arquidiocese de S\u00e3o Sebasti\u00e3o do Rio de Janeiro, que tive a gra\u00e7a de participar. O retiro terminou nesta sexta-feira, dia 03 de fevereiro.<br \/> Todo presb\u00edtero deve, ao menos uma vez por ano, parar cinco dias, deixando de lado as suas atividades pastorais para subir ao monte para rezar. \u00c9 uma obriga\u00e7\u00e3o can\u00f4nica que todos n\u00f3s cumprimos, com alegria de cora\u00e7\u00e3o e de recolhimento, para buscar as for\u00e7as necess\u00e1rias para atender melhor e mais eficazmente as ovelhas que nos s\u00e3o confiadas pela M\u00e3e Igreja.<br \/> Nestes dias ficam claro para o retirante cinco caminhos para a efici\u00eancia do seu retiro espiritual: 1 \u2013 sil\u00eancio para ouvir a voz de Deus, confrontar-se com o que a Trindade espera de cada um de n\u00f3s; 2 \u2013 medita\u00e7\u00e3o: meditar sobre os mist\u00e9rios da paix\u00e3o, morte e ressurrei\u00e7\u00e3o de Jesus Cristo, fazendo uma retrospectiva da vida pastoral e da vida espiritual desde o \u00faltimo retiro; 3 \u2013 olhar para dentro de si mesmo e olhar a qualidade da vida interior e da frequ\u00eancia na ora\u00e7\u00e3o; 4 \u2013 rezar mais intensamente e colocar-se diante do Sacr\u00e1rio para ouvir o que Deus quer falar; e, por fim, 5 \u2013 comprometer-se com o Evangelho da vida, da compaix\u00e3o e da miseric\u00f3rdia.<br \/> O Papa Francisco, ao falar sobre a vida do padre, disse algumas palavras que s\u00e3o significativas na vida e no minist\u00e9rio do presb\u00edtero, que deveriam ser \u201cmastigadas nos dias de retiro espiritual diocesano\u201d: \u201cProximidade! Como Jesus esteve pr\u00f3ximo de n\u00f3s. N\u00e3o h\u00e1 outro caminho: \u00e9 a via da Encarna\u00e7\u00e3o. Hoje as propostas gn\u00f3sticas s\u00e3o tantas, e aquele que pode at\u00e9 ser um bom sacerdote, mas n\u00e3o cat\u00f3lico, gn\u00f3stico, n\u00e3o cat\u00f3lico. N\u00e3o, n\u00e3o! Cat\u00f3lico, encarnado, pr\u00f3ximo, que sabe acariciar e sofrer com a carne de Jesus nos doentes, nas crian\u00e7as, no povo, nos problemas, nos tantos problemas que o nosso povo tem. Esta proximidade ajudar-vos-\u00e1 muito, tanto! Para estar pr\u00f3ximo como Jesus, para saber \u2018por o p\u00e9\u2019, como Jesus que evita que a porta (da Miseric\u00f3rdia, refere-se \u00e0 mesma imagem de antes) se feche, \u00e9 necess\u00e1rio conhecer Jesus. Mas eu perguntaria: quanto tempo passais por dia sentados diante do Tabern\u00e1culo? Uma das perguntas que fazia sempre aos sacerdotes, tamb\u00e9m bons, a todos, era: tu, \u00e0 noite, como vais para a cama? E eles n\u00e3o compreendiam: \u2018Mas o que me perguntas?\u2019 \u2013 \u2018Sim, sim\u201d Como vais repousar? O que fazes?\u2019 \u2013 \u2018Oh, sim, volto cansado. Janto alguma coisa e depois vou dormir&#8230; Vejo a televis\u00e3o&#8230; Repouso um pouco\u2019. Ah, bom. Mas tu n\u00e3o sa\u00fadas \u2018Aquele\u2019 que te enviou ao povo? Pelo menos passar um momento diante do Tabern\u00e1culo\u201d. (Cf. L\u2019Osservatore Romano, n\u00famero 50, 15 de dezembro de 2016, p\u00e1g. 4).<br \/> Impactou-me muito a humanidade do Papa Francisco para com os seus padres de Roma, experi\u00eancia esta muito viva na Arquidiocese de Buenos Aires. N\u00f3s somos chamados todos os dias, e, particularmente nos dias de retiro, a seguir o exemplo do Papa Francisco de estarmos em intimidade com o Senhor. Como ensinou Santa Teresinha do Menino Jesus, n\u00e3o podemos deixar o Senhor. E a melhor maneira de fazer companhia ao Senhor \u00e9 ajoelhar-se diante do Sacr\u00e1rio e ouvirmos o que o Senhor tem a falar para cada um de n\u00f3s. Jesus sempre quer nos consolar. O pr\u00f3prio Papa Francisco continua: \u201c&#8230; mais importante \u00e9 encontrar Jesus, e partindo de Jesus fazer o resto\u201d. (Cf. L\u2019Osservatore Romano, n\u00famero 50, 15 de dezembro de 2016, p\u00e1g. 4). E n\u00f3s devemos sempre nos perguntar: visitamos o Sant\u00edssimo Sacramento para rezar em sil\u00eancio todos os dias, fazendo a ora\u00e7\u00e3o de adora\u00e7\u00e3o ou a medita\u00e7\u00e3o di\u00e1ria?<br \/> Quando estamos na presen\u00e7a do Senhor n\u00e3o desanimamos de nossa miss\u00e3o pastoral, que muitas vezes \u00e9 \u00e1rdua. A ora\u00e7\u00e3o faz brilhar na vida de cada um de n\u00f3s a luz divina para clarear a escurid\u00e3o de situa\u00e7\u00f5es dif\u00edceis que experimentamos na fadiga pastoral, para superar a aridez que muitas vezes toma conta pelo excesso de trabalho. A busca do Senhor, esta inquieta\u00e7\u00e3o que nos move a anunciar o Evangelho, deve iluminar o nosso caminho de ministros ordenados, vigilantes com a vela da caridade acessa na m\u00e3o, para fugir dos perigos do mundo moderno, e conformando nossas vidas unicamente no Cristo Ressuscitado. <br \/>Nestes dias de retiro espiritual do clero, pudemos refletir sobre o caminho espiritual de S\u00e3o Bernardo, grande abade do s\u00e9culo XI. Estivemos assessorados por um especialista no assunto, que nos ajudou a percorrer o caminho de um Deus que nos procura por primeiro, e o homem que responde procurando o Senhor. Esse grande homem, que tanto foi ativo na sociedade da \u00e9poca, conseguiu tudo fazer porque tinha no seu cora\u00e7\u00e3o uma grande experi\u00eancia de Deus e amor \u00e0 Igreja. <br \/>Tamb\u00e9m tr\u00eas conselhos de Santo Agostinho em nossa caminhada para Jerusal\u00e9m do Alto, e como fazer a nossa vida inteira como uma ora\u00e7\u00e3o cont\u00ednua: primeiro conselho: Em primeiro lugar, no que quer que fa\u00e7amos, nunca saiamos do centro de nossa aten\u00e7\u00e3o, que \u00e9 Deus. Vivamos sempre recolhidos neste centro vital que \u00e9 Deus. Em segundo lugar, o conselho da ora\u00e7\u00e3o cont\u00ednua seria o desejo: o desejo cont\u00ednuo de Deus converte-se na ora\u00e7\u00e3o cont\u00ednua. \u201cSe desejarmos continuamente alcan\u00e7ar a Deus e a vida eterna, com um amor vivo e intenso, estaremos em ora\u00e7\u00e3o\u201d: \u201cPor conseguinte, ora com f\u00e9, na esperan\u00e7a; e com amor ora, pelos desejos incessantes (&#8230;)\u201d. \u201cOrai sem cessar. O que querem significar as palavras do Ap\u00f3stolo a n\u00e3o ser desejai sem cessar a vida feliz e eterna (&#8230;)\u201d? Terceiro conselho: \u00e9 o de elevar frases breves e curtas, inflamadas no amor, que impulsionem o nosso pensamento em dire\u00e7\u00e3o a Deus. Se pudermos pronunciar, no mais profundo do cora\u00e7\u00e3o, essas jaculat\u00f3rias \u2013 tais como s\u00e3o conhecidas na tradi\u00e7\u00e3o espiritual ocidental \u2013, se pudermos repetir essas frases breves e curtas, cheias e impregnadas de amor, reavivaremos o nosso v\u00ednculo de amor com Deus, isto \u00e9, a nossa ora\u00e7\u00e3o. <br \/>Como nos dirigiu as exorta\u00e7\u00f5es o Abade Cisterciense D. Luiz Alberto, fomos convidados a sempre colocar as preocupa\u00e7\u00f5es e sonhos na ora\u00e7\u00e3o universal da Igreja, na Liturgia das Horas ou Of\u00edcio Divino, e na celebra\u00e7\u00e3o da Santa Missa, diante de Deus, apresentando todas as situa\u00e7\u00f5es e dificuldades. E, temos certeza de que o Senhor nunca desamparar\u00e1. <br \/>Terminamos a primeira turma! \u00a0\u00a0\u00a0 Outras cinco turmas far\u00e3o o mesmo, subindo at\u00e9 o Sumar\u00e9 para rezar e ouvir o Senhor. Que nos despojemos das falsas seguran\u00e7as do mundo e, diante do Senhor, nos coloquemos livres e suplicantes, para que, refeitos no retiro, possamos servir melhor e mais eficazmente a a\u00e7\u00e3o que Deus e a Igreja confiam a cada um de n\u00f3s. <br \/>Nestas horas e sempre rezemos por todos: pela Arquidiocese, pelo clero, pelas religiosas, pelas lideran\u00e7as pastorais, pelo amado povo de Deus, para que a gra\u00e7a da paz se estabele\u00e7a em nossa cidade, e que os conflitos deem lugar \u00e0 reconcilia\u00e7\u00e3o. N\u00e3o se esque\u00e7am de que diante do Senhor a luz Divina brilha sempre, nos conduzindo pelos caminhos da gra\u00e7a e da santidade!<\/p>\n","protected":false},"excerpt":{"rendered":"<p>Depois da extraordin\u00e1ria experi\u00eancia pastoral partilhada por mais de 90 bispos no 26\u00ba. Encontro dos Bispos, no Sumar\u00e9, analisando a quest\u00e3o da nova evangeliza\u00e7\u00e3o, iniciamos, na segunda-feira passada, dia 30 de janeiro, o retiro da primeira turma do Clero da Arquidiocese de S\u00e3o Sebasti\u00e3o do Rio de Janeiro, que tive a gra\u00e7a de participar. O [&hellip;]<\/p>\n","protected":false},"author":5,"featured_media":0,"comment_status":"open","ping_status":"open","sticky":false,"template":"","format":"standard","meta":{"footnotes":""},"categories":[9],"tags":[],"class_list":["post-20411","post","type-post","status-publish","format-standard","hentry","category-artigos"],"_links":{"self":[{"href":"https:\/\/catolicanet.net\/wp-cnet\/wp-json\/wp\/v2\/posts\/20411","targetHints":{"allow":["GET"]}}],"collection":[{"href":"https:\/\/catolicanet.net\/wp-cnet\/wp-json\/wp\/v2\/posts"}],"about":[{"href":"https:\/\/catolicanet.net\/wp-cnet\/wp-json\/wp\/v2\/types\/post"}],"author":[{"embeddable":true,"href":"https:\/\/catolicanet.net\/wp-cnet\/wp-json\/wp\/v2\/users\/5"}],"replies":[{"embeddable":true,"href":"https:\/\/catolicanet.net\/wp-cnet\/wp-json\/wp\/v2\/comments?post=20411"}],"version-history":[{"count":1,"href":"https:\/\/catolicanet.net\/wp-cnet\/wp-json\/wp\/v2\/posts\/20411\/revisions"}],"predecessor-version":[{"id":21046,"href":"https:\/\/catolicanet.net\/wp-cnet\/wp-json\/wp\/v2\/posts\/20411\/revisions\/21046"}],"wp:attachment":[{"href":"https:\/\/catolicanet.net\/wp-cnet\/wp-json\/wp\/v2\/media?parent=20411"}],"wp:term":[{"taxonomy":"category","embeddable":true,"href":"https:\/\/catolicanet.net\/wp-cnet\/wp-json\/wp\/v2\/categories?post=20411"},{"taxonomy":"post_tag","embeddable":true,"href":"https:\/\/catolicanet.net\/wp-cnet\/wp-json\/wp\/v2\/tags?post=20411"}],"curies":[{"name":"wp","href":"https:\/\/api.w.org\/{rel}","templated":true}]}}