{"id":20357,"date":"2017-02-01T12:56:24","date_gmt":"2017-02-01T14:56:24","guid":{"rendered":"http:\/\/catolicanet.net\/wp-cnet\/2017\/02\/01\/na-maconaria-servem-ao-demonio-desde-os-primeiros-graus-revela-novo-livro\/"},"modified":"2017-05-26T10:42:39","modified_gmt":"2017-05-26T13:42:39","slug":"na-maconaria-servem-ao-demonio-desde-os-primeiros-graus-revela-novo-livro","status":"publish","type":"post","link":"https:\/\/catolicanet.net\/wp-cnet\/na-maconaria-servem-ao-demonio-desde-os-primeiros-graus-revela-novo-livro\/","title":{"rendered":"Na ma\u00e7onaria servem ao dem\u00f4nio desde os primeiros graus, revela novo livro"},"content":{"rendered":"<p style=\"text-align: justify;\">M<img decoding=\"async\" src=\"http:\/\/www.catolicanet.com.br\/images\/stories\/albertodelabarcena.jpg\" border=\"0\" align=\"left\" \/>ADRI, (ACI).- O livro \u201cIglesia y Masoner\u00eda\u201d (Igreja e Ma\u00e7onaria), do professor universit\u00e1rio Alberto de la B\u00e1rcena, exp\u00f5e novamente as profundas diferen\u00e7as entre a f\u00e9 cat\u00f3lica e a pr\u00e1tica ma\u00e7\u00f4nica. Entre os rituais deste grupo, apontou o especialista, h\u00e1 consagra\u00e7\u00f5es ao dem\u00f4nio, assim como a expl\u00edcita ren\u00fancia do Cristianismo pisando em uma cruz.<\/p>\n<p>Segundo Alberto de la B\u00e1rcena contou ao Grupo ACI, neste livro n\u00e3o h\u00e1 rumores e lendas urbanas, porque cont\u00eam \u201cdocumentos pontif\u00edcios, enc\u00edclicas, pronunciamentos dos Papas\u201d.<\/p>\n<p>\u201cTodas as frases est\u00e3o documentadas\u201d, assegura e precisa que este \u201c\u00e9 um tema do qual n\u00e3o se fala e, muitas vezes, os pr\u00f3prios crist\u00e3os est\u00e3o confusos\u201d.<\/p>\n<p>\u201cQueria que este livro mostrasse a verdade da doutrina em rela\u00e7\u00e3o \u00e0 ma\u00e7onaria\u201d, indica.<\/p>\n<p>Conversando com seus alunos, explica, percebeu o quanto \u00e9 importante divulgar esta informa\u00e7\u00e3o.<\/p>\n<p>\u201cHavia jovens que estavam prestes a entrar em lojas por press\u00f5es familiares. Seus pais, que os levaram aos col\u00e9gios e universidades cat\u00f3licas, pensavam que estavam fazendo um favor ao coloc\u00e1-los na ma\u00e7onaria. Al\u00e9m de uma enorme incongru\u00eancia, isso demonstra que existe uma grande ignor\u00e2ncia\u201d, adverte.<\/p>\n<p>Al\u00e9m disso, insiste que \u201ca posi\u00e7\u00e3o da Igreja n\u00e3o mudou em nada desde a primeira condena\u00e7\u00e3o em 1738, embora que quisessem difundir o rumor de que \u00e9 poss\u00edvel pertencer a uma loja e a uma Igreja. Mas n\u00e3o \u00e9 assim. A \u00faltima condena\u00e7\u00e3o expl\u00edcita foi em 1983, realizada por Jo\u00e3o Paulo II\u201d.<\/p>\n<p>Nesse sentido, De la B\u00e1rcena assinala que as condena\u00e7\u00f5es dos Papas n\u00e3o foram gen\u00e9ricas ou superficiais. \u201cOs Papas o condenam de maneira clara e detalhada e explicam por que eles foram excomungados. Eles est\u00e3o fora da Igreja. E desde 1983 sublinha-se que \u2018o ma\u00e7om est\u00e1 em um pecado grave e, portanto, n\u00e3o podem receber a comunh\u00e3o\u2019\u201d.<\/p>\n<p>Para que algu\u00e9m que pertenceu \u00e0 ma\u00e7onaria volte \u00e0 comunh\u00e3o da Igreja, explica, \u201cdeve fazer o que faria uma pessoa que cometeu um pecado grave: prop\u00f3sito de emenda, que implicaria deixar a ma\u00e7onaria, depois confiss\u00e3o e penit\u00eancia\u201d.<\/p>\n<p>Consagra\u00e7\u00e3o ao dem\u00f4nio<\/p>\n<p>Al\u00e9m disso dentro dos rituais da ma\u00e7onaria, registrada como uma associa\u00e7\u00e3o na Espanha desde 1988, se inclui o culto ao dem\u00f4nio.<\/p>\n<p>\u201cO rito de inicia\u00e7\u00e3o mais comum no mundo e tamb\u00e9m na Espanha \u00e9 o Rito Escoc\u00eas antigo e aceito, que no grau 29\u00ba o ma\u00e7om entra na loja com os olhos fechados. \u00c9 conduzido ao centro da mesma e quando abre seus olhos est\u00e1 diante de uma imagem de Baphomet, uma representa\u00e7\u00e3o luciferina. Ali, tem que pisar o crucifixo primeiro com o p\u00e9 esquerdo e depois com o p\u00e9 direito e pedir que a luz de Baphomet ilumine\u201d, explica o autor do livro \u201cIglesia y Masoner\u00eda\u201d ao Grupo ACI.<\/p>\n<p>O especialista adverte que \u201cpor mais que queiram ocultar, esse rito \u00e9 uma consagra\u00e7\u00e3o ao dem\u00f4nio. Eu resistia a acreditar, mas investigando vi que isso \u00e9 verdade\u201d.<\/p>\n<p>Um dos ex-ma\u00e7ons que se atreveu a falar mais claramente foi o franc\u00eas Serge Abad-Gallardo, que foi entrevistado por Alberto de la B\u00e1rcena em seu livro.<\/p>\n<p>\u201cPerguntei para Abad-Gallardo quando ele come\u00e7ou a ser consciente de ter servido a L\u00facifer e ele respondeu que desde o principio. Embora apresentassem este rito para ele como algo simb\u00f3lico e que acontecia uma vez por ano, isto acontecia desde o primeiro momento em sua loja\u201d, assinalou.<\/p>\n<p>No rito de inicia\u00e7\u00e3o no grau Cavaleiro Ma\u00e7om VI da Ordem Illuminati, organiza\u00e7\u00e3o de origem ma\u00e7\u00f4nica, outro rito pretende substituir Deus pelo dem\u00f4nio.<\/p>\n<p>Neste ritual, o iniciado \u201ccom os bra\u00e7os abertos ao c\u00e9u em forma de V, exclama: \u2018Para a Gl\u00f3ria do Grande Arquiteto do Universo, Baphomet, dos Superiores Desconhecidos e da Ordem Illuminati\u2019\u201d.<\/p>\n<p>Em seguida, de acordo com o livro, o candidato deve abaixar as m\u00e3os, pegar a cruz, jog\u00e1-la no ch\u00e3o diante do altar e cruzar os bra\u00e7os, \u201co direito encima do esquerdo em forma de X com o malhete (martelo em forma de T) na m\u00e3o direita\u201d e exclamar: \u2018Que esta cruz como um s\u00edmbolo da morte e da destrui\u00e7\u00e3o, desapare\u00e7a do mundo! Que a luz de Baphomet a substitua! Gl\u00f3ria a ti, deus verdadeiro, Baphomet, o deus da luz e da inicia\u00e7\u00e3o!\u2019.<\/p>\n<p style=\"text-align: justify;\">\u00a0<\/p>\n<p style=\"text-align: justify;\">Fonte: Acidigital<\/p>\n","protected":false},"excerpt":{"rendered":"<p>MADRI, (ACI).- O livro \u201cIglesia y Masoner\u00eda\u201d (Igreja e Ma\u00e7onaria), do professor universit\u00e1rio Alberto de la B\u00e1rcena, exp\u00f5e novamente as profundas diferen\u00e7as entre a f\u00e9 cat\u00f3lica e a pr\u00e1tica ma\u00e7\u00f4nica. Entre os rituais deste grupo, apontou o especialista, h\u00e1 consagra\u00e7\u00f5es ao dem\u00f4nio, assim como a expl\u00edcita ren\u00fancia do Cristianismo pisando em uma cruz. Segundo Alberto [&hellip;]<\/p>\n","protected":false},"author":1,"featured_media":20356,"comment_status":"open","ping_status":"open","sticky":false,"template":"","format":"standard","meta":{"footnotes":""},"categories":[4],"tags":[],"class_list":["post-20357","post","type-post","status-publish","format-standard","has-post-thumbnail","hentry","category-cotidiano"],"_links":{"self":[{"href":"https:\/\/catolicanet.net\/wp-cnet\/wp-json\/wp\/v2\/posts\/20357","targetHints":{"allow":["GET"]}}],"collection":[{"href":"https:\/\/catolicanet.net\/wp-cnet\/wp-json\/wp\/v2\/posts"}],"about":[{"href":"https:\/\/catolicanet.net\/wp-cnet\/wp-json\/wp\/v2\/types\/post"}],"author":[{"embeddable":true,"href":"https:\/\/catolicanet.net\/wp-cnet\/wp-json\/wp\/v2\/users\/1"}],"replies":[{"embeddable":true,"href":"https:\/\/catolicanet.net\/wp-cnet\/wp-json\/wp\/v2\/comments?post=20357"}],"version-history":[{"count":1,"href":"https:\/\/catolicanet.net\/wp-cnet\/wp-json\/wp\/v2\/posts\/20357\/revisions"}],"predecessor-version":[{"id":23178,"href":"https:\/\/catolicanet.net\/wp-cnet\/wp-json\/wp\/v2\/posts\/20357\/revisions\/23178"}],"wp:featuredmedia":[{"embeddable":true,"href":"https:\/\/catolicanet.net\/wp-cnet\/wp-json\/wp\/v2\/media\/20356"}],"wp:attachment":[{"href":"https:\/\/catolicanet.net\/wp-cnet\/wp-json\/wp\/v2\/media?parent=20357"}],"wp:term":[{"taxonomy":"category","embeddable":true,"href":"https:\/\/catolicanet.net\/wp-cnet\/wp-json\/wp\/v2\/categories?post=20357"},{"taxonomy":"post_tag","embeddable":true,"href":"https:\/\/catolicanet.net\/wp-cnet\/wp-json\/wp\/v2\/tags?post=20357"}],"curies":[{"name":"wp","href":"https:\/\/api.w.org\/{rel}","templated":true}]}}