{"id":20355,"date":"2017-02-01T12:47:34","date_gmt":"2017-02-01T14:47:34","guid":{"rendered":"http:\/\/catolicanet.net\/wp-cnet\/2017\/02\/01\/gracas-sem-nomes-e-sem-rostos\/"},"modified":"2017-05-30T16:18:53","modified_gmt":"2017-05-30T19:18:53","slug":"gracas-sem-nomes-e-sem-rostos","status":"publish","type":"post","link":"https:\/\/catolicanet.net\/wp-cnet\/gracas-sem-nomes-e-sem-rostos\/","title":{"rendered":"Gra\u00e7as sem nomes e sem rostos"},"content":{"rendered":"<p style=\"text-align: justify;\"><img decoding=\"async\" src=\"http:\/\/www.catolicanet.com.br\/images\/stories\/noticias\/d9fc17f32b375e9.jpg\" border=\"0\" align=\"left\" \/>Irm\u00e3 orando em sua cela do Mosteiro Nazar\u00e9 em Lages, Santa Catarina. Irm\u00e3 orando em sua cela do Mosteiro Nazar\u00e9 em Lages, Santa Catarina.<\/p>\n<p>Fomos muit\u00edssimo aben\u00e7oadas com gra\u00e7as extraordin\u00e1rias. Muitas dessas gra\u00e7as t\u00eam nomes e rostos; outras nos s\u00e3o enviadas de maneira quase impercept\u00edvel\u201d.<\/p>\n<p>Irm\u00e3 Maria Let\u00edcia, da Ordem das Clarissas, na diocese de Lages, Santa Catarina, descreve as doa\u00e7\u00f5es enviadas para o Mosteiro Nazar\u00e9, onde mora com outras 10 irm\u00e3s, como \u201cgra\u00e7as sem nomes e rostos\u201d. A ACN conhece bem esses nomes: s\u00e3o os benfeitores que possibilitam a ajuda da qual essas irm\u00e3s s\u00e3o t\u00e3o agradecidas. Sua doa\u00e7\u00e3o permitiu e permite que essas e outras milhares de gra\u00e7as se espalhem por todas as partes do mundo atrav\u00e9s da ACN.<\/p>\n<p>Para as Clarissas a \u201cgra\u00e7a\u201d chegou com a reforma da parte el\u00e9trica do convento. O Mosteiro, que foi constru\u00eddo h\u00e1 quase 40 anos, necessitava de reformas urgentes pois a estrutura, j\u00e1 muito deteriorada pelo tempo, oferecia grandes riscos: \u201cO eletricista disse que um inc\u00eandio estava para acontecer a qualquer minuto\u201d descreve Ir. Maria Madalena da M\u00e3e Dolorosa, madre do mosteiro. O apoio da ACN permitiu uma reforma el\u00e9trica total na casa, garantindo seguran\u00e7a para as irm\u00e3s levarem adiante seus trabalhos e of\u00edcios na regi\u00e3o, que s\u00e3o reconhecidos pelo pr\u00f3prio bispo da diocese, Dom Irineu Andreassa, como uma \u201cb\u00ean\u00e7\u00e3o\u201d para a comunidade. Atrav\u00e9s de suas ora\u00e7\u00f5es, celebra\u00e7\u00f5es lit\u00fargicas e aconselhamentos que d\u00e3o \u00e0s muitas pessoas que v\u00e3o bater \u00e0 sua porta em busca de ajuda, elas t\u00eam colaborado diretamente para o crescimento da f\u00e9 na regi\u00e3o.<\/p>\n<p>Sem a preocupa\u00e7\u00e3o com o sistema el\u00e9trico do convento, as irm\u00e3s, que vivem em clausura, podem agora se dedicar ao servi\u00e7o \u00e0 Igreja e aos irm\u00e3os seguindo o ideal de Santa Clara, levando a luz, elemento fundamental de sua espiritualidade, a todas as realidades que necessitam dela, atrav\u00e9s da vida contemplativa e da frequente ora\u00e7\u00e3o. Elas reconhecem a generosidade dos benfeitores da ACN e agradecem dizendo: \u201cSomente Deus pode retribuir o bem que voc\u00eas nos fazem\u201d.<\/p>\n<p>Assim \u00e9 a vida contemplativa, que muda o mundo atrav\u00e9s do sil\u00eancio. Nesses 70 anos de hist\u00f3ria da ACN os mosteiros de vida contemplativa sempre foram considerados projetos fundamentais. O Pe. Werenfried os comparava \u00e0 \u201cneve pura no topo dos montes, ao sol do amor de Deus. Neve que derrete, se desfaz e \u00e9 aparentemente in\u00fatil. Mas olhai! Estreitos ribeirinhos caem em torrentes, alargam, fundem-se, por fim, formando correntes bravas, transformando-se em cataratas que p\u00f5em em movimento centrais el\u00e9tricas, m\u00e1quinas, f\u00e1bricas e ind\u00fastrias completas&#8230; Esta \u00e9 a ess\u00eancia de qualquer vida contemplativa\u201d.<\/p>\n<p>Assim tamb\u00e9m \u00e9 a sua doa\u00e7\u00e3o, escondida a princ\u00edpio, vai tomando uma propor\u00e7\u00e3o que consegue atravessar oceanos! Sem sua ajuda, nada disso aconteceria. Obrigado por tornar mais essa hist\u00f3ria poss\u00edvel de acontecer.<\/p>\n<p style=\"text-align: justify;\">\u00a0<\/p>\n<p style=\"text-align: justify;\">Fonte: ACN<\/p>\n","protected":false},"excerpt":{"rendered":"<p>Irm\u00e3 orando em sua cela do Mosteiro Nazar\u00e9 em Lages, Santa Catarina. Irm\u00e3 orando em sua cela do Mosteiro Nazar\u00e9 em Lages, Santa Catarina. Fomos muit\u00edssimo aben\u00e7oadas com gra\u00e7as extraordin\u00e1rias. Muitas dessas gra\u00e7as t\u00eam nomes e rostos; outras nos s\u00e3o enviadas de maneira quase impercept\u00edvel\u201d. Irm\u00e3 Maria Let\u00edcia, da Ordem das Clarissas, na diocese de [&hellip;]<\/p>\n","protected":false},"author":1,"featured_media":20354,"comment_status":"open","ping_status":"open","sticky":false,"template":"","format":"standard","meta":{"footnotes":""},"categories":[4],"tags":[],"class_list":["post-20355","post","type-post","status-publish","format-standard","has-post-thumbnail","hentry","category-cotidiano"],"_links":{"self":[{"href":"https:\/\/catolicanet.net\/wp-cnet\/wp-json\/wp\/v2\/posts\/20355","targetHints":{"allow":["GET"]}}],"collection":[{"href":"https:\/\/catolicanet.net\/wp-cnet\/wp-json\/wp\/v2\/posts"}],"about":[{"href":"https:\/\/catolicanet.net\/wp-cnet\/wp-json\/wp\/v2\/types\/post"}],"author":[{"embeddable":true,"href":"https:\/\/catolicanet.net\/wp-cnet\/wp-json\/wp\/v2\/users\/1"}],"replies":[{"embeddable":true,"href":"https:\/\/catolicanet.net\/wp-cnet\/wp-json\/wp\/v2\/comments?post=20355"}],"version-history":[{"count":1,"href":"https:\/\/catolicanet.net\/wp-cnet\/wp-json\/wp\/v2\/posts\/20355\/revisions"}],"predecessor-version":[{"id":24780,"href":"https:\/\/catolicanet.net\/wp-cnet\/wp-json\/wp\/v2\/posts\/20355\/revisions\/24780"}],"wp:featuredmedia":[{"embeddable":true,"href":"https:\/\/catolicanet.net\/wp-cnet\/wp-json\/wp\/v2\/media\/20354"}],"wp:attachment":[{"href":"https:\/\/catolicanet.net\/wp-cnet\/wp-json\/wp\/v2\/media?parent=20355"}],"wp:term":[{"taxonomy":"category","embeddable":true,"href":"https:\/\/catolicanet.net\/wp-cnet\/wp-json\/wp\/v2\/categories?post=20355"},{"taxonomy":"post_tag","embeddable":true,"href":"https:\/\/catolicanet.net\/wp-cnet\/wp-json\/wp\/v2\/tags?post=20355"}],"curies":[{"name":"wp","href":"https:\/\/api.w.org\/{rel}","templated":true}]}}