{"id":20337,"date":"2017-01-31T13:03:50","date_gmt":"2017-01-31T15:03:50","guid":{"rendered":"http:\/\/catolicanet.net\/wp-cnet\/2017\/01\/31\/diocese-de-guarulhos-sp-envia-missionario-para-africa\/"},"modified":"2017-05-26T11:54:31","modified_gmt":"2017-05-26T14:54:31","slug":"diocese-de-guarulhos-sp-envia-missionario-para-africa","status":"publish","type":"post","link":"https:\/\/catolicanet.net\/wp-cnet\/diocese-de-guarulhos-sp-envia-missionario-para-africa\/","title":{"rendered":"Diocese de Guarulhos (SP) envia mission\u00e1rio para \u00c1frica"},"content":{"rendered":"<p style=\"text-align: justify;\"><img decoding=\"async\" src=\"http:\/\/www.catolicanet.com.br\/images\/stories\/noticias\/fotos-menores-257.jpg\" border=\"0\" align=\"left\" \/>Padre Salvador Rodrigues de Brito vai servir na diocese de Pemba, no norte de Mo\u00e7ambique<\/p>\n<p>Est\u00e1 marcado para a pr\u00f3xima quinta-feira, 2, o embarque do padre Salvador Rodrigues de Brito para a diocese de Pemba, no norte de Mo\u00e7ambique, na \u00c1frica. O sacerdote se diz encorajado para a miss\u00e3o. \u201cUma Igreja s\u00f3 \u00e9 amadurecida, quando envia ao menos um mission\u00e1rio, de tantos que ela j\u00e1 o recebeu. Esse gesto \u00e9 a express\u00e3o da caridade universal de Cristo para os povos; que vai al\u00e9m do nosso rebanho! O compromisso abra\u00e7ado com a miss\u00e3o universal visibiliza uma Igreja verdadeiramente de sa\u00edda! Sinto-me feliz, por poder realizar este trabalho. Enfim, vou \u00e0 \u00c1frica para me encontrar com Jesus Cristo nas pessoas que l\u00e1 est\u00e3o, e anuncia-lo aos que ainda nunca ouviram falar dele pela primeira vez. Por isso digo com f\u00e9: abandono-me Jesus em tuas m\u00e3os, para que eu possa irradiar o ser\u201d, explicou padre Salvador.<\/p>\n<p>No \u00faltimo dia 22, o bispo da diocese de Guarulhos (SP), dom Edmilson Amador Caetano, presidiu a missa de envio na catedral da cidade. Durante a celebra\u00e7\u00e3o, o bispo encorajou o padre. \u201cN\u00f3s n\u00e3o damos o que nos sobra, mas partilhamos o que n\u00f3s temos\u201d, destacou o bispo.<\/p>\n<p>Durante a homilia, padre Salvador se emocionou e agradeceu seu bispo, os padres, sua fam\u00edlia e diocesanos e pediu a b\u00ean\u00e7\u00e3o de toda a Igreja. \u201cN\u00e3o estou indo sozinho \u00e0 miss\u00e3o, comigo, vai o meu bispo, meus irm\u00e3os sacerdotes, religiosas, seminaristas e cada um que \u00e9 diocesano, vou com b\u00ean\u00e7\u00e3o de Deus, com a b\u00ean\u00e7\u00e3o do meu bispo, com a b\u00ean\u00e7\u00e3o de meus irm\u00e3os sacerdotes enfim, com a b\u00ean\u00e7\u00e3o de cada um de voc\u00eas, dos meus amigos, irm\u00e3os, da minha fam\u00edlia, enfim, com a b\u00ean\u00e7\u00e3o da Igreja! Esta \u00e1 \u00fanica certeza que terei! A b\u00ean\u00e7\u00e3o de Deus e da minha inesquec\u00edvel Diocese.\u00a0 Sempre me sentirei devedor, gratid\u00e3o, se paga com gratid\u00e3o!\u201d.<\/p>\n<p style=\"text-align: justify;\">Durante a celebra\u00e7\u00e3o, padre Salvador recebeu uma b\u00ean\u00e7\u00e3o para a sua miss\u00e3o e foi presenteado com uma cruz mission\u00e1ria. Em sua homilia, o padre falou sobre as motiva\u00e7\u00f5es que o levaram a abra\u00e7ar esse novo desafio mission\u00e1rio. &#8220;Vou para a \u00c1frica porque me sinto chamado para ir; sem amor, a vida \u00e9 vazia! N\u00e3o podemos viver ser solidariedade; \u00e9 pr\u00f3prio da ess\u00eancia crist\u00e3 procurar cuidar das feridas dos que mais sofrem. As raz\u00f5es pelas quais pedi ao meu superior e ao Conselho de presb\u00edteros para viver a miss\u00e3o al\u00e9m-fronteiras, na \u00c1frica, s\u00e3o m\u00faltiplas&#8221;, resumiu.<\/p>\n<p style=\"text-align: justify;\">Com informa\u00e7\u00f5es do regional Sul 1 da CNBB e fotos da diocese de Guarulhos (SP)<\/p>\n<p style=\"text-align: justify;\">\u00a0<\/p>\n<p style=\"text-align: justify;\">Fonte: CNBB<\/p>\n","protected":false},"excerpt":{"rendered":"<p>Padre Salvador Rodrigues de Brito vai servir na diocese de Pemba, no norte de Mo\u00e7ambique Est\u00e1 marcado para a pr\u00f3xima quinta-feira, 2, o embarque do padre Salvador Rodrigues de Brito para a diocese de Pemba, no norte de Mo\u00e7ambique, na \u00c1frica. O sacerdote se diz encorajado para a miss\u00e3o. \u201cUma Igreja s\u00f3 \u00e9 amadurecida, quando [&hellip;]<\/p>\n","protected":false},"author":1,"featured_media":20336,"comment_status":"open","ping_status":"open","sticky":false,"template":"","format":"standard","meta":{"footnotes":""},"categories":[7],"tags":[],"class_list":["post-20337","post","type-post","status-publish","format-standard","has-post-thumbnail","hentry","category-cnbb"],"_links":{"self":[{"href":"https:\/\/catolicanet.net\/wp-cnet\/wp-json\/wp\/v2\/posts\/20337","targetHints":{"allow":["GET"]}}],"collection":[{"href":"https:\/\/catolicanet.net\/wp-cnet\/wp-json\/wp\/v2\/posts"}],"about":[{"href":"https:\/\/catolicanet.net\/wp-cnet\/wp-json\/wp\/v2\/types\/post"}],"author":[{"embeddable":true,"href":"https:\/\/catolicanet.net\/wp-cnet\/wp-json\/wp\/v2\/users\/1"}],"replies":[{"embeddable":true,"href":"https:\/\/catolicanet.net\/wp-cnet\/wp-json\/wp\/v2\/comments?post=20337"}],"version-history":[{"count":1,"href":"https:\/\/catolicanet.net\/wp-cnet\/wp-json\/wp\/v2\/posts\/20337\/revisions"}],"predecessor-version":[{"id":23272,"href":"https:\/\/catolicanet.net\/wp-cnet\/wp-json\/wp\/v2\/posts\/20337\/revisions\/23272"}],"wp:featuredmedia":[{"embeddable":true,"href":"https:\/\/catolicanet.net\/wp-cnet\/wp-json\/wp\/v2\/media\/20336"}],"wp:attachment":[{"href":"https:\/\/catolicanet.net\/wp-cnet\/wp-json\/wp\/v2\/media?parent=20337"}],"wp:term":[{"taxonomy":"category","embeddable":true,"href":"https:\/\/catolicanet.net\/wp-cnet\/wp-json\/wp\/v2\/categories?post=20337"},{"taxonomy":"post_tag","embeddable":true,"href":"https:\/\/catolicanet.net\/wp-cnet\/wp-json\/wp\/v2\/tags?post=20337"}],"curies":[{"name":"wp","href":"https:\/\/api.w.org\/{rel}","templated":true}]}}