{"id":20331,"date":"2017-01-31T12:05:32","date_gmt":"2017-01-31T14:05:32","guid":{"rendered":"http:\/\/catolicanet.net\/wp-cnet\/2017\/01\/31\/direito-humano-a-agua-sera-tema-de-encontro-no-vaticano\/"},"modified":"2017-06-02T10:17:53","modified_gmt":"2017-06-02T13:17:53","slug":"direito-humano-a-agua-sera-tema-de-encontro-no-vaticano","status":"publish","type":"post","link":"https:\/\/catolicanet.net\/wp-cnet\/direito-humano-a-agua-sera-tema-de-encontro-no-vaticano\/","title":{"rendered":"Direito humano \u00e0 \u00e1gua ser\u00e1 tema de encontro no Vaticano"},"content":{"rendered":"<p style=\"text-align: justify;\"><img decoding=\"async\" src=\"http:\/\/www.catolicanet.com.br\/images\/stories\/noticias\/ap3693506_articolo.jpg\" border=\"0\" align=\"left\" \/>Cidade do Vaticano 8RV) \u2013 \u201cO direito humano \u00e0 \u00e1gua\u201d ser\u00e1 o tema de um workshop no Vaticano, presidido pelo Cardeal Cl\u00e1udio Hummes, Presidente da Rede Eclesial Pan-Amaz\u00f4nica (REPAM).<\/p>\n<p>O evento foi organizado para os dias 23 e 24 de fevereiro na Pontif\u00edcia Academia da Ci\u00eancia, e reunir\u00e1 90 personalidades de todos os continentes.<\/p>\n<p>Na convoca\u00e7\u00e3o do workshop, A Pontif\u00edcia Academia afirma que \u00e9 necess\u00e1rio prover a dispositivos legais, t\u00e9cnicos, sociais e pol\u00edticos que permitam a forma\u00e7\u00e3o de uma aut\u00eantica \u201ccultura da \u00e1gua\u201d no \u201ccuidado da casa comum\u201d.<\/p>\n<p>A finalidade do encontro \u00e9 gerar um espa\u00e7o interdisciplinar de debate, reflex\u00e3o, an\u00e1lise e propostas para o alcance de pol\u00edticas de gest\u00e3o, que assegurem a efetiva contribui\u00e7\u00e3o da ci\u00eancia, da cultura, da pol\u00edtica e dos avances tecnol\u00f3gicos em vista de uma sociedade mais justa, solid\u00e1ria e equitativamente desenvolvida.<\/p>\n<p>Al\u00e9m do Card. Hummes, o Brasil ser\u00e1 representado pelo Diretor da Funda\u00e7\u00e3o Amaz\u00f4nia Sustent\u00e1vel, Dr. Virgilio Vian, e pelo Presidente do Conselho Mundial da \u00c1gua, Benedito Braga. No final do encontro, os participantes ser\u00e3o recebidos pelo Papa Francisco.<\/p>\n<p style=\"text-align: justify;\">\u00a0<\/p>\n<p style=\"text-align: justify;\">Fonte: R\u00e1dio Vaticano<\/p>\n","protected":false},"excerpt":{"rendered":"<p>Cidade do Vaticano 8RV) \u2013 \u201cO direito humano \u00e0 \u00e1gua\u201d ser\u00e1 o tema de um workshop no Vaticano, presidido pelo Cardeal Cl\u00e1udio Hummes, Presidente da Rede Eclesial Pan-Amaz\u00f4nica (REPAM). O evento foi organizado para os dias 23 e 24 de fevereiro na Pontif\u00edcia Academia da Ci\u00eancia, e reunir\u00e1 90 personalidades de todos os continentes. Na [&hellip;]<\/p>\n","protected":false},"author":1,"featured_media":20330,"comment_status":"open","ping_status":"open","sticky":false,"template":"","format":"standard","meta":{"footnotes":""},"categories":[3],"tags":[],"class_list":["post-20331","post","type-post","status-publish","format-standard","has-post-thumbnail","hentry","category-vaticano"],"_links":{"self":[{"href":"https:\/\/catolicanet.net\/wp-cnet\/wp-json\/wp\/v2\/posts\/20331","targetHints":{"allow":["GET"]}}],"collection":[{"href":"https:\/\/catolicanet.net\/wp-cnet\/wp-json\/wp\/v2\/posts"}],"about":[{"href":"https:\/\/catolicanet.net\/wp-cnet\/wp-json\/wp\/v2\/types\/post"}],"author":[{"embeddable":true,"href":"https:\/\/catolicanet.net\/wp-cnet\/wp-json\/wp\/v2\/users\/1"}],"replies":[{"embeddable":true,"href":"https:\/\/catolicanet.net\/wp-cnet\/wp-json\/wp\/v2\/comments?post=20331"}],"version-history":[{"count":1,"href":"https:\/\/catolicanet.net\/wp-cnet\/wp-json\/wp\/v2\/posts\/20331\/revisions"}],"predecessor-version":[{"id":27192,"href":"https:\/\/catolicanet.net\/wp-cnet\/wp-json\/wp\/v2\/posts\/20331\/revisions\/27192"}],"wp:featuredmedia":[{"embeddable":true,"href":"https:\/\/catolicanet.net\/wp-cnet\/wp-json\/wp\/v2\/media\/20330"}],"wp:attachment":[{"href":"https:\/\/catolicanet.net\/wp-cnet\/wp-json\/wp\/v2\/media?parent=20331"}],"wp:term":[{"taxonomy":"category","embeddable":true,"href":"https:\/\/catolicanet.net\/wp-cnet\/wp-json\/wp\/v2\/categories?post=20331"},{"taxonomy":"post_tag","embeddable":true,"href":"https:\/\/catolicanet.net\/wp-cnet\/wp-json\/wp\/v2\/tags?post=20331"}],"curies":[{"name":"wp","href":"https:\/\/api.w.org\/{rel}","templated":true}]}}