{"id":20327,"date":"2017-01-31T11:29:37","date_gmt":"2017-01-31T13:29:37","guid":{"rendered":"http:\/\/catolicanet.net\/wp-cnet\/2017\/01\/31\/papa-qnao-tenhamos-medo-de-encontrar-o-olhar-de-jesus-sobre-nosq\/"},"modified":"2017-06-02T13:16:16","modified_gmt":"2017-06-02T16:16:16","slug":"papa-qnao-tenhamos-medo-de-encontrar-o-olhar-de-jesus-sobre-nosq","status":"publish","type":"post","link":"https:\/\/catolicanet.net\/wp-cnet\/papa-qnao-tenhamos-medo-de-encontrar-o-olhar-de-jesus-sobre-nosq\/","title":{"rendered":"Papa: &#8220;N\u00e3o tenhamos medo de encontrar o olhar de Jesus sobre n\u00f3s&#8221;"},"content":{"rendered":"<p style=\"text-align: justify;\"><img decoding=\"async\" src=\"http:\/\/www.catolicanet.com.br\/images\/stories\/noticias\/1897804_articolo.jpg\" border=\"0\" align=\"left\" \/>Cidade do Vaticano (RV) &#8211; As leituras do dia nesta 4\u00aa semana no Tempo Comum inspiraram o Papa Francisco na homilia da missa matutina de ter\u00e7a-feira (31\/01), na Casa Santa Marta.<\/p>\n<p style=\"text-align: justify;\">\u00a0<\/p>\n<p style=\"text-align: justify;\"><a href=\"http:\/\/media02.radiovaticana.va\/audio\/audio2\/mp3\/00568028.mp3\">Clique aqui para ouvir:<\/a><\/p>\n<p style=\"text-align: justify;\">\u00a0<\/p>\n<p style=\"text-align: justify;\">Dirigindo-se aos participantes, o Pont\u00edfice iniciou recordando que a Carta aos Hebreus nos exorta a correr na f\u00e9 com \u201cperseveran\u00e7a, mantendo o olhar fixo em Jesus\u201d. J\u00e1 no 5\u00ba cap\u00edtulo Evangelho de Marcos, \u201c\u00e9 Jesus que nos olha e percebe que estamos ali. Ele nos est\u00e1 pr\u00f3ximo, est\u00e1 sempre no meio da multid\u00e3o\u201d, explicou o Papa.<\/p>\n<p>\u201cN\u00e3o est\u00e1 com os guardas que fazem escolta, para que ningu\u00e9m o toque. N\u00e3o, n\u00e3o! Ele fica ali, comprimido entre as pessoas. E toda vez que Jesus saia, tinha mais gente. Especialistas de estat\u00edsticas poderiam at\u00e9 ter noticiado: \u201cCai a popularidade do Rab\u00ed Jesus\u201d&#8230; Mas ele procurava outra coisa: procurava as pessoas. E as pessoas o procuravam. O povo tinha os olhos presos Nele e Ele tinha os olhos presos nas pessoas. \u201cSim, sim, no povo, na multid\u00e3o\u201d, \u201cN\u00e3o, n\u00e3o, em cada um!\u201d \u00c9 esta a peculiaridade do olhar de Jesus. Jesus n\u00e3o massifica as pessoas; Ele olha para cada um\u201d.<\/p>\n<p>Pequenas alegrias<\/p>\n<p>O Evangelho de Marcos narra dois milagres: Jesus cura uma mulher que tem hemorragias h\u00e1 12 anos e que, no\u00a0 meio da multid\u00e3o, consegue tocar sua roupa. Ele percebe que foi tocado e depois, ressuscita a filha de 12 anos de Jairo, um dos chefes da Sinagoga. Ele observa que a menina est\u00e1 faminta e diz aos pais que lhe deem de comer:<\/p>\n<p>\u201cO olhar de Jesus passa do grande ao pequeno. Assim olha Jesus: olha para n\u00f3s, todos, mas v\u00ea cada um de n\u00f3s. Olha os nossos grandes problemas, percebe as nossas grandes alegrias e v\u00ea tamb\u00e9m as nossas pequenas coisas&#8230; porque est\u00e1 perto. Jesus n\u00e3o se assusta com as grandes coisas e leva em conta tamb\u00e9m as pequenas. Assim olha Jesus\u201d.<\/p>\n<p>Se corrermos \u201ccom perseveran\u00e7a, mantendo fixo o olhar em Jesus\u201d \u2013 afirma o Papa Francisco \u2013 acontecer\u00e1 conosco o que aconteceu com as pessoas depois da ressurrei\u00e7\u00e3o da filha de Jairo, que ficaram todas admiradas:<\/p>\n<p>\u201cVou, vejo Jesus, caminho avante, fixo o olhar em Jesus e o que vejo? Que Ele tem o olhar sobre mim! E isto me faz sentir um grande estupor: \u00e9 a surpresa do encontro com Jesus. Mas n\u00e3o tenhamos medo! N\u00e3o tenhamos medo, assim como n\u00e3o o teve aquela senhora que foi tocar o manto de Jesus. N\u00e3o tenhamos medo! Corramos neste caminho, com o olhar sempre fixo em Jesus. E teremos esta bela surpresa, que nos encher\u00e1 de estupor. O pr\u00f3prio Jesus com os olhos fixos em mim\u201d.<\/p>\n<p>Fonte: R\u00e1dio Vaticano<\/p>\n","protected":false},"excerpt":{"rendered":"<p>Cidade do Vaticano (RV) &#8211; As leituras do dia nesta 4\u00aa semana no Tempo Comum inspiraram o Papa Francisco na homilia da missa matutina de ter\u00e7a-feira (31\/01), na Casa Santa Marta. \u00a0 Clique aqui para ouvir: \u00a0 Dirigindo-se aos participantes, o Pont\u00edfice iniciou recordando que a Carta aos Hebreus nos exorta a correr na f\u00e9 [&hellip;]<\/p>\n","protected":false},"author":1,"featured_media":20326,"comment_status":"open","ping_status":"open","sticky":false,"template":"","format":"standard","meta":{"footnotes":""},"categories":[3],"tags":[],"class_list":["post-20327","post","type-post","status-publish","format-standard","has-post-thumbnail","hentry","category-vaticano"],"_links":{"self":[{"href":"https:\/\/catolicanet.net\/wp-cnet\/wp-json\/wp\/v2\/posts\/20327","targetHints":{"allow":["GET"]}}],"collection":[{"href":"https:\/\/catolicanet.net\/wp-cnet\/wp-json\/wp\/v2\/posts"}],"about":[{"href":"https:\/\/catolicanet.net\/wp-cnet\/wp-json\/wp\/v2\/types\/post"}],"author":[{"embeddable":true,"href":"https:\/\/catolicanet.net\/wp-cnet\/wp-json\/wp\/v2\/users\/1"}],"replies":[{"embeddable":true,"href":"https:\/\/catolicanet.net\/wp-cnet\/wp-json\/wp\/v2\/comments?post=20327"}],"version-history":[{"count":1,"href":"https:\/\/catolicanet.net\/wp-cnet\/wp-json\/wp\/v2\/posts\/20327\/revisions"}],"predecessor-version":[{"id":27194,"href":"https:\/\/catolicanet.net\/wp-cnet\/wp-json\/wp\/v2\/posts\/20327\/revisions\/27194"}],"wp:featuredmedia":[{"embeddable":true,"href":"https:\/\/catolicanet.net\/wp-cnet\/wp-json\/wp\/v2\/media\/20326"}],"wp:attachment":[{"href":"https:\/\/catolicanet.net\/wp-cnet\/wp-json\/wp\/v2\/media?parent=20327"}],"wp:term":[{"taxonomy":"category","embeddable":true,"href":"https:\/\/catolicanet.net\/wp-cnet\/wp-json\/wp\/v2\/categories?post=20327"},{"taxonomy":"post_tag","embeddable":true,"href":"https:\/\/catolicanet.net\/wp-cnet\/wp-json\/wp\/v2\/tags?post=20327"}],"curies":[{"name":"wp","href":"https:\/\/api.w.org\/{rel}","templated":true}]}}