{"id":20325,"date":"2017-01-31T11:02:56","date_gmt":"2017-01-31T13:02:56","guid":{"rendered":"http:\/\/catolicanet.net\/wp-cnet\/2017\/01\/31\/pastoral-da-saude-realiza-encontro-anual-em-recife-pe\/"},"modified":"2017-05-26T11:54:55","modified_gmt":"2017-05-26T14:54:55","slug":"pastoral-da-saude-realiza-encontro-anual-em-recife-pe","status":"publish","type":"post","link":"https:\/\/catolicanet.net\/wp-cnet\/pastoral-da-saude-realiza-encontro-anual-em-recife-pe\/","title":{"rendered":"Pastoral da Sa\u00fade realiza encontro anual em Recife (PE)"},"content":{"rendered":"<p style=\"text-align: justify;\"><img decoding=\"async\" src=\"http:\/\/www.catolicanet.com.br\/images\/stories\/noticias\/saude22.jpg\" border=\"0\" align=\"left\" \/>Evento apresentou propostas de a\u00e7\u00f5es aos agentes pastorais<\/p>\n<p>Mais de 40 agentes pastorais participaram, no dia 28, do Encontro Anual de Planejamento da Pastoral da Sa\u00fade da arquidiocese de Olinda e Recife. O evento realizado na Casa Santa Clara, em Campo Grande, Recife (PE) fez uma an\u00e1lise do projeto \u201cAnjos da Pastoral da Sa\u00fade no Controle Social da Hansen\u00edase\u201d e trabalhou a motiva\u00e7\u00e3o dos agentes nas suas par\u00f3quias.<\/p>\n<p>O encontro iniciou com ora\u00e7\u00e3o e reflex\u00e3o. Logo ap\u00f3s, o coordenador regional da Pastoral da Sa\u00fade do regional Nordeste 2 da Confer\u00eancia Nacional dos Bispos do Brasil (CNBB), Vandson Holanda fez uma an\u00e1lise do projeto \u201cAnjos da Pastoral da Sa\u00fade no Controle Social da Hansen\u00edase\u201d, que tem como objetivo combater a hansen\u00edase e outras doen\u00e7as. Ele tamb\u00e9m pontuou a import\u00e2ncia da organiza\u00e7\u00e3o pastoral como secretaria e tesouraria e abriu um debate sobre a a\u00e7\u00e3o do voluntariado.\u00a0 Ainda na ocasi\u00e3o, foi apresentado e aprovado o calend\u00e1rio das principais a\u00e7\u00f5es da Pastoral para este ano, como a realiza\u00e7\u00e3o do I Curso Te\u00f3rico Pr\u00e1tico da Pastoral da Sa\u00fade, que est\u00e1 com inscri\u00e7\u00f5es abertas.<\/p>\n<p>Segundo o assessor espiritual da Pastoral da Sa\u00fade da Arquidiocese de Olinda e Recife, padre Eronildo Fran\u00e7a, o evento buscou n\u00e3o s\u00f3 tra\u00e7ar o calend\u00e1rio anual, mas trabalhar a unidade e motivar as a\u00e7\u00f5es dos agentes pastorais. \u201cA atividade de hoje \u00e9 importante para alinharmos as datas, os assuntos e os projetos e possibilitar que seja criado uma pastoral em conjunto, org\u00e2nica e com unidade, ou seja, trabalhar o objetivo comum a todos, mas respeitando cada particularidade para termos um ano <img decoding=\"async\" src=\"http:\/\/www.catolicanet.com.br\/images\/stories\/noticias\/saude_2.jpg\" border=\"0\" align=\"right\" \/>participativo e frutuoso\u201d, destacou. <\/p>\n<p>Para o coordenador arquidiocesano da Pastoral da Sa\u00fade, Xavier Uytdenbraek, a maior preocupa\u00e7\u00e3o \u00e9 a orienta\u00e7\u00e3o dada pelo pr\u00f3prio arcebispo de Olinda e Recife, dom Fernando Saburido, sobre a unidade dos agentes. \u201cHoje \u00e9 um dia de planejamento que n\u00f3s iremos tentar administrar o trabalho conjunto de todas as pessoas que diariamente atuam na base do servi\u00e7o aos outros e nossa preocupa\u00e7\u00e3o \u00e9 termos uma pastoral org\u00e2nica, ou seja, organizada com um s\u00f3 povo de Deus, por isso, o planejamento \u00e9 para dar sequ\u00eancia a todas as a\u00e7\u00f5es e fazer com que as coisas aconte\u00e7am de forma din\u00e2mica e cativante e que as pessoas sintam-se bem no que est\u00e3o fazendo\u201d, pontuou.<\/p>\n<p style=\"text-align: justify;\">Com informa\u00e7\u00f5es da Pastoral da Sa\u00fade do regional Nordeste 2<\/p>\n<p style=\"text-align: justify;\">\u00a0<\/p>\n<p style=\"text-align: justify;\">Fonte: CNBB<\/p>\n","protected":false},"excerpt":{"rendered":"<p>Evento apresentou propostas de a\u00e7\u00f5es aos agentes pastorais Mais de 40 agentes pastorais participaram, no dia 28, do Encontro Anual de Planejamento da Pastoral da Sa\u00fade da arquidiocese de Olinda e Recife. O evento realizado na Casa Santa Clara, em Campo Grande, Recife (PE) fez uma an\u00e1lise do projeto \u201cAnjos da Pastoral da Sa\u00fade no [&hellip;]<\/p>\n","protected":false},"author":1,"featured_media":20324,"comment_status":"open","ping_status":"open","sticky":false,"template":"","format":"standard","meta":{"footnotes":""},"categories":[7],"tags":[],"class_list":["post-20325","post","type-post","status-publish","format-standard","has-post-thumbnail","hentry","category-cnbb"],"_links":{"self":[{"href":"https:\/\/catolicanet.net\/wp-cnet\/wp-json\/wp\/v2\/posts\/20325","targetHints":{"allow":["GET"]}}],"collection":[{"href":"https:\/\/catolicanet.net\/wp-cnet\/wp-json\/wp\/v2\/posts"}],"about":[{"href":"https:\/\/catolicanet.net\/wp-cnet\/wp-json\/wp\/v2\/types\/post"}],"author":[{"embeddable":true,"href":"https:\/\/catolicanet.net\/wp-cnet\/wp-json\/wp\/v2\/users\/1"}],"replies":[{"embeddable":true,"href":"https:\/\/catolicanet.net\/wp-cnet\/wp-json\/wp\/v2\/comments?post=20325"}],"version-history":[{"count":1,"href":"https:\/\/catolicanet.net\/wp-cnet\/wp-json\/wp\/v2\/posts\/20325\/revisions"}],"predecessor-version":[{"id":23273,"href":"https:\/\/catolicanet.net\/wp-cnet\/wp-json\/wp\/v2\/posts\/20325\/revisions\/23273"}],"wp:featuredmedia":[{"embeddable":true,"href":"https:\/\/catolicanet.net\/wp-cnet\/wp-json\/wp\/v2\/media\/20324"}],"wp:attachment":[{"href":"https:\/\/catolicanet.net\/wp-cnet\/wp-json\/wp\/v2\/media?parent=20325"}],"wp:term":[{"taxonomy":"category","embeddable":true,"href":"https:\/\/catolicanet.net\/wp-cnet\/wp-json\/wp\/v2\/categories?post=20325"},{"taxonomy":"post_tag","embeddable":true,"href":"https:\/\/catolicanet.net\/wp-cnet\/wp-json\/wp\/v2\/tags?post=20325"}],"curies":[{"name":"wp","href":"https:\/\/api.w.org\/{rel}","templated":true}]}}