{"id":20307,"date":"2017-01-30T16:16:02","date_gmt":"2017-01-30T18:16:02","guid":{"rendered":"http:\/\/catolicanet.net\/wp-cnet\/2017\/01\/30\/africagambia-a-crise-foi-superada-mas-precisamos-de-ajuda-diz-a-fides-o-bispo-de-banjul\/"},"modified":"2017-05-30T16:19:58","modified_gmt":"2017-05-30T19:19:58","slug":"africagambia-a-crise-foi-superada-mas-precisamos-de-ajuda-diz-a-fides-o-bispo-de-banjul","status":"publish","type":"post","link":"https:\/\/catolicanet.net\/wp-cnet\/africagambia-a-crise-foi-superada-mas-precisamos-de-ajuda-diz-a-fides-o-bispo-de-banjul\/","title":{"rendered":"\u00c1FRICA\/G\u00c2MBIA &#8211; \u201cA crise foi superada, mas precisamos de ajuda\u201d, diz a Fides o Bispo de Banjul"},"content":{"rendered":"<p style=\"text-align: justify;\"><img decoding=\"async\" src=\"http:\/\/www.catolicanet.com.br\/images\/stories\/noticias\/primopiano_3289.jpg\" border=\"0\" align=\"left\" \/>Banjul (Ag\u00eancia Fides) \u2013 \u201cEm sua chegada a Banjul, em 26 de janeiro, o novo presidente Adama Barrow foi recebido por uma multid\u00e3o de milhares de pessoas\u201d, disse \u00e0 Ag\u00eancia Fides Dom Robert Patrick Ellison, Bispo de Banjul, capital da G\u00e2mbia, pequeno pa\u00eds africano que saiu da crise provocada pela recusa inicial do ex-presidente Yahya Jammeh de entregar o poder ao seu sucessor (veja Fides 21\/1\/2017). Gra\u00e7as \u00e0 press\u00e3o internacional Jammeh concordou em ir para o ex\u00edlio na Guin\u00e9 Equatorial, transportando 11 milh\u00f5es de d\u00f3lares, cerca de 1% do Produto Interno Bruto de um dos pa\u00edses mais pobres do continente.<br \/>Apesar deste roubo, de acordo com Dom Ellison, \u201co pa\u00eds est\u00e1 calmo agora. Agora, queremos olhar para o futuro. O processo ainda ser\u00e1 longo e dif\u00edcil. O pa\u00eds precisa sobretudo da ajuda dos EUA e da Uni\u00e3o Europeia\u201d.<br \/>\u201cO problema mais urgente \u00e9 fazer voltar e organizar os deslocados internos e os refugiados no Senegal, que fugiram no m\u00eas passado por causa da crise pol\u00edtica\u201d, disse Dom Ellison. \u201cEssas pessoas precisam de um forte apoio\u201d. Dos 2 milh\u00f5es de habitantes da G\u00e2mbia cerca de 40-50 mil se refugiaram no Senegal.<br \/>A principal fonte de renda \u00e9 o turismo, mas a crise pol\u00edtica fez com que os turistas estrangeiros n\u00e3o visitassem o pa\u00eds. \u201cEstou certo\u201d \u2013 disse o bispo \u2013 \u201cde que os turistas v\u00e3o voltar muito em breve ap\u00f3s a crise que colocou a Gambia, pela primeira vez no centro de m\u00eddia internacional, algo que eu nunca tinha visto antes. Agora acabou. Se voc\u00eas querem nos ajudar, voltem a G\u00e2mbia como turistas\u201d, concluiu. (L.M.)<\/p>\n<p style=\"text-align: justify;\">\u00a0<\/p>\n<p style=\"text-align: justify;\">Fonte: Ag\u00eancia Fides<\/p>\n","protected":false},"excerpt":{"rendered":"<p>Banjul (Ag\u00eancia Fides) \u2013 \u201cEm sua chegada a Banjul, em 26 de janeiro, o novo presidente Adama Barrow foi recebido por uma multid\u00e3o de milhares de pessoas\u201d, disse \u00e0 Ag\u00eancia Fides Dom Robert Patrick Ellison, Bispo de Banjul, capital da G\u00e2mbia, pequeno pa\u00eds africano que saiu da crise provocada pela recusa inicial do ex-presidente Yahya [&hellip;]<\/p>\n","protected":false},"author":1,"featured_media":20306,"comment_status":"open","ping_status":"open","sticky":false,"template":"","format":"standard","meta":{"footnotes":""},"categories":[4],"tags":[],"class_list":["post-20307","post","type-post","status-publish","format-standard","has-post-thumbnail","hentry","category-cotidiano"],"_links":{"self":[{"href":"https:\/\/catolicanet.net\/wp-cnet\/wp-json\/wp\/v2\/posts\/20307","targetHints":{"allow":["GET"]}}],"collection":[{"href":"https:\/\/catolicanet.net\/wp-cnet\/wp-json\/wp\/v2\/posts"}],"about":[{"href":"https:\/\/catolicanet.net\/wp-cnet\/wp-json\/wp\/v2\/types\/post"}],"author":[{"embeddable":true,"href":"https:\/\/catolicanet.net\/wp-cnet\/wp-json\/wp\/v2\/users\/1"}],"replies":[{"embeddable":true,"href":"https:\/\/catolicanet.net\/wp-cnet\/wp-json\/wp\/v2\/comments?post=20307"}],"version-history":[{"count":1,"href":"https:\/\/catolicanet.net\/wp-cnet\/wp-json\/wp\/v2\/posts\/20307\/revisions"}],"predecessor-version":[{"id":24785,"href":"https:\/\/catolicanet.net\/wp-cnet\/wp-json\/wp\/v2\/posts\/20307\/revisions\/24785"}],"wp:featuredmedia":[{"embeddable":true,"href":"https:\/\/catolicanet.net\/wp-cnet\/wp-json\/wp\/v2\/media\/20306"}],"wp:attachment":[{"href":"https:\/\/catolicanet.net\/wp-cnet\/wp-json\/wp\/v2\/media?parent=20307"}],"wp:term":[{"taxonomy":"category","embeddable":true,"href":"https:\/\/catolicanet.net\/wp-cnet\/wp-json\/wp\/v2\/categories?post=20307"},{"taxonomy":"post_tag","embeddable":true,"href":"https:\/\/catolicanet.net\/wp-cnet\/wp-json\/wp\/v2\/tags?post=20307"}],"curies":[{"name":"wp","href":"https:\/\/api.w.org\/{rel}","templated":true}]}}