{"id":20279,"date":"2017-01-30T11:36:56","date_gmt":"2017-01-30T13:36:56","guid":{"rendered":"http:\/\/catolicanet.net\/wp-cnet\/2017\/01\/30\/jornada-liturgica-recorda-50-anos-do-documento-de-medellin\/"},"modified":"2017-05-26T11:56:16","modified_gmt":"2017-05-26T14:56:16","slug":"jornada-liturgica-recorda-50-anos-do-documento-de-medellin","status":"publish","type":"post","link":"https:\/\/catolicanet.net\/wp-cnet\/jornada-liturgica-recorda-50-anos-do-documento-de-medellin\/","title":{"rendered":"Jornada Lit\u00fargica recorda 50 anos do documento de Medell\u00edn"},"content":{"rendered":"<p style=\"text-align: justify;\"><img decoding=\"async\" src=\"http:\/\/www.catolicanet.com.br\/images\/stories\/asli-jornada-assembleia.jpg\" border=\"0\" align=\"left\" \/>Evento \u00e9 promovido pela Associa\u00e7\u00e3o dos Liturgistas do Brasil<\/p>\n<p>Os 50 anos da II Confer\u00eancia Geral do Episcopado Latino-Americano, em Medell\u00edn, na Col\u00f4mbia, ser\u00e3o lembrados durante a 2\u00aa Jornada Lit\u00fargica e 28\u00aa Assembleia da Associa\u00e7\u00e3o dos Liturgistas do Brasil (Asli), que acontecer\u00e1 em Florian\u00f3polis (SC), de 30 de janeiro a 03 de fevereiro. A proposta da Jornada \u00e9 de debater e partilhar trabalhos que abordam a tem\u00e1tica da Liturgia \u00e0 luz da Confer\u00eancia de Medell\u00edn, que completa meio s\u00e9culo em 2018.<\/p>\n<p>Na prepara\u00e7\u00e3o para a celebra\u00e7\u00e3o jubilar do encontro do episcopado latino-americano realizado ap\u00f3s o Conc\u00edlio Vaticano II na cidade colombiana, os liturgistas seguir\u00e3o a metodologia de partilha do contexto e da caminhada hist\u00f3rica da liturgia a partir das reflex\u00f5es de Medell\u00edn. Uma palestra sobre a tem\u00e1tica principal antecede este momento.<\/p>\n<p>Os associados foram convidados pelo presidente da Associa\u00e7\u00e3o, padre Kleber Rodrigues, a contribu\u00edrem atrav\u00e9s de comunica\u00e7\u00f5es e artigos cient\u00edficos, resultados de experi\u00eancias ou de atividades de pesquisa, realizados nos \u00faltimos anos e condizentes ao campo da Ci\u00eancia Lit\u00fargica, Pastoral Lit\u00fargica, M\u00fasica e Arte Sacra. As contribui\u00e7\u00f5es ser\u00e3o apresentadas em resumos na 2\u00aa Jornada Lit\u00fargica. As \u00edntegras dos materiais ser\u00e3o divulgadas nos anais da 2\u00aa Jornada Lit\u00fargica da Asli e, em seguida, publicadas, a previs\u00e3o \u00e9 que esta etapa seja conclu\u00edda em mar\u00e7o deste ano.<\/p>\n<p>Durante a Jornada, reservada aos membros, acontecer\u00e1 a 28\u00aa Assembleia da Asli, \u00f3rg\u00e3o m\u00e1ximo de decis\u00e3o e planejamento da Associa\u00e7\u00e3o, no qual s\u00e3o desenvolvidos temas de interesse dos liturgistas conforme o desafio que representam para a ci\u00eancia lit\u00fargica. <\/p>\n<p>O assessor da Comiss\u00e3o Episcopal Pastoral para a Liturgia da Confer\u00eancia Nacional dos Bispos do Brasil (CNBB), frei Faustino Paludo, \u00e9 membro da Asli e participar\u00e1 da Jornada e Assembleia. O bispo de Paranagu\u00e1 (PR) e membro da Comiss\u00e3o para Liturgia da CNBB tamb\u00e9m faz parte da Associa\u00e7\u00e3o e estar\u00e1 presente no evento. Ainda s\u00e3o associados \u00e0 Asli os arcebispos de Mariana (MG), dom Geraldo Lyrio Rocha, e de Santa Maria (RS), dom H\u00e9lio Adelar Rubert, e o bispo de Corn\u00e9lio Proc\u00f3pio (PR), dom Manoel Jo\u00e3o Francisco.<\/p>\n<p style=\"text-align: justify;\">\u00a0<\/p>\n<p style=\"text-align: justify;\">Fonte: CNBB<\/p>\n","protected":false},"excerpt":{"rendered":"<p>Evento \u00e9 promovido pela Associa\u00e7\u00e3o dos Liturgistas do Brasil Os 50 anos da II Confer\u00eancia Geral do Episcopado Latino-Americano, em Medell\u00edn, na Col\u00f4mbia, ser\u00e3o lembrados durante a 2\u00aa Jornada Lit\u00fargica e 28\u00aa Assembleia da Associa\u00e7\u00e3o dos Liturgistas do Brasil (Asli), que acontecer\u00e1 em Florian\u00f3polis (SC), de 30 de janeiro a 03 de fevereiro. A proposta [&hellip;]<\/p>\n","protected":false},"author":1,"featured_media":20278,"comment_status":"open","ping_status":"open","sticky":false,"template":"","format":"standard","meta":{"footnotes":""},"categories":[7],"tags":[],"class_list":["post-20279","post","type-post","status-publish","format-standard","has-post-thumbnail","hentry","category-cnbb"],"_links":{"self":[{"href":"https:\/\/catolicanet.net\/wp-cnet\/wp-json\/wp\/v2\/posts\/20279","targetHints":{"allow":["GET"]}}],"collection":[{"href":"https:\/\/catolicanet.net\/wp-cnet\/wp-json\/wp\/v2\/posts"}],"about":[{"href":"https:\/\/catolicanet.net\/wp-cnet\/wp-json\/wp\/v2\/types\/post"}],"author":[{"embeddable":true,"href":"https:\/\/catolicanet.net\/wp-cnet\/wp-json\/wp\/v2\/users\/1"}],"replies":[{"embeddable":true,"href":"https:\/\/catolicanet.net\/wp-cnet\/wp-json\/wp\/v2\/comments?post=20279"}],"version-history":[{"count":1,"href":"https:\/\/catolicanet.net\/wp-cnet\/wp-json\/wp\/v2\/posts\/20279\/revisions"}],"predecessor-version":[{"id":23276,"href":"https:\/\/catolicanet.net\/wp-cnet\/wp-json\/wp\/v2\/posts\/20279\/revisions\/23276"}],"wp:featuredmedia":[{"embeddable":true,"href":"https:\/\/catolicanet.net\/wp-cnet\/wp-json\/wp\/v2\/media\/20278"}],"wp:attachment":[{"href":"https:\/\/catolicanet.net\/wp-cnet\/wp-json\/wp\/v2\/media?parent=20279"}],"wp:term":[{"taxonomy":"category","embeddable":true,"href":"https:\/\/catolicanet.net\/wp-cnet\/wp-json\/wp\/v2\/categories?post=20279"},{"taxonomy":"post_tag","embeddable":true,"href":"https:\/\/catolicanet.net\/wp-cnet\/wp-json\/wp\/v2\/tags?post=20279"}],"curies":[{"name":"wp","href":"https:\/\/api.w.org\/{rel}","templated":true}]}}