{"id":20277,"date":"2017-01-30T11:24:53","date_gmt":"2017-01-30T13:24:53","guid":{"rendered":"http:\/\/catolicanet.net\/wp-cnet\/2017\/01\/30\/planejando-muros\/"},"modified":"2017-05-05T10:20:10","modified_gmt":"2017-05-05T13:20:10","slug":"planejando-muros","status":"publish","type":"post","link":"https:\/\/catolicanet.net\/wp-cnet\/planejando-muros\/","title":{"rendered":"Planejando muros"},"content":{"rendered":"<p style=\"text-align: justify;\">A racionalidade humana nos permite a\u00e7\u00f5es pensadas e planejadas, mesmo que por lapsos de segundos. Nada fazemos sem um projeto de sucesso, uma a\u00e7\u00e3o que delimite nosso espa\u00e7o, contabilize nossos recursos ou avalie os recursos e espa\u00e7os oponentes. Tudo em nossa vida \u00e9 medido, calculado, bem pensado, planejado&#8230; Eis a gra\u00e7a maior da humanidade em sua aventura terrena, o discernimento na escolha dos caminhos. Eis o que nos diferencia dos animais!<br \/> Essa faculdade estritamente humana \u00e9 uma d\u00e1diva do Criador. Coloca- nos um grau acima de qualquer criatura, posto que a estas lhes foram dado o instinto da sobreviv\u00eancia, conquanto a n\u00f3s, al\u00e9m deste instinto, tamb\u00e9m o discernimento, essa capacidade de escolher o melhor caminho, a melhor a\u00e7\u00e3o. Assim fazemos da vida um cont\u00ednuo planejamento em prol dum objetivo: chegar l\u00e1, vencer! Resta saber onde desejamos chegar, o que (ou quem) pretendemos vencer.<br \/> Individualmente, cada qual tem seu sonho, seu projeto pessoal. Seja no campo profissional ou no projeto de realiza\u00e7\u00e3o humana que todos possu\u00edmos; seja no desenvolvimento ps\u00edquico religioso ou mesmo na satisfa\u00e7\u00e3o de viver pura e simples, todos planejamos nossos passos em fun\u00e7\u00e3o de um objetivo. L\u00e1 est\u00e1! A meta \u00e9 esta. Como alcan\u00e7\u00e1-la? Essa \u00e9 a quest\u00e3o das quest\u00f5es. O planejamento torna-se uma faca de dois gumes, uma amea\u00e7a, quando n\u00e3o considera o bem comum. Pior ainda, quando transita pelas vielas da competitividade pura e simples, sem respeitar o espa\u00e7o, as conquistas ou mesmo os m\u00e9ritos dos que trilham um mesmo caminho.\u00a0 A lei do mais forte torna-se guardi\u00e3 do individualismo e ego\u00edsmo. Essa \u00e9 a lei do C\u00e3o, que tece e protege todas as artimanhas contr\u00e1rias a qualquer princ\u00edpio da f\u00e9 crist\u00e3. Essa \u00e9 pior das competitividades da ra\u00e7a humana, que explica hoje o egocentrismo social a destruir ra\u00e7as, pa\u00edses, culturas, cren\u00e7as ou o pr\u00f3prio indiv\u00edduo. Onde impera o cada um pra si, Deus nunca ser\u00e1 de todos, nem de ningu\u00e9m.<br \/> N\u00e3o se compreende um planejamento de justi\u00e7a, fraternidade e solidariedade humana com inten\u00e7\u00f5es de sucesso, sem respeito \u00e0 Lei do Amor. Os muros do passado j\u00e1 provaram seu fracasso; por que reergu\u00ea-los? A f\u00e9 de nossos pais em nada alterou seus ensinamentos e sua efic\u00e1cia diante dos novos e audaciosos planejamentos e projetos protecionistas da modernidade. Ent\u00e3o, por que n\u00e3o considerar eficazes e perfeitos os ensinamentos da f\u00e9 de Abra\u00e3o \u2013 ou de qualquer humano que levou a bom termo sua vit\u00f3ria existencial? \u201cEnt\u00e3o, onde est\u00e1 o motivo de se gloriar? Foi eliminado. Por qual lei? Pela lei das obras? N\u00e3o, pela lei da f\u00e9. Pois, esta \u00e9 a nossa tese: o homem se torna justo atrav\u00e9s da f\u00e9, independente da observ\u00e2ncia da Lei\u201d (Rom 3, 27-28). A gra\u00e7a de compreender e adequar sua vida a um planejamento submisso \u00e0 vontade de Deus, ah! Eis o segredo do sucesso verdadeiro&#8230; Eis o que falta aos estrategistas do mundo moderno! Sejam estes filhos de Abra\u00e3o ou de Al\u00e1. De Jac\u00f3 ou de Richard Dawkins. De Kennedy ou de Karl Max. De Buda ou de Francisco Xavier&#8230;<br \/> Qualquer planejamento s\u00f3 ser\u00e1 vitorioso se considerar e respeitar princ\u00edpios b\u00e1sicos de respeito e fidelidade. Sabemos disso. O que n\u00e3o levamos a s\u00e9rio \u00e9 que dentre esses princ\u00edpios h\u00e1 necessidade de se respeitar uma lei. Essa faz toda a diferen\u00e7a. Essa, realmente, coloca a coletividade humana acima dos animais, ou seja: sem amor e respeito m\u00fatuo sempre fracassaremos. Os muros de Jerusal\u00e9m que nos digam!<\/p>\n","protected":false},"excerpt":{"rendered":"<p>A racionalidade humana nos permite a\u00e7\u00f5es pensadas e planejadas, mesmo que por lapsos de segundos. Nada fazemos sem um projeto de sucesso, uma a\u00e7\u00e3o que delimite nosso espa\u00e7o, contabilize nossos recursos ou avalie os recursos e espa\u00e7os oponentes. Tudo em nossa vida \u00e9 medido, calculado, bem pensado, planejado&#8230; Eis a gra\u00e7a maior da humanidade em [&hellip;]<\/p>\n","protected":false},"author":17,"featured_media":0,"comment_status":"open","ping_status":"open","sticky":false,"template":"","format":"standard","meta":{"footnotes":""},"categories":[9],"tags":[],"class_list":["post-20277","post","type-post","status-publish","format-standard","hentry","category-artigos"],"_links":{"self":[{"href":"https:\/\/catolicanet.net\/wp-cnet\/wp-json\/wp\/v2\/posts\/20277","targetHints":{"allow":["GET"]}}],"collection":[{"href":"https:\/\/catolicanet.net\/wp-cnet\/wp-json\/wp\/v2\/posts"}],"about":[{"href":"https:\/\/catolicanet.net\/wp-cnet\/wp-json\/wp\/v2\/types\/post"}],"author":[{"embeddable":true,"href":"https:\/\/catolicanet.net\/wp-cnet\/wp-json\/wp\/v2\/users\/17"}],"replies":[{"embeddable":true,"href":"https:\/\/catolicanet.net\/wp-cnet\/wp-json\/wp\/v2\/comments?post=20277"}],"version-history":[{"count":1,"href":"https:\/\/catolicanet.net\/wp-cnet\/wp-json\/wp\/v2\/posts\/20277\/revisions"}],"predecessor-version":[{"id":21056,"href":"https:\/\/catolicanet.net\/wp-cnet\/wp-json\/wp\/v2\/posts\/20277\/revisions\/21056"}],"wp:attachment":[{"href":"https:\/\/catolicanet.net\/wp-cnet\/wp-json\/wp\/v2\/media?parent=20277"}],"wp:term":[{"taxonomy":"category","embeddable":true,"href":"https:\/\/catolicanet.net\/wp-cnet\/wp-json\/wp\/v2\/categories?post=20277"},{"taxonomy":"post_tag","embeddable":true,"href":"https:\/\/catolicanet.net\/wp-cnet\/wp-json\/wp\/v2\/tags?post=20277"}],"curies":[{"name":"wp","href":"https:\/\/api.w.org\/{rel}","templated":true}]}}