{"id":20267,"date":"2017-01-27T17:37:36","date_gmt":"2017-01-27T19:37:36","guid":{"rendered":"http:\/\/catolicanet.net\/wp-cnet\/2017\/01\/27\/quais-sao-meus-valores\/"},"modified":"2017-05-05T10:22:45","modified_gmt":"2017-05-05T13:22:45","slug":"quais-sao-meus-valores","status":"publish","type":"post","link":"https:\/\/catolicanet.net\/wp-cnet\/quais-sao-meus-valores\/","title":{"rendered":"Quais s\u00e3o meus valores?"},"content":{"rendered":"<p style=\"text-align: justify;\"><img decoding=\"async\" src=\"http:\/\/www.catolicanet.com.br\/images\/stories\/artigos\/dom rodolfo 3.jpg\" border=\"0\" align=\"left\" \/>Os valores podem ser definidos como horizontes de refer\u00eancia. O horizonte \u00e9 como uma linha imagin\u00e1ria que nunca se toca e que se afasta na medida em que nos aproximamos dela. Tem momentos que a linha do horizonte \u00e9 n\u00edtida e pr\u00f3xima; em outros momentos parece emba\u00e7ada, fora de foco. O mesmo ocorre com os valores que em determinados momentos intu\u00edmos com clareza e em outros momentos n\u00e3o ficam t\u00e3o n\u00edtidos. N\u00e3o s\u00e3o uma ilus\u00e3o por influenciarem diretamente no cotidiano.<br \/>Um exerc\u00edcio interessante a ser feito \u00e9 tentar hierarquizar nossos valores. Tentar fazer a nossa pir\u00e2mide de valores dando a eles um ordenamento, do menos significativo ao mais importante. Talvez este exerc\u00edcio possa trazer surpresas. O ordenamento feito, atrav\u00e9s do exerc\u00edcio de discernimento, talvez revele uma realidade diferente daquela que achamos que era. Por\u00e9m, torna-se um momento de tomada de consci\u00eancia.<br \/>Os valores pessoais, muitas vezes, n\u00e3o correspondem e nem v\u00e3o ao encontro dos valores sociais em se vive. O medo de sermos marginalizados ou exclu\u00eddos faz com que frequentemente nossas prioridades n\u00e3o estejam t\u00e3o claras. Outras vezes, n\u00e3o se vive de acordo com as convic\u00e7\u00f5es, gerando tens\u00e3o e incoer\u00eancia na vida pessoal. <br \/>Os valores n\u00e3o s\u00e3o objetos a serem possu\u00eddos, mas fazem parte da natureza mais \u00edntima da pessoa, fazem parte da ess\u00eancia. O nosso estilo de vida \u00e9 uma manifesta\u00e7\u00e3o externa das convic\u00e7\u00f5es interiores. \u00c9 sinal de autodetermina\u00e7\u00e3o agir segundo os pr\u00f3prios valores e t\u00ea-los presente ao tomarmos decis\u00f5es, principalmente num ambiente externo desfavor\u00e1vel.\u00a0 <br \/>O indiv\u00edduo e seus valores formam uma unidade t\u00e3o compacta que quando se v\u00ea obrigado a neg\u00e1-los ou at\u00e9 mesmo a tra\u00ed-los sente-se profundamente agredido, se sente mal, como se negasse a si mesmo. Os valores gritam, s\u00e3o como vozes que nos impelem a viver de determinada maneira, a sermos coerentes com uma filosofia de vida.<br \/>As necessidades vitais, como a fome, a sede, o agasalho, s\u00e3o motores de a\u00e7\u00e3o humana para a sobreviv\u00eancia. Os valores, quando arraigados se transformam em necessidades, n\u00e3o de ordem f\u00edsica, mas de ordem espiritual e transcendente. V\u00e3o fazer parte da ess\u00eancia. S\u00e3o como que tatuados na alma. N\u00e3o ser\u00e3o acess\u00f3rios usados de acordo com a conveni\u00eancia ou a necessidade. V\u00e3o impulsionar o agir humano, como a fome ou a sede. <br \/>O valor da solidariedade nos permite ir al\u00e9m de uma necessidade f\u00edsica para dar resposta \u00e0s necessidade prim\u00e1rias do outro. Quando um valor nos impele intensamente, as necessidades prim\u00e1rias ficam em segundo plano. Nesses momentos percebemos que o ser humano \u00e9 capaz de superar sua natureza instintiva e transcend\u00ea-la.<br \/>O encontro com o outro \u00e9 a ocasi\u00e3o para os valores tornarem-se vis\u00edveis. \u00c9 a circunst\u00e2ncia prop\u00edcia que permite o pleno desvelamento dos valores e contrast\u00e1-los com os dos outros. \u00c9 a oportunidade de apropriarmos de nossos valores. A riqueza imaterial de uma pessoa, de uma institui\u00e7\u00e3o ou de um pa\u00eds \u00e9 o conjunto de seus valores, suas cren\u00e7as e ideais. \u00c9 o chamado capital espiritual. S\u00e3o eles que d\u00e3o credibilidade, estabelecem la\u00e7os e rela\u00e7\u00f5es afetuosas e fraternas.<\/p>\n<p>Dom Rodolfo Lu\u00eds Weber<br \/>Arcebispo de Passo Fundo<br \/>27 de janeiro de 2017<\/p>\n","protected":false},"excerpt":{"rendered":"<p>Os valores podem ser definidos como horizontes de refer\u00eancia. O horizonte \u00e9 como uma linha imagin\u00e1ria que nunca se toca e que se afasta na medida em que nos aproximamos dela. Tem momentos que a linha do horizonte \u00e9 n\u00edtida e pr\u00f3xima; em outros momentos parece emba\u00e7ada, fora de foco. O mesmo ocorre com os [&hellip;]<\/p>\n","protected":false},"author":18,"featured_media":18023,"comment_status":"open","ping_status":"open","sticky":false,"template":"","format":"standard","meta":{"footnotes":""},"categories":[9],"tags":[],"class_list":["post-20267","post","type-post","status-publish","format-standard","has-post-thumbnail","hentry","category-artigos"],"_links":{"self":[{"href":"https:\/\/catolicanet.net\/wp-cnet\/wp-json\/wp\/v2\/posts\/20267","targetHints":{"allow":["GET"]}}],"collection":[{"href":"https:\/\/catolicanet.net\/wp-cnet\/wp-json\/wp\/v2\/posts"}],"about":[{"href":"https:\/\/catolicanet.net\/wp-cnet\/wp-json\/wp\/v2\/types\/post"}],"author":[{"embeddable":true,"href":"https:\/\/catolicanet.net\/wp-cnet\/wp-json\/wp\/v2\/users\/18"}],"replies":[{"embeddable":true,"href":"https:\/\/catolicanet.net\/wp-cnet\/wp-json\/wp\/v2\/comments?post=20267"}],"version-history":[{"count":1,"href":"https:\/\/catolicanet.net\/wp-cnet\/wp-json\/wp\/v2\/posts\/20267\/revisions"}],"predecessor-version":[{"id":21059,"href":"https:\/\/catolicanet.net\/wp-cnet\/wp-json\/wp\/v2\/posts\/20267\/revisions\/21059"}],"wp:featuredmedia":[{"embeddable":true,"href":"https:\/\/catolicanet.net\/wp-cnet\/wp-json\/wp\/v2\/media\/18023"}],"wp:attachment":[{"href":"https:\/\/catolicanet.net\/wp-cnet\/wp-json\/wp\/v2\/media?parent=20267"}],"wp:term":[{"taxonomy":"category","embeddable":true,"href":"https:\/\/catolicanet.net\/wp-cnet\/wp-json\/wp\/v2\/categories?post=20267"},{"taxonomy":"post_tag","embeddable":true,"href":"https:\/\/catolicanet.net\/wp-cnet\/wp-json\/wp\/v2\/tags?post=20267"}],"curies":[{"name":"wp","href":"https:\/\/api.w.org\/{rel}","templated":true}]}}