{"id":20259,"date":"2017-01-27T13:41:40","date_gmt":"2017-01-27T15:41:40","guid":{"rendered":"http:\/\/catolicanet.net\/wp-cnet\/2017\/01\/27\/papa-francisco-recebe-arnold-schwazenegger-no-vaticano\/"},"modified":"2017-05-30T16:20:03","modified_gmt":"2017-05-30T19:20:03","slug":"papa-francisco-recebe-arnold-schwazenegger-no-vaticano","status":"publish","type":"post","link":"https:\/\/catolicanet.net\/wp-cnet\/papa-francisco-recebe-arnold-schwazenegger-no-vaticano\/","title":{"rendered":"Papa Francisco recebe Arnold Schwazenegger no Vaticano"},"content":{"rendered":"<p style=\"text-align: justify;\"><img decoding=\"async\" src=\"http:\/\/www.catolicanet.com.br\/images\/stories\/noticias\/papafranciscoyarnom.jpg\" border=\"0\" align=\"left\" \/>Roma, 27 Jan. 17 \/ 09:00 am (ACI).- O famoso ator de origem austr\u00edaca e ex-governador da Calif\u00f3rnia (Estados Unidos), Arnold Schwarzenegger, encontrou-se no dia 25 de janeiro com o Papa Francisco depois da Audi\u00eancia Geral realizada na Sala Paulo VI, no Vaticano.<\/p>\n<p>Em sua conta pessoal no Twitter, Schwarzenegger expressou que \u201cfoi uma grande honra conhecer Sua Santidade o Papa Francisco. Sou um grande f\u00e3: \u00e9 um grande l\u00edder para a Igreja e administrador para todas as criaturas de Deus\u201d.<\/p>\n<p> \u201cSeu trabalho pelo meio ambiente me inspira e espero que possamos trabalhar juntos por uma energia limpa no futuro\u201d, manifestou em outro tu\u00edte.<\/p>\n<p>O protagonista da saga \u2018O Exterminador do futuro\u2019 e atualmente apresentador do programa \u2018The Apprentice\u2019, substituindo Donald Trump, participou da Audi\u00eancia Geral acompanhado por sua noiva Heather Milligan e conversou brevemente com o Pont\u00edfice.<\/p>\n<p>O ator presenteou o Papa com um livro sobre a Calif\u00f3rnia, falou sobre seu trabalho pelo meio ambiente e, por sua vez, o Santo Padre lhe deu de presente um ros\u00e1rio.<\/p>\n<p>Segundo informou a R\u00e1dio Vaticano, Schwarzenegger estava em Roma para promover o trabalho de sua ONG \u201cR20-Regions of Climate Action\u201d (Regi\u00f5es para A\u00e7\u00e3o Clim\u00e1tica), fundada por ele em 2010 e que busca auxiliar os governos a desenvolver e comunicar projetos de desenvolvimento com baixas emiss\u00f5es de carbono e resili\u00eancia clim\u00e1tica.<\/p>\n<p>Arnold Schwarzenegger se somou \u00e0 lista de celebridades que visitaram o Vaticano durante o Pontificado do Francisco. Entre eles figuram os cantores Andrea Bocelli e Pl\u00e1cido Domingo; os atores Leonardo Di Caprio, Angelina Jolie, Ralph Fiennes, Eduardo Ver\u00e1stegui, Martina Stoessel; o jogador de futebol argentino Lionel Messi, entre outros.<\/p>\n","protected":false},"excerpt":{"rendered":"<p>Roma, 27 Jan. 17 \/ 09:00 am (ACI).- O famoso ator de origem austr\u00edaca e ex-governador da Calif\u00f3rnia (Estados Unidos), Arnold Schwarzenegger, encontrou-se no dia 25 de janeiro com o Papa Francisco depois da Audi\u00eancia Geral realizada na Sala Paulo VI, no Vaticano. Em sua conta pessoal no Twitter, Schwarzenegger expressou que \u201cfoi uma grande [&hellip;]<\/p>\n","protected":false},"author":1,"featured_media":20258,"comment_status":"open","ping_status":"open","sticky":false,"template":"","format":"standard","meta":{"footnotes":""},"categories":[4],"tags":[],"class_list":["post-20259","post","type-post","status-publish","format-standard","has-post-thumbnail","hentry","category-cotidiano"],"_links":{"self":[{"href":"https:\/\/catolicanet.net\/wp-cnet\/wp-json\/wp\/v2\/posts\/20259","targetHints":{"allow":["GET"]}}],"collection":[{"href":"https:\/\/catolicanet.net\/wp-cnet\/wp-json\/wp\/v2\/posts"}],"about":[{"href":"https:\/\/catolicanet.net\/wp-cnet\/wp-json\/wp\/v2\/types\/post"}],"author":[{"embeddable":true,"href":"https:\/\/catolicanet.net\/wp-cnet\/wp-json\/wp\/v2\/users\/1"}],"replies":[{"embeddable":true,"href":"https:\/\/catolicanet.net\/wp-cnet\/wp-json\/wp\/v2\/comments?post=20259"}],"version-history":[{"count":1,"href":"https:\/\/catolicanet.net\/wp-cnet\/wp-json\/wp\/v2\/posts\/20259\/revisions"}],"predecessor-version":[{"id":24798,"href":"https:\/\/catolicanet.net\/wp-cnet\/wp-json\/wp\/v2\/posts\/20259\/revisions\/24798"}],"wp:featuredmedia":[{"embeddable":true,"href":"https:\/\/catolicanet.net\/wp-cnet\/wp-json\/wp\/v2\/media\/20258"}],"wp:attachment":[{"href":"https:\/\/catolicanet.net\/wp-cnet\/wp-json\/wp\/v2\/media?parent=20259"}],"wp:term":[{"taxonomy":"category","embeddable":true,"href":"https:\/\/catolicanet.net\/wp-cnet\/wp-json\/wp\/v2\/categories?post=20259"},{"taxonomy":"post_tag","embeddable":true,"href":"https:\/\/catolicanet.net\/wp-cnet\/wp-json\/wp\/v2\/tags?post=20259"}],"curies":[{"name":"wp","href":"https:\/\/api.w.org\/{rel}","templated":true}]}}