{"id":20244,"date":"2017-01-26T17:58:50","date_gmt":"2017-01-26T19:58:50","guid":{"rendered":"http:\/\/catolicanet.net\/wp-cnet\/2017\/01\/26\/missao-jovem-regional-leste-2\/"},"modified":"2017-05-30T16:20:03","modified_gmt":"2017-05-30T19:20:03","slug":"missao-jovem-regional-leste-2","status":"publish","type":"post","link":"https:\/\/catolicanet.net\/wp-cnet\/missao-jovem-regional-leste-2\/","title":{"rendered":"Miss\u00e3o Jovem Regional Leste 2"},"content":{"rendered":"<p style=\"text-align: center;\"><img decoding=\"async\" src=\"http:\/\/www.catolicanet.com.br\/images\/stories\/noticias\/img-20170109.jpg\" border=\"0\" \/><\/p>\n<p>A primeira Miss\u00e3o Jovem, promovida pelo Servi\u00e7o de Evangeliza\u00e7\u00e3o da Juventude, do Regional Leste II, que abrange os estados de Minas Gerais e Esp\u00edrito Santo ocorreu em Te\u00f3filo Otoni, entre 14 e 21 de janeiro. A missa6o remete ao apelo de Jesus, refor\u00e7ado por Papa Francisco, de uma Igreja que esteja em sa\u00edda para anunciar a Boa Nova do Reino de Deus: Ir sem medo e evangelizar.<\/p>\n<p><img decoding=\"async\" src=\"http:\/\/www.catolicanet.com.br\/images\/stories\/noticias\/img-20170119.jpg\" border=\"0\" align=\"left\" \/>MISSAO JOVEM CNBBA ideia do projeto, de realizar atividades mission\u00e1rias no regional, partiu dos tr\u00eas eixos de evangeliza\u00e7\u00e3o, votados como trabalho para Juventude. A a\u00e7\u00e3o tomou impulso a partir do projeto Miss\u00e3o Jovem, da CNBB, e se associa ao pedido do Papa durante a Jornada Mundial da Juventude no Brasil, em julho de 2013. primeira miss\u00e3o Jovem do Leste 2<\/p>\n<p>Na missa de envio o Padre Reinaldo da Diocese de Te\u00f3fio Otoni, destacou ao final da celebra\u00e7\u00e3o a import\u00e2ncia dessa miss\u00e3o estar acontecendo nas par\u00f3quias e que a Missa de envio havia sido na Catedral, pois l\u00e1 era o cora\u00e7\u00e3o da diocese e era do cora\u00e7\u00e3o da diocese que cada mission\u00e1rio deveria partir de encontro ao cora\u00e7\u00e3o do outro.<\/p>\n<p>primeira miss\u00e3o Jovem do Leste 2<\/p>\n<p><img decoding=\"async\" src=\"http:\/\/www.catolicanet.com.br\/images\/stories\/noticias\/img-20170119-wa003.jpg\" border=\"0\" align=\"right\" \/>Segundo Neliomar, articulador e referencial da juventude da diocese, a miss\u00e3o tem os seguintes objetivos: \u201cConhecer, compartilhar, rezar, estar de fato acontecendo uma troca de realidades entre os mission\u00e1rios e a comunidade. Ou seja, o Cristo que habita em mim conhece o Cristo que habita em voc\u00ea.\u201d<\/p>\n<p>Ao todo 66 jovens vindos das diversas dioceses e express\u00f5es do Leste II e os jovens da diocese participaram da miss\u00e3o que contou com mais de 400 jovens envolvidos desde a articula\u00e7\u00e3o e log\u00edstica at\u00e9 o viv\u00eancia mission\u00e1rio, segundo padre Rafael Ros\u00e1rio, assessor do Leste 2.<\/p>\n<p>Com informa\u00e7\u00f5es das Dioceses de Te\u00f3filo Otoni e S\u00e3o Jo\u00e3o Del Rei<\/p>\n<p>Saiba mais da miss\u00e3o em\u00a0 http:\/\/www.cnbbleste2.org.br\/<\/p>\n<p>\u00a0<\/p>\n<p>Fonte: Jovens Conectados<\/p>\n","protected":false},"excerpt":{"rendered":"<p>A primeira Miss\u00e3o Jovem, promovida pelo Servi\u00e7o de Evangeliza\u00e7\u00e3o da Juventude, do Regional Leste II, que abrange os estados de Minas Gerais e Esp\u00edrito Santo ocorreu em Te\u00f3filo Otoni, entre 14 e 21 de janeiro. A missa6o remete ao apelo de Jesus, refor\u00e7ado por Papa Francisco, de uma Igreja que esteja em sa\u00edda para anunciar [&hellip;]<\/p>\n","protected":false},"author":1,"featured_media":20243,"comment_status":"open","ping_status":"open","sticky":false,"template":"","format":"standard","meta":{"footnotes":""},"categories":[4],"tags":[],"class_list":["post-20244","post","type-post","status-publish","format-standard","has-post-thumbnail","hentry","category-cotidiano"],"_links":{"self":[{"href":"https:\/\/catolicanet.net\/wp-cnet\/wp-json\/wp\/v2\/posts\/20244","targetHints":{"allow":["GET"]}}],"collection":[{"href":"https:\/\/catolicanet.net\/wp-cnet\/wp-json\/wp\/v2\/posts"}],"about":[{"href":"https:\/\/catolicanet.net\/wp-cnet\/wp-json\/wp\/v2\/types\/post"}],"author":[{"embeddable":true,"href":"https:\/\/catolicanet.net\/wp-cnet\/wp-json\/wp\/v2\/users\/1"}],"replies":[{"embeddable":true,"href":"https:\/\/catolicanet.net\/wp-cnet\/wp-json\/wp\/v2\/comments?post=20244"}],"version-history":[{"count":1,"href":"https:\/\/catolicanet.net\/wp-cnet\/wp-json\/wp\/v2\/posts\/20244\/revisions"}],"predecessor-version":[{"id":24800,"href":"https:\/\/catolicanet.net\/wp-cnet\/wp-json\/wp\/v2\/posts\/20244\/revisions\/24800"}],"wp:featuredmedia":[{"embeddable":true,"href":"https:\/\/catolicanet.net\/wp-cnet\/wp-json\/wp\/v2\/media\/20243"}],"wp:attachment":[{"href":"https:\/\/catolicanet.net\/wp-cnet\/wp-json\/wp\/v2\/media?parent=20244"}],"wp:term":[{"taxonomy":"category","embeddable":true,"href":"https:\/\/catolicanet.net\/wp-cnet\/wp-json\/wp\/v2\/categories?post=20244"},{"taxonomy":"post_tag","embeddable":true,"href":"https:\/\/catolicanet.net\/wp-cnet\/wp-json\/wp\/v2\/tags?post=20244"}],"curies":[{"name":"wp","href":"https:\/\/api.w.org\/{rel}","templated":true}]}}