{"id":20223,"date":"2017-01-26T12:17:24","date_gmt":"2017-01-26T14:17:24","guid":{"rendered":"http:\/\/catolicanet.net\/wp-cnet\/2017\/01\/26\/2-de-fevereiro-21o-dia-mundial-da-vida-consagrada\/"},"modified":"2017-06-02T09:29:21","modified_gmt":"2017-06-02T12:29:21","slug":"2-de-fevereiro-21o-dia-mundial-da-vida-consagrada","status":"publish","type":"post","link":"https:\/\/catolicanet.net\/wp-cnet\/2-de-fevereiro-21o-dia-mundial-da-vida-consagrada\/","title":{"rendered":"2 de fevereiro: 21\u00aa Dia Mundial da Vida Consagrada"},"content":{"rendered":"<p style=\"text-align: justify;\"><img decoding=\"async\" src=\"http:\/\/www.catolicanet.com.br\/images\/stories\/noticias\/ossrom135374_articolo.jpg\" border=\"0\" align=\"left\" \/>Cidade do Vaticano (RV) &#8211; Celebrar-se-\u00e1, em 2 de fevereiro pr\u00f3ximo, o 21\u00aa Dia Mundial da Vida Consagrada.<\/p>\n<p style=\"text-align: justify;\">\u00a0<\/p>\n<p style=\"text-align: justify;\"><a href=\"http:\/\/media02.radiovaticana.va\/audio\/audio2\/mp3\/00567357.mp3\">Clique aqui para ouvir:<\/a><\/p>\n<p style=\"text-align: justify;\">\u00a0<\/p>\n<p style=\"text-align: justify;\">Nesse dia em que a Igreja recorda a Apresenta\u00e7\u00e3o de Jesus no Templo, o Papa Francisco presidir\u00e1 a celebra\u00e7\u00e3o eucar\u00edstica, na Bas\u00edlica de S\u00e3o Pedro, \u00e0s 17h30 locais (14h30 no hor\u00e1rio de Bras\u00edlia).<\/p>\n<p>Numa nota, divulgada nesta quarta-feira (25\/01), a Congrega\u00e7\u00e3o para os Institutos de Vida Consagrada e as Sociedades de Vida Apost\u00f3lica, cujo Prefeito \u00e9 o Cardeal Jo\u00e3o Braz de Aviz, destaca que, este ano, o dia adquire um significado particular de a\u00e7\u00e3o de gra\u00e7as e ora\u00e7\u00e3o pelo dom das voca\u00e7\u00f5es na perspectiva do S\u00ednodo dos Bispos dedicado ao tema \u201cOs jovens, a f\u00e9 e o discernimento vocacional\u201d. <\/p>\n<p>\u201cO \u00absim\u00bb total e generoso de uma vida doada \u00e9 semelhante a uma fonte de \u00e1gua, escondida por muito tempo nas profundidades da terra, na expectativa de jorrar e escorrer, num riacho de pureza e refrig\u00e9rio\u201d, destaca o comunicado do organismo vaticano, citando um trecho do discurso pelo Papa Francisco aos participantes do congresso italiano da Pastoral Vocacional, no in\u00edcio deste m\u00eas.<\/p>\n<p style=\"text-align: justify;\">\u00a0<\/p>\n<p style=\"text-align: justify;\">Fonte: R\u00e1dio Vaticano<\/p>\n","protected":false},"excerpt":{"rendered":"<p>Cidade do Vaticano (RV) &#8211; Celebrar-se-\u00e1, em 2 de fevereiro pr\u00f3ximo, o 21\u00aa Dia Mundial da Vida Consagrada. \u00a0 Clique aqui para ouvir: \u00a0 Nesse dia em que a Igreja recorda a Apresenta\u00e7\u00e3o de Jesus no Templo, o Papa Francisco presidir\u00e1 a celebra\u00e7\u00e3o eucar\u00edstica, na Bas\u00edlica de S\u00e3o Pedro, \u00e0s 17h30 locais (14h30 no hor\u00e1rio [&hellip;]<\/p>\n","protected":false},"author":1,"featured_media":20222,"comment_status":"open","ping_status":"open","sticky":false,"template":"","format":"standard","meta":{"footnotes":""},"categories":[3],"tags":[],"class_list":["post-20223","post","type-post","status-publish","format-standard","has-post-thumbnail","hentry","category-vaticano"],"_links":{"self":[{"href":"https:\/\/catolicanet.net\/wp-cnet\/wp-json\/wp\/v2\/posts\/20223","targetHints":{"allow":["GET"]}}],"collection":[{"href":"https:\/\/catolicanet.net\/wp-cnet\/wp-json\/wp\/v2\/posts"}],"about":[{"href":"https:\/\/catolicanet.net\/wp-cnet\/wp-json\/wp\/v2\/types\/post"}],"author":[{"embeddable":true,"href":"https:\/\/catolicanet.net\/wp-cnet\/wp-json\/wp\/v2\/users\/1"}],"replies":[{"embeddable":true,"href":"https:\/\/catolicanet.net\/wp-cnet\/wp-json\/wp\/v2\/comments?post=20223"}],"version-history":[{"count":1,"href":"https:\/\/catolicanet.net\/wp-cnet\/wp-json\/wp\/v2\/posts\/20223\/revisions"}],"predecessor-version":[{"id":27209,"href":"https:\/\/catolicanet.net\/wp-cnet\/wp-json\/wp\/v2\/posts\/20223\/revisions\/27209"}],"wp:featuredmedia":[{"embeddable":true,"href":"https:\/\/catolicanet.net\/wp-cnet\/wp-json\/wp\/v2\/media\/20222"}],"wp:attachment":[{"href":"https:\/\/catolicanet.net\/wp-cnet\/wp-json\/wp\/v2\/media?parent=20223"}],"wp:term":[{"taxonomy":"category","embeddable":true,"href":"https:\/\/catolicanet.net\/wp-cnet\/wp-json\/wp\/v2\/categories?post=20223"},{"taxonomy":"post_tag","embeddable":true,"href":"https:\/\/catolicanet.net\/wp-cnet\/wp-json\/wp\/v2\/tags?post=20223"}],"curies":[{"name":"wp","href":"https:\/\/api.w.org\/{rel}","templated":true}]}}