{"id":20214,"date":"2017-01-26T10:34:52","date_gmt":"2017-01-26T12:34:52","guid":{"rendered":"http:\/\/catolicanet.net\/wp-cnet\/2017\/01\/26\/papa-a-revolucao-crista-e-deixar-de-viver-para-nos-mesmos\/"},"modified":"2017-06-02T13:18:00","modified_gmt":"2017-06-02T16:18:00","slug":"papa-a-revolucao-crista-e-deixar-de-viver-para-nos-mesmos","status":"publish","type":"post","link":"https:\/\/catolicanet.net\/wp-cnet\/papa-a-revolucao-crista-e-deixar-de-viver-para-nos-mesmos\/","title":{"rendered":"Papa: a revolu\u00e7\u00e3o crist\u00e3 \u00e9 deixar de viver para n\u00f3s mesmos"},"content":{"rendered":"<p style=\"text-align: justify;\"><img decoding=\"async\" src=\"http:\/\/www.catolicanet.com.br\/images\/stories\/papas\/afp6204859_articolo.jpg\" border=\"0\" align=\"left\" \/>Cidade do Vaticano (RV) \u2013 No final da tarde desta quarta-feira (25), na Bas\u00edlica de S\u00e3o Paulo Fora dos Muros, o Papa Francisco presidiu a cerim\u00f4nia das v\u00e9speras que recorda a convers\u00e3o de S. Paulo.<\/p>\n<p>A celebra\u00e7\u00e3o marcou o encerramento da Semana de Ora\u00e7\u00e3o pela Unidade dos Crist\u00e3os, que teve tema inspirado no quinto cap\u00edtulo da segunda Carta de S\u00e3o Paulo aos Cor\u00edntios: \u201cReconcilia\u00e7\u00e3o \u2013 \u00c9 o amor de Cristo que nos impele\u201d. A mensagem do Papa na homilia foi motivada pelo mesmo caminho e empenho ecum\u00eanico do di\u00e1logo atrav\u00e9s dos \u201cembaixadores da reconcilia\u00e7\u00e3o\u201d, \u201cunidos no sofrimento pelo nome de Jesus\u201d.<\/p>\n<p>Francisco come\u00e7ou sua exorta\u00e7\u00e3o lembrando o encontro de Paulo com Jesus, na estrada para Damasco, que transformou radicalmente a vida do ap\u00f3stolo ao aderir ao \u201camor gratuito e imerecido de Deus, a Jesus Cristo crucificado e ressuscitado\u201d. Uma feliz not\u00edcia, a da \u201creconcilia\u00e7\u00e3o do homem com Deus\u201d, que Paulo n\u00e3o poderia guardar para si mesmo e foi impelido a proclamar.<\/p>\n<p>&#8220;O amor de Cristo&#8221;: n\u00e3o se trata do nosso amor por Cristo, mas do amor que Cristo tem por n\u00f3s. Da mesma forma, a reconcilia\u00e7\u00e3o para a qual somos impelidos n\u00e3o \u00e9 simplesmente uma iniciativa nossa: \u00e9 primariamente a reconcilia\u00e7\u00e3o que Deus nos oferece em Cristo. Antes de ser esfor\u00e7o humano de crentes que procuram superar as suas divis\u00f5es, \u00e9 um dom gratuito de Deus. Como resultado desse dom, a pessoa perdoada e amada \u00e9 chamada, por sua vez, a proclamar o evangelho da reconcilia\u00e7\u00e3o em palavras e obras, a viver e dar testemunho de uma exist\u00eancia reconciliada.<\/p>\n<p>Nessa perspectiva, \u201cpodemos hoje nos perguntar\u201d, disse Francisco, \u201ccomo \u00e9 poss\u00edvel proclamar esse evangelho de reconcilia\u00e7\u00e3o depois de s\u00e9culos de divis\u00f5es?\u201d. O caminho vem do pr\u00f3prio Paulo que enfatiza que \u201ca reconcilia\u00e7\u00e3o em Cristo n\u00e3o se pode realizar sem sacrif\u00edcio\u201d.<\/p>\n<p>Jesus deu a sua vida morrendo por todos. De modo semelhante os embaixadores de reconcilia\u00e7\u00e3o, em seu nome, s\u00e3o chamados a dar a vida, a n\u00e3o viver mais para si mesmos, mas para Aquele que morreu e ressuscitou por eles (cf. 2 Cor 5, 14-15). \u00c9 a revolu\u00e7\u00e3o que Paulo viveu, mas \u00e9 tamb\u00e9m a revolu\u00e7\u00e3o crist\u00e3 de sempre: deixar de viver para n\u00f3s mesmos, buscando os nossos interesses e a promo\u00e7\u00e3o da nossa imagem, mas reproduzir a imagem de Cristo, vivendo para Ele e de acordo com Ele, com o seu amor e no seu amor.<\/p>\n<p>Para a Igreja e para cada confiss\u00e3o crist\u00e3, disse o Papa, \u201c\u00e9 um convite a n\u00e3o se basear em programas, c\u00e1lculos e benef\u00edcios, a n\u00e3o se abandonar a oportunidades e modas passageiras, mas a procurar o caminho com o olhar sempre fixo na cruz do Senhor: l\u00e1 est\u00e1 o nosso programa de vida\u201d.<\/p>\n<p>\u00c9 um convite tamb\u00e9m a sair de todo o isolamento, a superar a tenta\u00e7\u00e3o da autorrefer\u00eancia, que impede de identificar aquilo que o Esp\u00edrito Santo realiza fora do nosso pr\u00f3prio espa\u00e7o. Poder\u00e1 se realizar uma aut\u00eantica reconcilia\u00e7\u00e3o entre os crist\u00e3os quando soubermos reconhecer os dons uns dos outros e formos capazes, com humildade e docilidade, de aprender uns dos outros, sem esperar que primeiro sejam os outros a aprender de n\u00f3s.<\/p>\n<p>\u201cSe vivermos esse morrer para n\u00f3s mesmos por amor de Jesus\u201d, disse o Papa, o nosso velho estilo de vida \u00e9 relegado ao passado. Um passado que \u00e9 \u00fatil e necess\u00e1rio para purificar a mem\u00f3ria, mas que \u201cpode paralisar e impedir de viver o presente\u201d.<\/p>\n<p>A Palavra de Deus nos encoraja a tirar for\u00e7a da mem\u00f3ria, a recordar o bem recebido do Senhor; mas tamb\u00e9m nos pede que deixemos o passado para tr\u00e1s a fim de seguir Jesus no presente e, n\u2019Ele, viver uma vida nova. \u00c0quele que renova todas as coisas (cf. Ap 21, 5), consintamos que nos oriente para um futuro novo, aberto \u00e0 esperan\u00e7a que n\u00e3o decepciona, um futuro onde ser\u00e1 poss\u00edvel superar as divis\u00f5es e os crentes, renovados no amor, que ir\u00e3o se encontrar plena e visivelmente unidos.<\/p>\n<p>O Papa Francisco finalizou a homilia saudando os representantes de outras confiss\u00f5es crist\u00e3s e comunidades eclesiais presentes na cerim\u00f4nia e recordando o caminho da unidade, em modo particular o quinto centen\u00e1rio da Reforma Protestante.<\/p>\n<p>O fato de, hoje, cat\u00f3licos e luteranos poderem recordar, juntos, um evento que dividiu os crist\u00e3os e de o fazerem com a esperan\u00e7a posta sobretudo em Jesus e na sua obra de reconcilia\u00e7\u00e3o, constitui um marco significativo, alcan\u00e7ado \u2013 gra\u00e7as a Deus e \u00e0 ora\u00e7\u00e3o \u2013 atrav\u00e9s de cinquenta anos de m\u00fatuo conhecimento e de di\u00e1logo ecum\u00eanico.<\/p>\n<p style=\"text-align: justify;\">\u00a0<\/p>\n<p style=\"text-align: justify;\">Fonte: R\u00e1dio Vaticano<\/p>\n","protected":false},"excerpt":{"rendered":"<p>Cidade do Vaticano (RV) \u2013 No final da tarde desta quarta-feira (25), na Bas\u00edlica de S\u00e3o Paulo Fora dos Muros, o Papa Francisco presidiu a cerim\u00f4nia das v\u00e9speras que recorda a convers\u00e3o de S. Paulo. A celebra\u00e7\u00e3o marcou o encerramento da Semana de Ora\u00e7\u00e3o pela Unidade dos Crist\u00e3os, que teve tema inspirado no quinto cap\u00edtulo [&hellip;]<\/p>\n","protected":false},"author":1,"featured_media":20213,"comment_status":"open","ping_status":"open","sticky":false,"template":"","format":"standard","meta":{"footnotes":""},"categories":[3],"tags":[],"class_list":["post-20214","post","type-post","status-publish","format-standard","has-post-thumbnail","hentry","category-vaticano"],"_links":{"self":[{"href":"https:\/\/catolicanet.net\/wp-cnet\/wp-json\/wp\/v2\/posts\/20214","targetHints":{"allow":["GET"]}}],"collection":[{"href":"https:\/\/catolicanet.net\/wp-cnet\/wp-json\/wp\/v2\/posts"}],"about":[{"href":"https:\/\/catolicanet.net\/wp-cnet\/wp-json\/wp\/v2\/types\/post"}],"author":[{"embeddable":true,"href":"https:\/\/catolicanet.net\/wp-cnet\/wp-json\/wp\/v2\/users\/1"}],"replies":[{"embeddable":true,"href":"https:\/\/catolicanet.net\/wp-cnet\/wp-json\/wp\/v2\/comments?post=20214"}],"version-history":[{"count":1,"href":"https:\/\/catolicanet.net\/wp-cnet\/wp-json\/wp\/v2\/posts\/20214\/revisions"}],"predecessor-version":[{"id":27211,"href":"https:\/\/catolicanet.net\/wp-cnet\/wp-json\/wp\/v2\/posts\/20214\/revisions\/27211"}],"wp:featuredmedia":[{"embeddable":true,"href":"https:\/\/catolicanet.net\/wp-cnet\/wp-json\/wp\/v2\/media\/20213"}],"wp:attachment":[{"href":"https:\/\/catolicanet.net\/wp-cnet\/wp-json\/wp\/v2\/media?parent=20214"}],"wp:term":[{"taxonomy":"category","embeddable":true,"href":"https:\/\/catolicanet.net\/wp-cnet\/wp-json\/wp\/v2\/categories?post=20214"},{"taxonomy":"post_tag","embeddable":true,"href":"https:\/\/catolicanet.net\/wp-cnet\/wp-json\/wp\/v2\/tags?post=20214"}],"curies":[{"name":"wp","href":"https:\/\/api.w.org\/{rel}","templated":true}]}}