{"id":20212,"date":"2017-01-26T10:20:05","date_gmt":"2017-01-26T12:20:05","guid":{"rendered":"http:\/\/catolicanet.net\/wp-cnet\/2017\/01\/26\/rede-seculo-21-transmite-aniversario-de-ordenacao-presbiteral-do-padre-alessandro-campos\/"},"modified":"2017-05-30T16:20:59","modified_gmt":"2017-05-30T19:20:59","slug":"rede-seculo-21-transmite-aniversario-de-ordenacao-presbiteral-do-padre-alessandro-campos","status":"publish","type":"post","link":"https:\/\/catolicanet.net\/wp-cnet\/rede-seculo-21-transmite-aniversario-de-ordenacao-presbiteral-do-padre-alessandro-campos\/","title":{"rendered":"Rede S\u00e9culo 21 transmite anivers\u00e1rio de Ordena\u00e7\u00e3o Presbiteral do Padre Alessandro Campos"},"content":{"rendered":"<p style=\"text-align: justify;\"><img decoding=\"async\" src=\"http:\/\/www.catolicanet.com.br\/images\/stories\/noticias\/padre alessandro campos foto rede sculo 21.jpg\" border=\"0\" align=\"left\" \/>Assista \u00e0 celebra\u00e7\u00e3o ao vivo, a partir das 19h30, pela Rede S\u00e9culo 21 na TV e internet<\/p>\n<p>Nesta sexta-feira, dia 27 de janeiro, a Rede S\u00e9culo 21 transmite ao vivo, \u00e0s 19h30, a celebra\u00e7\u00e3o dos 10 anos de Ordena\u00e7\u00e3o Presbiteral do Padre Alessandro Campos. A Santa Missa ser\u00e1 realizada na Catedral Diocesana Sant\u2019 Anna, em Mogi das Cruzes (SP).<br \/>Presidida por Dom Pedro Luiz Stringhini, e concelebrada pelo Pe. Alessandro Campos e demais sacerdotes presentes, este momento de a\u00e7\u00e3o de gra\u00e7as contar\u00e1 com a presen\u00e7a de muitos fieis da regi\u00e3o \u2013 que j\u00e1 se organizaram em caravanas para participar.<br \/>Ser\u00e1 poss\u00edvel acompanhar a transmiss\u00e3o da Santa Missa ao vivo pela Rede S\u00e9culo 21 na TV (clique aqui e confira como sintonizar em sua cidade) e tamb\u00e9m na internet, no portal www.rs21.com.br\/aovivo.<\/p>\n<p>Assista o Padre Alessandro Campos na Rede S\u00e9culo 21<br \/>Na Rede S\u00e9culo 21, Pe. Alessandro Campos apresenta o programa \u201cVem com F\u00e9\u201d, todas as quartas-feiras, das 19h30 \u00e0s 22h00. No palco do programa, Pe. Alessandro recebe artistas do universo sertanejo e tamb\u00e9m caravanas de todo o Brasil.<br \/>Para participar do programa Vem com F\u00e9, as caravanas devem entrar em contato com a Rede S\u00e9culo 21 pelo telefone (19) 3871.9620. A entrada \u00e9 gratuita e h\u00e1 estacionamento e pra\u00e7a de alimenta\u00e7\u00e3o no local. Os est\u00fadios da Rede S\u00e9culo 21 ficam em Valinhos (SP), na Rua Jo\u00e3o Previtale, 1834, Jardim Alto da Colina.<br \/>Tamb\u00e9m na 4\u00aa sexta-feira do m\u00eas, o Pe. Alessandro Campos celebra a Santa Missa, \u00e0s 19h30, com transmiss\u00e3o ao vivo para todo Brasil pela Rede S\u00e9culo 21.<br \/>Confira o programa Vem com F\u00e9 clicando aqui e as homilias do Padre Alessandro clicando aqui.<\/p>\n<p>Padre Alessandro Campos \u2013 O Padre Sertanejo do Brasil<br \/>Nascido em Guaratinguet\u00e1 (SP), sua voca\u00e7\u00e3o religiosa come\u00e7ou aos 7 anos, brincando de celebrar missas com suco de groselha e bolacha Maria, vestido com a camisola da sua av\u00f3. Aos 13 anos foi para o Semin\u00e1rio, e se ordenou Padre aos 24 anos em Resende (RJ).<br \/>A principal barreira que teve para ser Padre foi estudar para cumprir os cursos exigidos para se ordenar Sacerdote (Teologia e Filosofia). Mesmo ouvindo frases como \u201cpobre n\u00e3o faz faculdade\u201d, nunca deixou de acreditar. Chegou a caminhar quase 70 km a p\u00e9 de casa para a faculdade Mogi Dutra, onde se formou, por n\u00e3o ter dinheiro para a passagem.<br \/>Ap\u00f3s tantos desafios, foi incardinado na Arquidiocese Militar do Brasil; acolhido pelo saudoso Dom \u00c1vila.<br \/>Em 2014 retornou a sua Diocese de origem \u2013 Mogi das Cruzes\/SP. O Bispo Dom Pedro Luiz Stringhini acompanha e dirige todo o trabalho do Padre Alessandro, liberando-o para ser um Padre mission\u00e1rio para realizar shows de evangeliza\u00e7\u00e3o, programas de r\u00e1dio e TV.<br \/>Apaixonado por m\u00fasica caipira e observando que cantar cl\u00e1ssicos sertanejos nas missas substituindo os cantos tradicionais foi atrativo; resolveu inovar e assumiu o desafio de evangelizar atrav\u00e9s da m\u00fasica e da linguagem sertaneja.<br \/>Devido a aceita\u00e7\u00e3o do seu trabalho, ele conclui que todo brasileiro \u00e9 um sertanejo, crist\u00e3o, devoto de NSa. Aparecida. \u201cTodos tem um pezinho na ro\u00e7a; seja por seu av\u00f4, por sua bisav\u00f3. Todos trazem um gosto, uma saudade particular pelo campo\u201d.<br \/>Em 2010 lan\u00e7ou o projeto \u201cO Padre Sertanejo\u201d na m\u00eddia nacional. Em 2011 gravou o seu primeiro cd \u201cO HOMEM DECEPCIONA, JESUS CRISTO JAMAIS!\u201d que foi distribu\u00eddo primeiramente pela Universal Music e hoje \u00e9 distribu\u00eddo pela Sony Music.<br \/>Neste CD ele gravou uma sequ\u00eancia musical que apresenta algumas can\u00e7\u00f5es que formataram o projeto de evangeliza\u00e7\u00e3o atrav\u00e9s da m\u00fasica sertaneja, como cl\u00e1ssicos adaptados, uma composi\u00e7\u00e3o pr\u00f3pria a qual \u00e9 o t\u00edtulo do CD e composi\u00e7\u00f5es do Pe. Zezinho, de quem \u00e9 grande f\u00e3 e considera com o percursor da evangeliza\u00e7\u00e3o atrav\u00e9s da m\u00fasica no Brasil.<br \/>Em 2014, ap\u00f3s estrear na TV como apresentador de um programa de b\u00ean\u00e7\u00e3os e entretenimento, gravou o seu segundo CD \u201cO QUE \u00c9 QUE EU SOU SEM JESUS? NADA, NADA, NADA!\u201d.<br \/>Distribu\u00eddo pela Som Livre, \u00e9 recorde de vendas, ultrapassando um milh\u00e3o de c\u00f3pias, entrando para o top 50 mundial, recebendo o Disco de Diamante triplo.<br \/>Lan\u00e7ou em 2015 o seu primeiro DVD, que leva o t\u00edtulo: \u201cQUANDO DEUS QUER, NINGU\u00c9M SEGURA!\u201d, que traz todo o conceito musical do seu projeto; b\u00ean\u00e7\u00e3os, reflex\u00f5es e entretenimento. Tamb\u00e9m traz cl\u00e1ssicos com mensagens de f\u00e9, can\u00e7\u00f5es cat\u00f3licas no estilo sertanejo e a for\u00e7a da can\u00e7\u00e3o que baseia toda a sua evangeliza\u00e7\u00e3o; sem Jesus n\u00e3o somos nada.<br \/>Hoje apresenta o programa \u201cVem com F\u00e9\u201d, \u00e0s quartas-feiras, e celebra a Santa Missa, toda 4\u00aa sexta-feira do m\u00eas, na Rede S\u00e9culo 21.<\/p>\n<p style=\"text-align: justify;\">\u00a0<\/p>\n<p style=\"text-align: justify;\">Fonte: Rede S\u00e9culo 21<\/p>\n","protected":false},"excerpt":{"rendered":"<p>Assista \u00e0 celebra\u00e7\u00e3o ao vivo, a partir das 19h30, pela Rede S\u00e9culo 21 na TV e internet Nesta sexta-feira, dia 27 de janeiro, a Rede S\u00e9culo 21 transmite ao vivo, \u00e0s 19h30, a celebra\u00e7\u00e3o dos 10 anos de Ordena\u00e7\u00e3o Presbiteral do Padre Alessandro Campos. A Santa Missa ser\u00e1 realizada na Catedral Diocesana Sant\u2019 Anna, em [&hellip;]<\/p>\n","protected":false},"author":1,"featured_media":20211,"comment_status":"open","ping_status":"open","sticky":false,"template":"","format":"standard","meta":{"footnotes":""},"categories":[4],"tags":[],"class_list":["post-20212","post","type-post","status-publish","format-standard","has-post-thumbnail","hentry","category-cotidiano"],"_links":{"self":[{"href":"https:\/\/catolicanet.net\/wp-cnet\/wp-json\/wp\/v2\/posts\/20212","targetHints":{"allow":["GET"]}}],"collection":[{"href":"https:\/\/catolicanet.net\/wp-cnet\/wp-json\/wp\/v2\/posts"}],"about":[{"href":"https:\/\/catolicanet.net\/wp-cnet\/wp-json\/wp\/v2\/types\/post"}],"author":[{"embeddable":true,"href":"https:\/\/catolicanet.net\/wp-cnet\/wp-json\/wp\/v2\/users\/1"}],"replies":[{"embeddable":true,"href":"https:\/\/catolicanet.net\/wp-cnet\/wp-json\/wp\/v2\/comments?post=20212"}],"version-history":[{"count":1,"href":"https:\/\/catolicanet.net\/wp-cnet\/wp-json\/wp\/v2\/posts\/20212\/revisions"}],"predecessor-version":[{"id":24806,"href":"https:\/\/catolicanet.net\/wp-cnet\/wp-json\/wp\/v2\/posts\/20212\/revisions\/24806"}],"wp:featuredmedia":[{"embeddable":true,"href":"https:\/\/catolicanet.net\/wp-cnet\/wp-json\/wp\/v2\/media\/20211"}],"wp:attachment":[{"href":"https:\/\/catolicanet.net\/wp-cnet\/wp-json\/wp\/v2\/media?parent=20212"}],"wp:term":[{"taxonomy":"category","embeddable":true,"href":"https:\/\/catolicanet.net\/wp-cnet\/wp-json\/wp\/v2\/categories?post=20212"},{"taxonomy":"post_tag","embeddable":true,"href":"https:\/\/catolicanet.net\/wp-cnet\/wp-json\/wp\/v2\/tags?post=20212"}],"curies":[{"name":"wp","href":"https:\/\/api.w.org\/{rel}","templated":true}]}}