{"id":20209,"date":"2017-01-26T09:53:30","date_gmt":"2017-01-26T11:53:30","guid":{"rendered":"http:\/\/catolicanet.net\/wp-cnet\/2017\/01\/26\/esperanca-para-uma-sociedade-enferma\/"},"modified":"2017-05-05T10:27:00","modified_gmt":"2017-05-05T13:27:00","slug":"esperanca-para-uma-sociedade-enferma","status":"publish","type":"post","link":"https:\/\/catolicanet.net\/wp-cnet\/esperanca-para-uma-sociedade-enferma\/","title":{"rendered":"Esperan\u00e7a para uma Sociedade enferma"},"content":{"rendered":"<p style=\"text-align: justify;\">Tempos atr\u00e1s, quando falamos de uma \u201csociedade doente\u201d, algumas vozes discordantes levantaram a quest\u00e3o sobre o assunto. Creio que, diante de tantas barb\u00e1ries que n\u00e3o cessam de acontecer em nosso pa\u00eds (e tamb\u00e9m no mundo), caberia uma reflex\u00e3o.<br \/> O assunto de nossa festa de S\u00e3o Sebasti\u00e3o (trezena e o dia) foi sobre a Fam\u00edlia e a Solidariedade. Dois t\u00f3picos de um universo imenso de necessidades que ter\u00edamos que refletir. Ressoa em minha mente a palavra do Papa S\u00e3o Jo\u00e3o Paulo II: \u201co futuro da humanidade passa pela fam\u00edlia\u201d. Tamb\u00e9m vivemos o Ano da Fam\u00edlia em nossa Arquidiocese, junto com o Ano Mariano, justamente como eco das preocupa\u00e7\u00f5es do Papa Francisco, que, logo no in\u00edcio de seu pontificado, convocou uma Assembleia extraordin\u00e1ria e depois um S\u00ednodo Ordin\u00e1rio sobre a Fam\u00edlia e publicou, como consequ\u00eancia dessa consulta, o documento \u201cAmoris Laetitia\u201d, sobre a import\u00e2ncia da fam\u00edlia hoje.<br \/> O Papa Francisco tem se manifestado sobre a realidade do mundo de hoje: \u201cComo \u00e9 poss\u00edvel que perdure a prepot\u00eancia do homem sobre o homem? Que a arrog\u00e2ncia do mais forte continue a humilhar o mais fraco, relegando-o \u00e0s margens mais esqu\u00e1lidas do nosso mundo? At\u00e9 quando a maldade humana semear\u00e1 viol\u00eancia e \u00f3dio na Terra, causando v\u00edtimas inocentes? Como pode ser \u2018tempo da plenitude\u2019 quando, diante dos nossos olhos, multid\u00f5es de homens, mulheres e crian\u00e7as fogem da guerra, da fome, da persegui\u00e7\u00e3o, dispostos a arriscar a vida para que sejam respeitados os seus direitos fundamentais\u201d? (Cf. http:\/\/pt.aleteia.org\/2016\/01\/01\/papa-francisco-ate-quando-a-maldade-humana-semeara-violencia-e-odio-na-terra\/, \u00faltimo acesso em 12 de janeiro de 2017.)<\/p>\n<p> A sociedade est\u00e1 enferma! \u00c9 necess\u00e1rio que a democracia seja a base de uma grande transforma\u00e7\u00e3o nacional, de modo que o Estado, com urg\u00eancia,\u00a0 passe a cumprir seu papel. Se come\u00e7armos isso hoje \u2013 e parece que ainda n\u00e3o iniciamos essa nova trajet\u00f3ria&#8230; \u2013 ainda levar\u00e1 muitos anos para vermos bons resultados. Mas, \u00e9 preciso fazer! Quanto \u00e0s fam\u00edlias, \u00e9 premente o resgate da conviv\u00eancia fraterna, da responsabilidade dos pais, da orienta\u00e7\u00e3o e do acolhimento das crian\u00e7as e jovens. Faltam os valores que, caminhos errados de ideologias que nos dominaram, nos levaram a perder na sociedade muitos valores importantes, embora ainda tenhamos muitos homens e mulheres que vivem com generosidade e heroicidade sua vida de fam\u00edlia e solidariedade.<br \/> Encontramos na f\u00e9 crist\u00e3 a inspira\u00e7\u00e3o, a for\u00e7a e a resist\u00eancia para enfrentar o presente cen\u00e1rio de gravidade de nosso tempo. Deus, em sua infinita sabedoria, deu o livre arb\u00edtrio aos seres humanos. Muitos, entretanto, est\u00e3o usufruindo essa prerrogativa de maneira equivocada. \u00c9 premente reencontrar os valores da serenidade de esp\u00edrito, bondade, solidariedade, fraternidade e paz! Quando tais virtudes s\u00e3o esquecidas, a viol\u00eancia toma conta dos seus espa\u00e7os. <br \/> Diante das chacinas ocorridas ultimamente no Brasil, o Papa Francisco assim se pronunciou: \u201cEu gostaria de renovar o meu apelo para que institui\u00e7\u00f5es prisionais sejam locais de reabilita\u00e7\u00e3o e reintegra\u00e7\u00e3o social e que as condi\u00e7\u00f5es de vida dos detidos sejam dignas de seres humanos&#8221;. (Retirado do site: 1.globo.com\/mundo\/noticia\/papa-francisco-diz-estar-preocupado-apos-massacre-em-presidio-de-Manaus.ghtml, \u00daltimo acesso: 12\/01\/2017). O Papa Francisco j\u00e1 recebeu detidos no Vaticano e, em suas viagens ao exterior, muitas vezes visitou pris\u00f5es, e isso tem se tornado uma regra nas visitas apost\u00f3licas. <br \/>O Estado brasileiro, falho em suas responsabilidades constitucionais, pol\u00edticas e filos\u00f3ficas (estas dizem respeito \u00e0 sua fun\u00e7\u00e3o b\u00e1sica de proporcionar vida digna \u00e0 popula\u00e7\u00e3o), n\u00e3o \u00e9, por\u00e9m, o \u00fanico culpado pela viol\u00eancia que se vai disseminando no Pa\u00eds, que tem extrapolado cada vez mais o universo da criminalidade. A m\u00eddia mostra diariamente o grande n\u00famero de homic\u00eddios no \u00e2mbito das fam\u00edlias, vizinhos, brigas nas ruas, nas casas noturnas&#8230; tudo, infelizmente, por causas banais. Parte da sociedade parece contaminada pelo v\u00edrus da ferocidade. Um sintoma grave e preocupante! N\u00e3o s\u00f3 nos relacionamentos pessoais, mas tamb\u00e9m, lamentavelmente, nas m\u00eddias sociais.<br \/> A viol\u00eancia tamb\u00e9m emana no v\u00e1cuo da desestrutura\u00e7\u00e3o da fam\u00edlia no Brasil. Os filhos s\u00e3o cada vez mais isolados da conviv\u00eancia no lar e distantes do pai e\/ou da m\u00e3e. S\u00e3o decrescentes o di\u00e1logo, os abra\u00e7os fraternos, a conviv\u00eancia nas casas, a discuss\u00e3o do mundo sob a \u00f3tica da bondade, da justi\u00e7a, da toler\u00e2ncia e do amor. Prevalece a individualidade e, com ela, o ego\u00edsmo, a ambi\u00e7\u00e3o e a solid\u00e3o. \u00c0s drogas, que tornam os jovens, inclusive de classe m\u00e9dia e da alta, presas f\u00e1ceis do crime, muitos pais fecham os olhos como se, ao ignorar o problema, ele deixasse de existir. <br \/> Vivemos em momentos de grandes decis\u00f5es! Temos um pa\u00eds a reconstruir, que perdeu importantes valores humanos e morais. N\u00e3o ser\u00e1 f\u00e1cil viver a verdadeira democracia e construir juntos um mundo mais humano e fraterno. Todas as for\u00e7as vivas de nossa sociedade necessitam estar unidas e procurando o bem comum. As influ\u00eancias negativas do exterior e a press\u00e3o de entidades e grupos internacionais, que t\u00eam interesses de domina\u00e7\u00e3o ideol\u00f3gica, com suas interven\u00e7\u00f5es em nossa liberdade e com o poder da Comunica\u00e7\u00e3o, v\u00e3o aos poucos minando ainda mais nossa sociedade e tornando-a fr\u00e1gil. <br \/> O Papa Francisco, em sua mensagem para o Dia Mundial das Comunica\u00e7\u00f5es, recordou-nos muito bem: \u201cCreio que h\u00e1 necessidade de romper o c\u00edrculo vicioso da ang\u00fastia e deter a espiral do medo, resultante do h\u00e1bito de se fixar a aten\u00e7\u00e3o nas \u00abnot\u00edcias m\u00e1s\u00bb (guerras, terrorismo, esc\u00e2ndalos e todo o tipo de falimento nas vicissitudes humanas). N\u00e3o se trata, naturalmente, de promover desinforma\u00e7\u00e3o onde seja ignorado o drama do sofrimento, nem de cair num otimismo ing\u00e9nuo que n\u00e3o se deixe tocar pelo esc\u00e2ndalo do mal. Antes, pelo contr\u00e1rio, queria que todos procur\u00e1ssemos ultrapassar aquele sentimento de mau-humor e resigna\u00e7\u00e3o que muitas vezes se apodera de n\u00f3s, lan\u00e7ando-nos na apatia, gerando medos ou a impress\u00e3o de n\u00e3o ser poss\u00edvel p\u00f4r limites ao mal. Ali\u00e1s, num sistema comunicador onde vigora a l\u00f3gica de que uma not\u00edcia boa n\u00e3o desperta a aten\u00e7\u00e3o e, por conseguinte, n\u00e3o \u00e9 uma not\u00edcia, e onde o drama do sofrimento e o mist\u00e9rio do mal facilmente s\u00e3o elevados a espet\u00e1culo, podemos ser tentados a anestesiar a consci\u00eancia ou cair no desespero\u201d. \u00c9 um trecho de sua mensagem para o 51\u00ba Dia Mundial das Comunica\u00e7\u00f5es que tem como tema: \u00ab\u201cN\u00e3o tenhas medo, que Eu estou contigo\u201d (Is 43, 5). Comunicar esperan\u00e7a e confian\u00e7a, no nosso tempo\u00bb.<br \/> Diante de um mundo complexo e intolerante, um pa\u00eds ferido e uma sociedade enferma, cabe a n\u00f3s anunciarmos a Boa Nova que tudo pode ser transformado e renovado, e n\u00f3s somos enviados a ser sinais dessa esperan\u00e7a. Como nos lembra o Papa em sua mensagem para o Dia Mundial das Comunica\u00e7\u00f5es: \u201cQuem, com f\u00e9, se deixa guiar pelo Esp\u00edrito Santo, torna-se capaz de discernir em cada evento o que acontece entre Deus e a humanidade, reconhecendo como Ele mesmo, no cen\u00e1rio dram\u00e1tico deste mundo, esteja compondo a trama duma hist\u00f3ria de salva\u00e7\u00e3o. O fio com que se tece esta hist\u00f3ria sagrada \u00e9 a esperan\u00e7a, e o seu tecedor s\u00f3 pode ser o Esp\u00edrito Consolador. A esperan\u00e7a \u00e9 a mais humilde das virtudes, porque permanece escondida nas pregas da vida, mas \u00e9 semelhante ao fermento que faz levedar toda a massa. Alimentamo-la lendo sem cessar a Boa Not\u00edcia, aquele Evangelho que foi \u00abreimpresso\u00bb em tantas edi\u00e7\u00f5es nas vidas dos Santos, homens e mulheres que se tornaram \u00edcones do amor de Deus. Tamb\u00e9m hoje \u00e9 o Esp\u00edrito que semeia em n\u00f3s o desejo do Reino, atrav\u00e9s de muitos \u00abcanais\u00bb vivos, atrav\u00e9s das pessoas que se deixam conduzir pela Boa Not\u00edcia no meio do drama da hist\u00f3ria, tornando-se como que far\u00f3is na escurid\u00e3o deste mundo, que iluminam a rota e abrem novas sendas de confian\u00e7a e esperan\u00e7a\u201d.<\/p>\n","protected":false},"excerpt":{"rendered":"<p>Tempos atr\u00e1s, quando falamos de uma \u201csociedade doente\u201d, algumas vozes discordantes levantaram a quest\u00e3o sobre o assunto. Creio que, diante de tantas barb\u00e1ries que n\u00e3o cessam de acontecer em nosso pa\u00eds (e tamb\u00e9m no mundo), caberia uma reflex\u00e3o. O assunto de nossa festa de S\u00e3o Sebasti\u00e3o (trezena e o dia) foi sobre a Fam\u00edlia e [&hellip;]<\/p>\n","protected":false},"author":5,"featured_media":0,"comment_status":"open","ping_status":"open","sticky":false,"template":"","format":"standard","meta":{"footnotes":""},"categories":[9],"tags":[],"class_list":["post-20209","post","type-post","status-publish","format-standard","hentry","category-artigos"],"_links":{"self":[{"href":"https:\/\/catolicanet.net\/wp-cnet\/wp-json\/wp\/v2\/posts\/20209","targetHints":{"allow":["GET"]}}],"collection":[{"href":"https:\/\/catolicanet.net\/wp-cnet\/wp-json\/wp\/v2\/posts"}],"about":[{"href":"https:\/\/catolicanet.net\/wp-cnet\/wp-json\/wp\/v2\/types\/post"}],"author":[{"embeddable":true,"href":"https:\/\/catolicanet.net\/wp-cnet\/wp-json\/wp\/v2\/users\/5"}],"replies":[{"embeddable":true,"href":"https:\/\/catolicanet.net\/wp-cnet\/wp-json\/wp\/v2\/comments?post=20209"}],"version-history":[{"count":1,"href":"https:\/\/catolicanet.net\/wp-cnet\/wp-json\/wp\/v2\/posts\/20209\/revisions"}],"predecessor-version":[{"id":21065,"href":"https:\/\/catolicanet.net\/wp-cnet\/wp-json\/wp\/v2\/posts\/20209\/revisions\/21065"}],"wp:attachment":[{"href":"https:\/\/catolicanet.net\/wp-cnet\/wp-json\/wp\/v2\/media?parent=20209"}],"wp:term":[{"taxonomy":"category","embeddable":true,"href":"https:\/\/catolicanet.net\/wp-cnet\/wp-json\/wp\/v2\/categories?post=20209"},{"taxonomy":"post_tag","embeddable":true,"href":"https:\/\/catolicanet.net\/wp-cnet\/wp-json\/wp\/v2\/tags?post=20209"}],"curies":[{"name":"wp","href":"https:\/\/api.w.org\/{rel}","templated":true}]}}