{"id":20195,"date":"2017-01-24T16:50:47","date_gmt":"2017-01-24T18:50:47","guid":{"rendered":"http:\/\/catolicanet.net\/wp-cnet\/2017\/01\/24\/donald-trump-assina-ordem-que-impede-estados-unidos-de-financiar-abortos-no-exterior\/"},"modified":"2017-05-26T10:47:54","modified_gmt":"2017-05-26T13:47:54","slug":"donald-trump-assina-ordem-que-impede-estados-unidos-de-financiar-abortos-no-exterior","status":"publish","type":"post","link":"https:\/\/catolicanet.net\/wp-cnet\/donald-trump-assina-ordem-que-impede-estados-unidos-de-financiar-abortos-no-exterior\/","title":{"rendered":"Donald Trump assina ordem que impede Estados Unidos de financiar abortos no exterior"},"content":{"rendered":"<p style=\"text-align: justify;\"><img decoding=\"async\" src=\"http:\/\/www.catolicanet.com.br\/images\/stories\/donaldtrump.jpg\" border=\"0\" align=\"left\" \/>WASHINGTON DC, 24 Jan. 17 \/ 09:30 am (ACI).- Donald Trump, novo presidente dos Estados Unidos, assinou ontem uma ordem executiva reinstaurando a \u201cpol\u00edtica da Cidade do M\u00e9xico\u201d, uma regula\u00e7\u00e3o pr\u00f3-vida internacional que impede que o governo dos Estados Unidos financie ou promova o aborto no exterior.<\/p>\n<p>Esta regula\u00e7\u00e3o \u00e9 vista geralmente como um indicador das opini\u00f5es do presidente entrante a respeito do aborto.<\/p>\n<p>A ordem executiva foi assinada um dia depois do anivers\u00e1rio da senten\u00e7a da Corte Suprema sobre o caso Roe vs. Wade, atrav\u00e9s da qual o aborto foi legalizado em todo os Estados Unidos, em 1973.<\/p>\n<p>Institu\u00edda originalmente em 1984, pelo ent\u00e3o presidente Ronald Reagan, a \u201cpol\u00edtica da Cidade do M\u00e9xico\u201d, chamada assim pela cidade na qual foi anunciada, determina que as organiza\u00e7\u00f5es n\u00e3o governamentais estrangeiras n\u00e3o podem receber financiamento de recursos p\u00fablicos caso realizem ou promovam o aborto como um m\u00e9todo de planejamento familiar.<\/p>\n<p>Nos anos seguintes, a \u2018pol\u00edtica da Cidade do M\u00e9xico\u2019 se converteu em um emblema da postura do novo presidente sobre o aborto. Os presidentes entrantes geralmente derrogam ou reinstauram esta pol\u00edtica durante a sua primeira semana no poder, simbolizando a postura que tomar\u00e3o sobre temas de aborto durante o seu mandato.<\/p>\n<p>O presidente Bill Clinton derrogou esta pol\u00edtica em 22 de janeiro de 1993. George W. Bush a reinstaurou no dia 22 de janeiro de 2001.<\/p>\n<p>Barack Obama a derrogou novamente em 23 de janeiro de 2009, recebendo cr\u00edticas do Vaticano.<\/p>\n<p>Restaurar a \u2018pol\u00edtica da Cidade do M\u00e9xico\u2019 n\u00e3o estava entre as promessas que Trump fez durante a sua campanha presidencial.<\/p>\n<p>O novo presidente fez outras promessas pr\u00f3-vida durante a campanha, entre elas nomear ju\u00edzes pr\u00f3-vida para a Corte Suprema; assinar uma lei proibindo os abortos tardios; cortar o financiamento p\u00fablico \u00e0 multinacional abortista Planned Parenthood e redistribuir esse dinheiro para centros de sa\u00fade comunit\u00e1rios que n\u00e3o pratiquem abortos; e fazer uma proibi\u00e7\u00e3o permanente para que o dinheiro dos contribuintes n\u00e3o financie abortos.<\/p>\n<p style=\"text-align: justify;\">\u00a0<\/p>\n<p style=\"text-align: justify;\">Fonte: Acidigital<\/p>\n","protected":false},"excerpt":{"rendered":"<p>WASHINGTON DC, 24 Jan. 17 \/ 09:30 am (ACI).- Donald Trump, novo presidente dos Estados Unidos, assinou ontem uma ordem executiva reinstaurando a \u201cpol\u00edtica da Cidade do M\u00e9xico\u201d, uma regula\u00e7\u00e3o pr\u00f3-vida internacional que impede que o governo dos Estados Unidos financie ou promova o aborto no exterior. Esta regula\u00e7\u00e3o \u00e9 vista geralmente como um indicador [&hellip;]<\/p>\n","protected":false},"author":1,"featured_media":20194,"comment_status":"open","ping_status":"open","sticky":false,"template":"","format":"standard","meta":{"footnotes":""},"categories":[3],"tags":[],"class_list":["post-20195","post","type-post","status-publish","format-standard","has-post-thumbnail","hentry","category-vaticano"],"_links":{"self":[{"href":"https:\/\/catolicanet.net\/wp-cnet\/wp-json\/wp\/v2\/posts\/20195","targetHints":{"allow":["GET"]}}],"collection":[{"href":"https:\/\/catolicanet.net\/wp-cnet\/wp-json\/wp\/v2\/posts"}],"about":[{"href":"https:\/\/catolicanet.net\/wp-cnet\/wp-json\/wp\/v2\/types\/post"}],"author":[{"embeddable":true,"href":"https:\/\/catolicanet.net\/wp-cnet\/wp-json\/wp\/v2\/users\/1"}],"replies":[{"embeddable":true,"href":"https:\/\/catolicanet.net\/wp-cnet\/wp-json\/wp\/v2\/comments?post=20195"}],"version-history":[{"count":1,"href":"https:\/\/catolicanet.net\/wp-cnet\/wp-json\/wp\/v2\/posts\/20195\/revisions"}],"predecessor-version":[{"id":23187,"href":"https:\/\/catolicanet.net\/wp-cnet\/wp-json\/wp\/v2\/posts\/20195\/revisions\/23187"}],"wp:featuredmedia":[{"embeddable":true,"href":"https:\/\/catolicanet.net\/wp-cnet\/wp-json\/wp\/v2\/media\/20194"}],"wp:attachment":[{"href":"https:\/\/catolicanet.net\/wp-cnet\/wp-json\/wp\/v2\/media?parent=20195"}],"wp:term":[{"taxonomy":"category","embeddable":true,"href":"https:\/\/catolicanet.net\/wp-cnet\/wp-json\/wp\/v2\/categories?post=20195"},{"taxonomy":"post_tag","embeddable":true,"href":"https:\/\/catolicanet.net\/wp-cnet\/wp-json\/wp\/v2\/tags?post=20195"}],"curies":[{"name":"wp","href":"https:\/\/api.w.org\/{rel}","templated":true}]}}