{"id":20189,"date":"2017-01-24T12:12:37","date_gmt":"2017-01-24T14:12:37","guid":{"rendered":"http:\/\/catolicanet.net\/wp-cnet\/2017\/01\/24\/papa-o-senhor-nos-convida-diariamente-a-dizer-qeis-meq\/"},"modified":"2017-06-02T13:47:23","modified_gmt":"2017-06-02T16:47:23","slug":"papa-o-senhor-nos-convida-diariamente-a-dizer-qeis-meq","status":"publish","type":"post","link":"https:\/\/catolicanet.net\/wp-cnet\/papa-o-senhor-nos-convida-diariamente-a-dizer-qeis-meq\/","title":{"rendered":"Papa: o Senhor nos convida diariamente a dizer &#8220;eis-me&#8221;"},"content":{"rendered":"<p style=\"text-align: justify;\"><img decoding=\"async\" src=\"http:\/\/www.catolicanet.com.br\/images\/stories\/1895370_articolo.jpg\" border=\"0\" align=\"left\" \/>Cidade do Vaticano (RV) \u2013 O Papa Francisco celebrou a missa na capela da Casa Santa Marta esta ter\u00e7a-feira (24\/01), centralizando a sua homilia na Carta aos Hebreus proposta pela liturgia do dia.<\/p>\n<p style=\"text-align: justify;\">\u00a0<\/p>\n<p style=\"text-align: justify;\"><a href=\"http:\/\/media02.radiovaticana.va\/audio\/audio2\/mp3\/00567079.mp3\">Clique aqui para ouvir:<\/a><\/p>\n<p style=\"text-align: justify;\">\u00a0<\/p>\n<p style=\"text-align: justify;\">Quando Cristo vem ao mundo, diz: \u201cTu n\u00e3o quiseste nem te agradaram v\u00edtimas, oferendas, holocaustos, sacrif\u00edcios pelo pecado&#8217;. &#8216;Eu vim para fazer a tua vontade&#8217;\u201d. Estas palavras de Jesus \u2013 explicou o Papa \u2013 desfecham uma hist\u00f3ria de \u201ceis-me\u201d concatenados: \u201ca hist\u00f3ria da salva\u00e7\u00e3o\u201d \u00e9 \u201cuma hist\u00f3ria de \u2018eis-me\u2019\u201d.<\/p>\n<p style=\"text-align: justify;\">\u00a0<\/p>\n<p style=\"text-align: justify;\"><a href=\"https:\/\/www.youtube.com\/watch?v=ixGEnmlNsx4\">Clique aqui para assistir o v\u00eddeo:<\/a><\/p>\n<p style=\"text-align: justify;\">\n<p>Depois de Ad\u00e3o, que se esconde porque tinha medo do Senhor, Deus come\u00e7a a chamar e a ouvir a resposta daqueles homens e mulheres que dizem: \u201cEis-me. Estou disposto. Estou disposta\u201d. Do eis-me de Abra\u00e3o, Mois\u00e9s, Elias, Isa\u00edas, Jeremias, at\u00e9 chegar ao grande \u201ceis-me\u201d de Maria e ao \u00faltimo \u201ceis-me\u201d, o de Jesus. \u201cUma hist\u00f3ria de \u2018eis-me\u2019, mas n\u00e3o autom\u00e1ticos\u201d, porque \u201co Senhor dialoga com aqueles que convida\u201d:<\/p>\n<p>\u201cO Senhor dialoga sempre com aqueles que convida a percorrer esta estrada e a dizer o eis-me. H\u00e1 muita paci\u00eancia, muita paci\u00eancia. Quando lemos o Livro de J\u00f3, todos esses racioc\u00ednios de J\u00f3, que n\u00e3o entende, e as respostas, e o Senhor que fala, o corrige \u2026 e no final, qual \u00e9 o eis-me de J\u00f3? \u2018Ah, Senhor, Tu tens raz\u00e3o: eu te conhecia somente por ouvir falar; agora os meus olhos te viram\u2019. O eis-me quando existe a vontade, eh? A vida crist\u00e3 \u00e9 isto: um eis-me, um eis-me cont\u00ednuo para fazer a vontade do Senhor. E um atr\u00e1s do outro\u2026. \u00c9 belo ler a Escritura, a B\u00edblia, buscando as respostas das pessoas ao Senhor, como respondiam, e encontrar estas respostas \u00e9 t\u00e3o bonito. \u2018Eis-me, eu vim para fazer a Tua vontade\u2019\u201d.<\/p>\n<p>A liturgia de hoje nos exorta a refletir: como vai o meu eis-me ao Senhor?:<\/p>\n<p>\u201cEu me escondo, como Ad\u00e3o, para n\u00e3o responder? Ou quando o Senhor me chama, ao inv\u00e9s de dizer \u2018eis-me\u2019 ou \u2018o que quer de mim?\u2019, fujo, como Jonas, que n\u00e3o queria fazer o que o Senhor lhe pedia? Ou fa\u00e7o de conta de fazer a vontade do Senhor, mas somente externamente, como os doutores da lei aos quais Jesus condena duramente? Faziam de conta: \u2018Tudo bem, \u2026 nada de perguntas: eu fa\u00e7o isso e nada mais\u2019. Ou olho para o outro lado, como fizeram o levita e o sacerdote diante daquele pobre homem ferido, agredido pelos brigantes, abandonado meio morto? Como \u00e9 a minha resposta ao Senhor?\u201d.<\/p>\n<p>O Senhor nos chama todos os dias e nos convida a dizer o nosso eis-me \u2013 concluiu o Papa \u2013, mas podemos \u201cdiscutir\u201d com Ele:<\/p>\n<p>\u201cEle gosta de discutir conosco. Algu\u00e9m me diz: \u2018Mas, Padre, quando rezo, muitas vezes fico bravo com o Senhor\u2026\u2019: mas tamb\u00e9m isso \u00e9 ora\u00e7\u00e3o! Ele gosta quando voc\u00ea fica bravo e diz claramente aquilo que sente, porque \u00e9 Pai! Mas isso \u00e9 tamb\u00e9m um eis-me \u2026. Ou me escondo? Ou fujo? Ou fa\u00e7o de conta? Ou olho para o outro lado? Cada um de n\u00f3s pode responder: como \u00e9 o meu eis-me ao Senhor, para fazer a Sua vontade na minha vida. Como \u00e9. Que o Esp\u00edrito Santo nos d\u00ea a gra\u00e7a de encontrar a resposta\u201d.<\/p>\n<p style=\"text-align: justify;\">\u00a0<\/p>\n<p style=\"text-align: justify;\">Fonte: R\u00e1dio Vaticano<\/p>\n","protected":false},"excerpt":{"rendered":"<p>Cidade do Vaticano (RV) \u2013 O Papa Francisco celebrou a missa na capela da Casa Santa Marta esta ter\u00e7a-feira (24\/01), centralizando a sua homilia na Carta aos Hebreus proposta pela liturgia do dia. \u00a0 Clique aqui para ouvir: \u00a0 Quando Cristo vem ao mundo, diz: \u201cTu n\u00e3o quiseste nem te agradaram v\u00edtimas, oferendas, holocaustos, sacrif\u00edcios [&hellip;]<\/p>\n","protected":false},"author":1,"featured_media":20188,"comment_status":"open","ping_status":"open","sticky":false,"template":"","format":"standard","meta":{"footnotes":""},"categories":[3],"tags":[],"class_list":["post-20189","post","type-post","status-publish","format-standard","has-post-thumbnail","hentry","category-vaticano"],"_links":{"self":[{"href":"https:\/\/catolicanet.net\/wp-cnet\/wp-json\/wp\/v2\/posts\/20189","targetHints":{"allow":["GET"]}}],"collection":[{"href":"https:\/\/catolicanet.net\/wp-cnet\/wp-json\/wp\/v2\/posts"}],"about":[{"href":"https:\/\/catolicanet.net\/wp-cnet\/wp-json\/wp\/v2\/types\/post"}],"author":[{"embeddable":true,"href":"https:\/\/catolicanet.net\/wp-cnet\/wp-json\/wp\/v2\/users\/1"}],"replies":[{"embeddable":true,"href":"https:\/\/catolicanet.net\/wp-cnet\/wp-json\/wp\/v2\/comments?post=20189"}],"version-history":[{"count":1,"href":"https:\/\/catolicanet.net\/wp-cnet\/wp-json\/wp\/v2\/posts\/20189\/revisions"}],"predecessor-version":[{"id":27214,"href":"https:\/\/catolicanet.net\/wp-cnet\/wp-json\/wp\/v2\/posts\/20189\/revisions\/27214"}],"wp:featuredmedia":[{"embeddable":true,"href":"https:\/\/catolicanet.net\/wp-cnet\/wp-json\/wp\/v2\/media\/20188"}],"wp:attachment":[{"href":"https:\/\/catolicanet.net\/wp-cnet\/wp-json\/wp\/v2\/media?parent=20189"}],"wp:term":[{"taxonomy":"category","embeddable":true,"href":"https:\/\/catolicanet.net\/wp-cnet\/wp-json\/wp\/v2\/categories?post=20189"},{"taxonomy":"post_tag","embeddable":true,"href":"https:\/\/catolicanet.net\/wp-cnet\/wp-json\/wp\/v2\/tags?post=20189"}],"curies":[{"name":"wp","href":"https:\/\/api.w.org\/{rel}","templated":true}]}}