{"id":20185,"date":"2017-01-24T11:47:48","date_gmt":"2017-01-24T13:47:48","guid":{"rendered":"http:\/\/catolicanet.net\/wp-cnet\/2017\/01\/24\/qa-igreja-tem-dado-historicamente-grandes-contribuicoes-nas-areas-de-cultura-e-educacao-em-nosso-pais-afirma-dom-joao-justino\/"},"modified":"2017-05-26T13:06:17","modified_gmt":"2017-05-26T16:06:17","slug":"qa-igreja-tem-dado-historicamente-grandes-contribuicoes-nas-areas-de-cultura-e-educacao-em-nosso-pais-afirma-dom-joao-justino","status":"publish","type":"post","link":"https:\/\/catolicanet.net\/wp-cnet\/qa-igreja-tem-dado-historicamente-grandes-contribuicoes-nas-areas-de-cultura-e-educacao-em-nosso-pais-afirma-dom-joao-justino\/","title":{"rendered":"&#8220;A Igreja tem dado historicamente grandes contribui\u00e7\u00f5es nas \u00e1reas de cultura e educa\u00e7\u00e3o em nosso pa\u00eds\u201d, afirma dom Jo\u00e3o Justino"},"content":{"rendered":"<p style=\"text-align: justify;\"><img decoding=\"async\" src=\"http:\/\/www.catolicanet.com.br\/images\/stories\/noticias\/joao__.jpg\" border=\"0\" align=\"left\" \/>Bispo detalha os planejamentos da Comiss\u00e3o para a Cultura e a Educa\u00e7\u00e3o da CNBB<\/p>\n<p>H\u00e1 quase dois anos como presidente da Comiss\u00e3o para a Cultura e a Educa\u00e7\u00e3o da Confer\u00eancia Nacional dos Bispos do Brasil (CNBB), o bispo auxiliar de Belo Horizonte (MG), dom Jo\u00e3o Justino de Medeiros Silva destaca a import\u00e2ncia do trabalho desenvolvido pela Comiss\u00e3o e fala sobre os planejamentos deste ano para as \u00e1reas de educa\u00e7\u00e3o e cultura. A entrevista foi concedida ao programa \u201cIgreja no Brasil\u201d, produzido pela CNBB.<\/p>\n<p>A come\u00e7ar pelos objetivos, dom Jo\u00e3o Justino destacou que a Comiss\u00e3o tem por miss\u00e3o acompanhar a cultura e a educa\u00e7\u00e3o no pa\u00eds. \u201cN\u00f3s poder\u00edamos resumir dizendo que cultura e educa\u00e7\u00e3o s\u00e3o dois aspectos da vida das pessoas e da sociedade em que todos est\u00e3o envolvidos, principalmente n\u00f3s tamb\u00e9m, crist\u00e3os cat\u00f3licos. A Igreja tem o grande cuidado com a educa\u00e7\u00e3o e com a cultura e tem dado historicamente grandes contribui\u00e7\u00f5es nessas \u00e1reas\u201d, disse.<\/p>\n<p>J\u00e1 sobre as atividades desenvolvidas pela Comiss\u00e3o, o bispo explicou que elas s\u00e3o baseadas em quatro \u00e2mbitos de atua\u00e7\u00e3o, s\u00e3o eles: o Setor da Cultura, o Setor Universidades, o Setor Educa\u00e7\u00e3o e o Setor Ensino Religioso Escolar. De acordo com ele, tais segmentos realizam diversos projetos que v\u00e3o desde a elabora\u00e7\u00e3o de encontros a cursos. Em 2016, por exemplo, dom Jo\u00e3o Justino citou que o Setor Universidades realizou encontros regionais e nacionais e destacou a atua\u00e7\u00e3o do assessor, padre Danilo Pinto dos Santos.<\/p>\n<p>\u201cEu destacaria a atua\u00e7\u00e3o do nosso assessor para o Setor Universidades, padre Danilo Pinto, que \u00e9 do clero da arquidiocese de Salvador e que tem feito um trabalho de contato pessoal, que vai descobrindo nas dioceses experi\u00eancias de trabalhos junto \u00e0s comunidades universit\u00e1rias. Com isso, ele vai encontrando l\u00edderes e propondo encontros em que esses l\u00edderes diocesanos come\u00e7am a partilhar suas experi\u00eancias e a estudar o projeto do Setor Universidades, fortalecendo-o em seus pr\u00f3prios regionais\u201d, enfatizou o bispo.<br \/>Prioridades para 2017<\/p>\n<p>Quando questionado sobre as prioridades da Comiss\u00e3o para este ano, dom Jo\u00e3o Justino fez quest\u00e3o de considerar cada setor. No Setor Universidades, destacou a continuidade da articula\u00e7\u00e3o dos regionais, processo que segundo ele j\u00e1 est\u00e1 em curso e tem sido \u201cexitoso\u201d. Tamb\u00e9m falou sobre a realiza\u00e7\u00e3o do IV Encontro Brasileiro de Universit\u00e1rios Crist\u00e3os (EBRUC), que ocorrer\u00e1 no m\u00eas de setembro, em Manaus (AM). \u201cUma s\u00e9rie de encontros, atividades, trabalhos est\u00e3o sendo realizados na perspectiva de preparar esse grande encontro. \u00c9 uma experi\u00eancia que vai enriquecer todos que v\u00e3o participar e poder contribuir\u201d, disse.<\/p>\n<p>No Setor Educa\u00e7\u00e3o, dom Jo\u00e3o Justino afirmou que a meta para este ano \u00e9 continuar o estudo do texto-base das Diretrizes Gerais da Pastoral da Educa\u00e7\u00e3o, que j\u00e1 vem sendo feito em todas as dioceses. Al\u00e9m disso, o setor pretende realizar encontros nas regi\u00f5es do pa\u00eds. \u201cCada regi\u00e3o realizar\u00e1 o seu encontro, na perspectiva de conhecer mais o trabalho desenvolvido pela Pastoral da Educa\u00e7\u00e3o, fortalecendo essa miss\u00e3o que a Igreja no Brasil incentiva nas dioceses\u201d, pontuou.<\/p>\n<p>J\u00e1 em rela\u00e7\u00e3o ao Setor Ensino Religioso, dom Jo\u00e3o Justino cita que haver\u00e1 oportunidade de um encontro com os bispos que acompanham, nos regionais, o ensino religioso. Na ocasi\u00e3o, eles v\u00e3o tratar de quest\u00f5es pertinentes ao setor. \u201cCertamente outras quest\u00f5es est\u00e3o sendo pensadas como tamb\u00e9m nesse caso a\u00ed, especificamente, a discuss\u00e3o de uma proposta de uma grade curricular para o ensino religioso, que facilitaria sobretudo n\u00e3o apenas para os professores, mas tamb\u00e9m para as editoras que publicam textos de ensino religioso\u201d, garantiu.<\/p>\n<p>Por \u00faltimo, do ponto de vista do Setor Cultura, o bispo disse que este ano, o objetivo \u00e9 investir na forma\u00e7\u00e3o de agentes da Pastoral da Cultura, pois de acordo com ele, a Igreja tem muitas a\u00e7\u00f5es neste campo, mas nem sempre os agentes que atuam compreendem que se trata de um trabalho pastoral nesta \u00e1rea.\u00a0 \u201cEntender o que \u00e9 a Pastoral da Cultura, criar uma compreens\u00e3o adequada da atua\u00e7\u00e3o neste \u00e2mbito tem sido uma preocupa\u00e7\u00e3o deste setor, que inclusive organizou um curso para agentes da Pastoral da Cultura, que acontece em parceria com a PUC Minas\u201d, concluiu.<br \/>Sinodalidade <\/p>\n<p>A Comiss\u00e3o para a Cultura e a Educa\u00e7\u00e3o da CNBB al\u00e9m de ter o apoio dos Setores, tamb\u00e9m conta com a contribui\u00e7\u00e3o das pastorais, o que favorece a chamada \u201csinodalidade\u201d, a qual dom Jo\u00e3o Justino classifica como \u201c a participa\u00e7\u00e3o de todos\u201d.<\/p>\n<p>\u201cO tema da sinodalidade tem sido retomado pelo papa Francisco, que no ano de 2015 ao encerrar o S\u00ednodo sobre a fam\u00edlia e celebrar os 50 anos desta institui\u00e7\u00e3o na Igreja &#8211; do S\u00ednodo dos Bispos &#8211; insistiu na sinodalidade como uma caracter\u00edstica da vida eclesial. N\u00e3o se trata apenas de pensar a sinodalidade enquanto o S\u00ednodo, mas a sinodalidade enquanto na base, o que significa a participa\u00e7\u00e3o de todos na viv\u00eancia da sua f\u00e9 batismal, sempre na busca de um projeto em comum, esse projeto comum obviamente \u00e9 delineado pela principal miss\u00e3o da Igreja que \u00e9 evangelizar. Quanto mais as pessoas participam, dialogam, encontram mecanismos de participa\u00e7\u00e3o mais favorecem a sinodalidade\u201d, defendeu o bispo. <\/p>\n<p>No final do programa, dom Jo\u00e3o Justino agradeceu especialmente o laicato, que de acordo com ele tem contribu\u00eddo de modo expressivo para a miss\u00e3o da Igreja. \u201cDesejo que voc\u00eas que est\u00e3o atuando no campo da cultura e da educa\u00e7\u00e3o estejam sempre mais dispostos a trabalhar juntos nas suas igrejas locais, nas suas dioceses, mas tamb\u00e9m com esse projeto de toda a igreja no Brasil. Pe\u00e7o ao Senhor que aben\u00e7oe a vida de voc\u00eas\u201d, finalizou.<\/p>\n<p>O programa que conta com a participa\u00e7\u00e3o de dom Jo\u00e3o Justino vai ao ar de 22 a 28 de janeiro, nas principais emissoras cat\u00f3licas do pa\u00eds. N\u00e3o deixe de acompanhar! <\/p>\n<p style=\"text-align: justify;\">Fonte: CNBB<\/p>\n","protected":false},"excerpt":{"rendered":"<p>Bispo detalha os planejamentos da Comiss\u00e3o para a Cultura e a Educa\u00e7\u00e3o da CNBB H\u00e1 quase dois anos como presidente da Comiss\u00e3o para a Cultura e a Educa\u00e7\u00e3o da Confer\u00eancia Nacional dos Bispos do Brasil (CNBB), o bispo auxiliar de Belo Horizonte (MG), dom Jo\u00e3o Justino de Medeiros Silva destaca a import\u00e2ncia do trabalho desenvolvido [&hellip;]<\/p>\n","protected":false},"author":1,"featured_media":20184,"comment_status":"open","ping_status":"open","sticky":false,"template":"","format":"standard","meta":{"footnotes":""},"categories":[7],"tags":[],"class_list":["post-20185","post","type-post","status-publish","format-standard","has-post-thumbnail","hentry","category-cnbb"],"_links":{"self":[{"href":"https:\/\/catolicanet.net\/wp-cnet\/wp-json\/wp\/v2\/posts\/20185","targetHints":{"allow":["GET"]}}],"collection":[{"href":"https:\/\/catolicanet.net\/wp-cnet\/wp-json\/wp\/v2\/posts"}],"about":[{"href":"https:\/\/catolicanet.net\/wp-cnet\/wp-json\/wp\/v2\/types\/post"}],"author":[{"embeddable":true,"href":"https:\/\/catolicanet.net\/wp-cnet\/wp-json\/wp\/v2\/users\/1"}],"replies":[{"embeddable":true,"href":"https:\/\/catolicanet.net\/wp-cnet\/wp-json\/wp\/v2\/comments?post=20185"}],"version-history":[{"count":1,"href":"https:\/\/catolicanet.net\/wp-cnet\/wp-json\/wp\/v2\/posts\/20185\/revisions"}],"predecessor-version":[{"id":23283,"href":"https:\/\/catolicanet.net\/wp-cnet\/wp-json\/wp\/v2\/posts\/20185\/revisions\/23283"}],"wp:featuredmedia":[{"embeddable":true,"href":"https:\/\/catolicanet.net\/wp-cnet\/wp-json\/wp\/v2\/media\/20184"}],"wp:attachment":[{"href":"https:\/\/catolicanet.net\/wp-cnet\/wp-json\/wp\/v2\/media?parent=20185"}],"wp:term":[{"taxonomy":"category","embeddable":true,"href":"https:\/\/catolicanet.net\/wp-cnet\/wp-json\/wp\/v2\/categories?post=20185"},{"taxonomy":"post_tag","embeddable":true,"href":"https:\/\/catolicanet.net\/wp-cnet\/wp-json\/wp\/v2\/tags?post=20185"}],"curies":[{"name":"wp","href":"https:\/\/api.w.org\/{rel}","templated":true}]}}