{"id":20177,"date":"2017-01-23T12:56:17","date_gmt":"2017-01-23T14:56:17","guid":{"rendered":"http:\/\/catolicanet.net\/wp-cnet\/2017\/01\/23\/tinha-tudo-para-ser-jogador-de-futebol-mas-abandou-o-sonho-para-seguir-os-planos-de-deus\/"},"modified":"2017-05-30T16:21:00","modified_gmt":"2017-05-30T19:21:00","slug":"tinha-tudo-para-ser-jogador-de-futebol-mas-abandou-o-sonho-para-seguir-os-planos-de-deus","status":"publish","type":"post","link":"https:\/\/catolicanet.net\/wp-cnet\/tinha-tudo-para-ser-jogador-de-futebol-mas-abandou-o-sonho-para-seguir-os-planos-de-deus\/","title":{"rendered":"Tinha tudo para ser jogador de futebol, mas abandou o sonho para seguir os planos de Deus"},"content":{"rendered":"<p style=\"text-align: justify;\"><img decoding=\"async\" src=\"http:\/\/www.catolicanet.com.br\/images\/stories\/noticias\/xguilherme_silveira.jpg.pagespeed.ic.w_zf9y4kx0.jpg\" border=\"0\" align=\"left\" \/>REDA\u00c7\u00c3O CENTRAL, (ACI).- O sonho de muitos meninos no Brasil \u00e9 se tornar um jogador de futebol. N\u00e3o foi diferente com Guilherme Silveira, de Salto (SP), um jovem que desde pequeno alimentou este sonho, teve grandes oportunidades para trilhar sua carreira, at\u00e9 que decidiu primeiro se questionar o que Deus queria dele. Ent\u00e3o, percebeu que seu caminho era outro: formar uma fam\u00edlia, ser pai.<\/p>\n<p>Guilherme \u00e9 um jovem cat\u00f3lico, de 19 anos, membro das comunidades do Caminho Neocatecumenal na Par\u00f3quia S\u00e3o Benedito, em Salto (SP). Em relato \u00e0 ACI Digital, conta que desde muito novo aprendeu \u201ca gostar de futebol intensamente por influ\u00eancia\u201d de seu pai, de quem recebia apoio para praticar o esporte nas escolinhas da cidade.<\/p>\n<p>\u201cAl\u00e9m da f\u00e9 na Igreja e o amor a Cristo, meu pai tamb\u00e9m sempre me encucou a paix\u00e3o pelo futebol\u201d, conta.<\/p>\n<p>Aos 13 anos surgiu a oportunidade de dar in\u00edcio a este sonho, quando foi aceito na equipe do Desportivo Brasil, \u201cclube de futebol que \u00e9 referencia nas categorias de base\u201d. Deixou a fam\u00edlia, foi morar fora de casa, ganhou o primeiro sal\u00e1rio, viajou por diversos pa\u00edses e come\u00e7ou a se afastar da Igreja. Em pouco tempo, recorda, \u201cj\u00e1 n\u00e3o enxergava Deus na minha vida\u201d.<\/p>\n<p>Diante de um per\u00edodo de \u201ccrise profunda\u201d, foi a av\u00f3 de Guilherme quem o ajudou a superar tal dificuldade por meio da ora\u00e7\u00e3o do ter\u00e7o. \u201cEm algumas semanas, toda tristeza e ang\u00fastia que eu vivenciava j\u00e1 n\u00e3o significavam nada para mim, pois o ter\u00e7o me aliviava dos tormentos. Era o meu consolo! N\u00e3o conseguia passar uma noite sem rez\u00e1-lo\u201d.<\/p>\n<p>Esta experi\u00eancia n\u00e3o podia ficar apenas com ele e, por isso, come\u00e7ou a compartilh\u00e1-la com os companheiro de equipe. \u201cNunca me esquecerei do dia que levamos 20 garotos de 15 e16 anos ao audit\u00f3rio do clube apenas para rezar o Santo Ter\u00e7o, uma ora\u00e7\u00e3o muitas vezes t\u00e3o ignorada pelas jovens\u201d, conta.<\/p>\n<p>Al\u00e9m disso, conheceu a vida de S\u00e3o Jo\u00e3o Paulo II e se tornou \u201cdevoto fiel desse Santo t\u00e3o amado\u201d. \u201cConforme essas coisas aconteciam, a minha rela\u00e7\u00e3o com a minha comunidade ia melhorando\u201d e \u201co meu amor pela Igreja crescia cada vez mais\u201d.<\/p>\n<p>Ent\u00e3o, surgiu a inquieta\u00e7\u00e3o vocacional e se tornou vocacionado \u00e0 vida sacerdotal. \u201cIsso para mim foi uma morte\u201d, assinala, pois \u201cn\u00e3o sabia se queria ser jogador de futebol ou padre\u201d.<\/p>\n<p>J\u00e1 aos 17 anos, foi enviado para as categorias de base do Vasco da Gama, no Rio de Janeiro, onde ficou por algum tempo. \u201cPara mim, foi uma experi\u00eancia muito dolorosa, pois ali percebi como a dist\u00e2ncia da minha comunidade poderia afetar no meu eu. Portanto, pensando nisso, neguei a oportunidade de ficar l\u00e1 e voltei embora para o seio da minha comunidade\u201d.<\/p>\n<p>Mas, ainda sentia a vontade de se tornar \u201cum grande jogador profissional, com muita fama, muito dinheiro e muito sucesso\u201d. Dessa forma, atuou por 2 anos no Ituano, onde se tornou jogador profissional aos 18 anos.<\/p>\n<p>At\u00e9 que surgiu uma oportunidade, para ele, \u00fanica: participar da Jornada Mundial da Juventude de 2016 na Pol\u00f4nia. \u201cEu tinha que escolher entre me manter como jogador profissional do Ituano que era um sonho que eu sempre tive, ou poder ir ao encontro do Santo Padre na Jornada Mundial da Juventude na Pol\u00f4nia e desfrutar das experi\u00eancias com Cristo\u201d.<\/p>\n<p>Apoiado pela provid\u00eancia divina, \u201cdecidi seguir Cristo: Reincidi meu contrato com o Ituano e fui para a JMJ\u201d, esperando que, na Pol\u00f4nia, \u201co Senhor pudesse me conceder algumas respostas sobre o meu futuro, sobre a minha voca\u00e7\u00e3o, sobre a minha vida\u201d.<\/p>\n<p>Foi por meio da Virgem Maria que come\u00e7ou a ouvir o que Deus desejava dele. \u201cEm um Santu\u00e1rio Mariano que pass\u00e1vamos na \u00c1ustria, eu pedi a Nossa Senhora que me concedesse o dom de discerni a minha voca\u00e7\u00e3o. E eis que logo no dia seguinte fui acolhido por uma fam\u00edlia polonesa que havia 9 filhos\u201d.<\/p>\n<p>\u201cO estilo de vida dos pais, o testemunho de vida deles e a forma que levavam a vida me cativaram tanto que naquele dia eu passei a ter a certeza que \u00e9 ter filhos e me dedicar inteiramente para eles o que o Senhor espera de mim\u201d, pontua.<\/p>\n<p>Entretanto, logo veio outra considera\u00e7\u00e3o. Guilherme percebeu que n\u00e3o tinha como se dedicar inteiramente aos seus futuros filhos e ao mesmo tempo jogar futebol.<\/p>\n<p>De volta ao Brasil, teve uma nova oportunidade para seguir a carreira futebol\u00edstica e por um m\u00eas ficou em uma equipe. \u201cPor\u00e9m, j\u00e1 sabia o que Deus queria de mim\u201d, lembra. Por isso, no dia em que ia assinar o contrato, decidiu primeiro rezar. Na B\u00edblia, deparou-se com a seguinte passagem \u201cBuscai o reino de Deus e todas as outras coisas vos ser\u00e3o acrescentadas!\u201d (Mateus 6,33).<\/p>\n<p>\u201cSentei de frente para os diretores do Paulista F.C. e de frente para o contrato. Digo aos meus irm\u00e3os que, naquele momento, o Senhor tomou conta de mim e fez tudo que eu, muito pecador, falho e d\u00e9bil, n\u00e3o teria coragem de fazer&#8230; Dizer n\u00e3o e renunciar tudo aquilo!\u201d.<\/p>\n<p>O time com o qual o jovem cat\u00f3lico n\u00e3o assinou contrato, o Paulista, est\u00e1 hoje nas semifinais da Copa SP de Futebol J\u00fanior, partida que disputar\u00e1 no pr\u00f3ximo domingo, 22.<\/p>\n<p>Mesmo sabendo que poderia estar l\u00e1 com seus ex-companheiros de equipe, Guilherme ressalta que, \u201cantes de experimentar o sucesso, a fama, o dinheiro e todos os prazeres que o futebol um dia poderia me conceder, Deus me fez descobrir que a minha vida vale muito mais do que 90 minutos por semana. E que n\u00e3o h\u00e1 coisa melhor para se vencer do que vencer a sua pr\u00f3pria salva\u00e7\u00e3o\u201d.<\/p>\n<p>\u201cO Senhor me fez perceber que n\u00e3o existe jogo mais dif\u00edcil do que o combate di\u00e1rio contra o pecado. E que n\u00e3o h\u00e1 alegria maior do que viver na vontade do Senhor! N\u00e3o existe sal\u00e1rio melhor do que as gra\u00e7as recebidas por meio da ora\u00e7\u00e3o. E que a maior gl\u00f3ria que h\u00e1 \u00e9 sentir-se inteiramente amado por Cristo\u201d, acrescenta.<\/p>\n<p>Ainda hoje, muitos o questionam sobre sua decis\u00e3o. \u201cE as minhas respostas para eles eram sempre un\u00e2nimes: \u2018Eu amava e era apaixonado pelo futebol. Mas fui seduzido por outra paix\u00e3o. Cristo roubou meu cora\u00e7\u00e3o!\u2019\u201d.<\/p>\n<p>\u201cHoje \u2013 expressa o jovem \u2013, me sinto muito feliz em ser conhecido como \u2018O garoto que largou um contrato profissional no futebol, para ir \u00e0 Jornada!\u2019, ou ent\u00e3o, \u2018O louco que largou a oportunidade de estar nas semifinais da Copa SP J\u00fanior, para se dedicar aos filhos que ainda nem existem!\u2019\u201d.<\/p>\n<p>Atualmente, Guilherme se dedica \u00e0 empresa de seus pais e aos compromissos semanais com sua comunidade. Est\u00e1 namorando uma mo\u00e7a tamb\u00e9m cat\u00f3lica que, por acaso, conheceu quando \u201cainda era vocacionado ao sacerd\u00f3cio, por meio de um amigo seminarista\u201d.<\/p>\n<p>\u201cEntretanto \u2013 ressalta \u2013, sempre deixo claro a ela que hoje estou totalmente aberto \u00e0 vida e aos caminhos que Deus prepara para mim, disposto a seguir a vontade de Cristo\u201d.<\/p>\n<p>Aos outros jovens, Guilherme Silveira exorta a sair \u201cdas suas comodidades\u201d e buscar \u201cconhecer Deus, pois Ele sempre saber\u00e1 o que \u00e9 o melhor\u201d para cada um. \u201cTodos temos uma miss\u00e3o. E cabe apenas a si pr\u00f3prio, no \u00edntimo das suas ora\u00e7\u00f5es, descobrir os caminhos que Deus prepara para voc\u00ea e o que Ele quer e espera de voc\u00ea nessa vida. Podem ter certeza, a\u00ed estar\u00e1 a sua felicidade\u201d, conclui.<\/p>\n<p style=\"text-align: justify;\">\u00a0<\/p>\n<p style=\"text-align: justify;\">Fonte: Acidigital<\/p>\n","protected":false},"excerpt":{"rendered":"<p>REDA\u00c7\u00c3O CENTRAL, (ACI).- O sonho de muitos meninos no Brasil \u00e9 se tornar um jogador de futebol. N\u00e3o foi diferente com Guilherme Silveira, de Salto (SP), um jovem que desde pequeno alimentou este sonho, teve grandes oportunidades para trilhar sua carreira, at\u00e9 que decidiu primeiro se questionar o que Deus queria dele. Ent\u00e3o, percebeu que [&hellip;]<\/p>\n","protected":false},"author":1,"featured_media":20176,"comment_status":"open","ping_status":"open","sticky":false,"template":"","format":"standard","meta":{"footnotes":""},"categories":[4],"tags":[],"class_list":["post-20177","post","type-post","status-publish","format-standard","has-post-thumbnail","hentry","category-cotidiano"],"_links":{"self":[{"href":"https:\/\/catolicanet.net\/wp-cnet\/wp-json\/wp\/v2\/posts\/20177","targetHints":{"allow":["GET"]}}],"collection":[{"href":"https:\/\/catolicanet.net\/wp-cnet\/wp-json\/wp\/v2\/posts"}],"about":[{"href":"https:\/\/catolicanet.net\/wp-cnet\/wp-json\/wp\/v2\/types\/post"}],"author":[{"embeddable":true,"href":"https:\/\/catolicanet.net\/wp-cnet\/wp-json\/wp\/v2\/users\/1"}],"replies":[{"embeddable":true,"href":"https:\/\/catolicanet.net\/wp-cnet\/wp-json\/wp\/v2\/comments?post=20177"}],"version-history":[{"count":1,"href":"https:\/\/catolicanet.net\/wp-cnet\/wp-json\/wp\/v2\/posts\/20177\/revisions"}],"predecessor-version":[{"id":24809,"href":"https:\/\/catolicanet.net\/wp-cnet\/wp-json\/wp\/v2\/posts\/20177\/revisions\/24809"}],"wp:featuredmedia":[{"embeddable":true,"href":"https:\/\/catolicanet.net\/wp-cnet\/wp-json\/wp\/v2\/media\/20176"}],"wp:attachment":[{"href":"https:\/\/catolicanet.net\/wp-cnet\/wp-json\/wp\/v2\/media?parent=20177"}],"wp:term":[{"taxonomy":"category","embeddable":true,"href":"https:\/\/catolicanet.net\/wp-cnet\/wp-json\/wp\/v2\/categories?post=20177"},{"taxonomy":"post_tag","embeddable":true,"href":"https:\/\/catolicanet.net\/wp-cnet\/wp-json\/wp\/v2\/tags?post=20177"}],"curies":[{"name":"wp","href":"https:\/\/api.w.org\/{rel}","templated":true}]}}