{"id":20158,"date":"2017-01-23T10:40:37","date_gmt":"2017-01-23T12:40:37","guid":{"rendered":"http:\/\/catolicanet.net\/wp-cnet\/2017\/01\/23\/engenharia-da-destruicao-da-vida\/"},"modified":"2017-05-05T10:30:35","modified_gmt":"2017-05-05T13:30:35","slug":"engenharia-da-destruicao-da-vida","status":"publish","type":"post","link":"https:\/\/catolicanet.net\/wp-cnet\/engenharia-da-destruicao-da-vida\/","title":{"rendered":"Engenharia da destrui\u00e7\u00e3o da vida"},"content":{"rendered":"<p style=\"text-align: justify;\">O sistema controlado pelos \u201cSenhores do Capitalismo Mundial\u201d, que lucra com a guerra, terrorismo, tr\u00e1fico de drogas, tr\u00e1fico de seres humanos, ind\u00fastria pornogr\u00e1fica, viol\u00eancia urbana, desconstru\u00e7\u00e3o da fam\u00edlia, com\u00e9rcio pirata e f\u00e1brica de fazer doentes. Tudo isso \u00e9 o esquema da engenharia da destrui\u00e7\u00e3o da vida pelo dom\u00ednio da \u201cElite Econ\u00f4mica Global\u201d. Essa \u201cElite\u201d pensa, projeta e executa sua agenda de terror no mundo inteiro. Cria o problema, divulga-o e propaga a falsa solu\u00e7\u00e3o dele. A massa est\u00e1 condicionada, manipulada, alienada e escravizada. Do alimento, das defici\u00eancias celebrais, das imagens, da ignor\u00e2ncia da leitura, da fantasia religiosa com sua teologia da prosperidade, da desigualdade e do medo, a engenharia da destrui\u00e7\u00e3o da vida encontra seus aliados. A massa \u00e9 encurralada para n\u00e3o pensa e n\u00e3o poder se libertar. A massa \u00e9 aprisionada pelo tempo tomado de festas, v\u00edcios, futebol, carnaval, preocupa\u00e7\u00f5es e ocupa\u00e7\u00f5es bo\u00e7ais, falar demais, rotina virtual, parcial, superficial e infernal.<\/p>\n<p style=\"text-align: justify;\">PARA FRANCISCO<\/p>\n<p style=\"text-align: justify;\">\u201cMigrantes de menor idade, vulner\u00e1veis e sem voz\u201d: esse o t\u00edtulo da Mensagem do Papa Francisco para o 103\u00ba Dia Mundial do Migrante e do Refugiado 2017, que foi celebrado no \u00faltimo dia 15 de janeiro. O Papa Francisco nos chama mais uma vez a aten\u00e7\u00e3o para o destino das crian\u00e7as e adolescentes migrantes que est\u00e3o entre os mais vulner\u00e1veis. Os pequenos padecem hoje as novas formas de escravid\u00e3o como a prostitui\u00e7\u00e3o, a chaga da pornografia, a explora\u00e7\u00e3o no trabalho e o tr\u00e1fico de droga. Diante da cont\u00ednua viola\u00e7\u00e3o dos direitos das crian\u00e7as, Francisco op\u00f5e um ponto de vista \u00e9tico muito claro: \u201cencontramos Jesus Cristo nos pequenos e vulner\u00e1veis\u201d, e devemos fazer de tudo para proteger a sua dignidade.<br \/>Os bispos europeus nos dias passados recordaram que em 2015 mais de 65 milh\u00f5es de pessoas deixaram suas casas por causa de guerras, persegui\u00e7\u00f5es e viol\u00eancias. A metade deste povo de refugiados \u00e9 constitu\u00edda de menores. Em particular, o n\u00famero elevado na Europa de menores refugiados n\u00e3o acompanhados apresenta desafios imensos, especialmente porque muitas crian\u00e7as e jovens n\u00e3o fazem pedido de asilo. O n\u00famero real, portanto, \u00e9 muito mais alto em rela\u00e7\u00e3o ao indicado pelos dados oficiais. Em 2015 eram mais de 100 mil (1).<br \/> Igreja Jamais se Canse de Ser Advogada da Vida<br \/>\u201cA Igreja jamais pode cansar-se de ser advogada da vida e n\u00e3o pode deixar de proclamar que a vida humana deve ser incondicionalmente protegida desde o momento da concep\u00e7\u00e3o at\u00e9 a morte natural.\u201d \u00c9 o que afirma o Papa Francisco na mensagem \u2013 atrav\u00e9s da nunciatura apost\u00f3lica na Fran\u00e7a \u2013 aos participantes da 11\u00aa Marcha nacional pela vida, realizada no dia 22 de janeiro, em Paris. Na mensagem, o Pont\u00edfice sa\u00fada cordialmente todos os participantes. Promovida pelo organismo \u201cEm marcha pela vida\u201d, que re\u00fane cinco associa\u00e7\u00f5es, entre as quais \u201cRenaissance catholique\u201d, a manifesta\u00e7\u00e3o tem como tema \u201cInterrup\u00e7\u00e3o volunt\u00e1ria da gravidez: todos preocupados\u201d.<br \/>Construir civiliza\u00e7\u00e3o do amor e cultura da vida essa \u00e9 a miss\u00e3o da Igreja e de todos n\u00f3s. \u201cAl\u00e9m da leg\u00edtima manifesta\u00e7\u00e3o em favor da defesa da vida humana\u201d, \u00e9 necess\u00e1rio \u201ctrabalhar sem cessar pela constru\u00e7\u00e3o de uma civiliza\u00e7\u00e3o do amor e de uma cultura da vida\u201d, continua a Santo Padre.<br \/>Por outro lado, os organizadores afirmam querer \u201cpromover um modelo de sociedade que n\u00e3o banalize mais o aborto volunt\u00e1rio\u201d. Da\u00ed, o apelo a \u201cuma verdadeira pol\u00edtica de educa\u00e7\u00e3o, preven\u00e7\u00e3o e assist\u00eancia para os futuros genitores, de modo que eles possam evitar a dif\u00edcil prova\u00e7\u00e3o do aborto\u201d.<br \/>Debate acirrado sobre interrup\u00e7\u00e3o volunt\u00e1ria da gravidez. Na Fran\u00e7a, o debate sobre a interrup\u00e7\u00e3o volunt\u00e1ria da gravidez tem sido particularmente acirrado: de fato, no m\u00eas passado a Assembleia nacional aprovou a norma que pune a propaganda contr\u00e1ria ao aborto. A lei agora passar\u00e1 pela aprecia\u00e7\u00e3o do Senado (2). <br \/> CONCLUS\u00c3O<\/p>\n<p style=\"text-align: justify;\">O nosso fundamento pela defesa radical e preserva\u00e7\u00e3o do dom da vida se encontra em Jesus Cristo e no seu santo Evangelho, est\u00e1 escrito em S\u00e3o Jo\u00e3o 10, 10 e 14: \u201cJesus \u00e9 vida e vida com abund\u00e2ncia\u201d. Defender a vida \u00e9 defender o Deus da vida, que \u00e9 amor e o autor da vida. Apologia pela vida \u00e9 apologia por toda beleza da cria\u00e7\u00e3o e por seguran\u00e7a de viver aut\u00eantica dignidade da pessoa humana. Com Cristo e seu Evangelho n\u00e3o temos medo e n\u00e3o ficamos estacionados diante da \u201cElite Capitalista\u201d e do seu esquema de engenharia da destrui\u00e7\u00e3o da vida. N\u00f3s somos engenheiros da vida e construtores da civiliza\u00e7\u00e3o do amor. Somos mission\u00e1rios da Boa Nova do Reino de Deus. O Deus da vida \u00e9 o Criador da exist\u00eancia humana do belo imensur\u00e1vel e eterno\u00a0 numa caminhada fincada de paz, amor, justi\u00e7a, ternura, vida plena e de radical fraternidade universal!<\/p>\n<p style=\"text-align: justify;\">Frei In\u00e1cio Jos\u00e9 do Vale<br \/>Psicanalista Cl\u00ednico<br \/>Professor e Conferencista<br \/>Soci\u00f3logo em Ci\u00eancia da Religi\u00e3o<br \/>Religioso dos Irm\u00e3ozinhos da Visita\u00e7\u00e3o de Charles de Foucauld<br \/>E-mail: pe.inacio.jose@gmail.com<\/p>\n<p>Notas:<br \/>(1) https:\/\/mail.google.com\/mail\/u\/0\/#inbox\/159c1fe9f686d281 <br \/>(2) https:\/\/mail.google.com\/mail\/u\/0\/#inbox\/159bd80b59a00efb<\/p>\n","protected":false},"excerpt":{"rendered":"<p>O sistema controlado pelos \u201cSenhores do Capitalismo Mundial\u201d, que lucra com a guerra, terrorismo, tr\u00e1fico de drogas, tr\u00e1fico de seres humanos, ind\u00fastria pornogr\u00e1fica, viol\u00eancia urbana, desconstru\u00e7\u00e3o da fam\u00edlia, com\u00e9rcio pirata e f\u00e1brica de fazer doentes. Tudo isso \u00e9 o esquema da engenharia da destrui\u00e7\u00e3o da vida pelo dom\u00ednio da \u201cElite Econ\u00f4mica Global\u201d. Essa \u201cElite\u201d pensa, [&hellip;]<\/p>\n","protected":false},"author":16,"featured_media":0,"comment_status":"open","ping_status":"open","sticky":false,"template":"","format":"standard","meta":{"footnotes":""},"categories":[9],"tags":[],"class_list":["post-20158","post","type-post","status-publish","format-standard","hentry","category-artigos"],"_links":{"self":[{"href":"https:\/\/catolicanet.net\/wp-cnet\/wp-json\/wp\/v2\/posts\/20158","targetHints":{"allow":["GET"]}}],"collection":[{"href":"https:\/\/catolicanet.net\/wp-cnet\/wp-json\/wp\/v2\/posts"}],"about":[{"href":"https:\/\/catolicanet.net\/wp-cnet\/wp-json\/wp\/v2\/types\/post"}],"author":[{"embeddable":true,"href":"https:\/\/catolicanet.net\/wp-cnet\/wp-json\/wp\/v2\/users\/16"}],"replies":[{"embeddable":true,"href":"https:\/\/catolicanet.net\/wp-cnet\/wp-json\/wp\/v2\/comments?post=20158"}],"version-history":[{"count":1,"href":"https:\/\/catolicanet.net\/wp-cnet\/wp-json\/wp\/v2\/posts\/20158\/revisions"}],"predecessor-version":[{"id":21069,"href":"https:\/\/catolicanet.net\/wp-cnet\/wp-json\/wp\/v2\/posts\/20158\/revisions\/21069"}],"wp:attachment":[{"href":"https:\/\/catolicanet.net\/wp-cnet\/wp-json\/wp\/v2\/media?parent=20158"}],"wp:term":[{"taxonomy":"category","embeddable":true,"href":"https:\/\/catolicanet.net\/wp-cnet\/wp-json\/wp\/v2\/categories?post=20158"},{"taxonomy":"post_tag","embeddable":true,"href":"https:\/\/catolicanet.net\/wp-cnet\/wp-json\/wp\/v2\/tags?post=20158"}],"curies":[{"name":"wp","href":"https:\/\/api.w.org\/{rel}","templated":true}]}}