{"id":20157,"date":"2017-01-23T10:38:44","date_gmt":"2017-01-23T12:38:44","guid":{"rendered":"http:\/\/catolicanet.net\/wp-cnet\/2017\/01\/23\/o-padrinho-do-povo\/"},"modified":"2017-05-05T10:31:14","modified_gmt":"2017-05-05T13:31:14","slug":"o-padrinho-do-povo","status":"publish","type":"post","link":"https:\/\/catolicanet.net\/wp-cnet\/o-padrinho-do-povo\/","title":{"rendered":"O padrinho do povo"},"content":{"rendered":"<p style=\"text-align: justify;\">N\u00e3o sei a raz\u00e3o, mas de repente senti necessidade de restaurar publicamente a figura carinhosa e respeit\u00e1vel dum padrinho, duma madrinha&#8230; Quem nos os teve! Quem em sua vida familiar bem brasileira, devota e vener\u00e1vel, um dia em suas vidas n\u00e3o cruzou respeitosamente com seu padrinho de batismo, de crisma, de casamento, de formatura&#8230; E lhes tomou a b\u00ean\u00e7\u00e3o. Eram estes uma figura sagrada, digna de nossos respeitos, que invadiam a estrutura familiar como se consangu\u00ednea fosse. N\u00e3o os vejo como classe em extin\u00e7\u00e3o, mas teriam hoje o mesmo respeito, a mesma influ\u00eancia?<br \/> Felizmente, por for\u00e7a desse testemunho e respeito do povo, a Igreja est\u00e1 reabilitando a figura do apadrinhamento nos moldes que aqui descrevemos. Basta constatar a recente reconcilia\u00e7\u00e3o e reabilita\u00e7\u00e3o oferecida pelo Vaticano ao memor\u00e1vel \u201cpadim\u201d C\u00edcero em carta datada de 20 de outubro de 2015. O documento n\u00e3o obteve o destaque que merecia em nossa m\u00eddia, mas ao povo nordestino foi portador de uma explos\u00e3o de alegria, h\u00e1 muito esperada, que fazia justi\u00e7a ao mais ferrenho defensor dos pobres e sofredores, que nele encontravam acolhida em tempos dif\u00edceis. Sua reabilita\u00e7\u00e3o religiosa se d\u00e1 oitenta e tr\u00eas anos ap\u00f3s sua morte e quase cento e vinte desde sua suposta excomunh\u00e3o ou \u2013 como preferem alguns \u2013 suspens\u00e3o de ordens. Mas seus noventa anos de apostolado e vida de ora\u00e7\u00e3o n\u00e3o impediram a devo\u00e7\u00e3o popular do povo nordestino: era e ainda \u00e9 ele o padrinho do povo.<br \/> Afastado de suas fun\u00e7\u00f5es, impedido de oficiar os sacramentos ou administrar a par\u00f3quia que fundou, Pe. C\u00edcero aceitou cargos pol\u00edticos \u2013 foi prefeito da cidade por ele constru\u00edda \u2013 notabilizou-se com sua vis\u00e3o de futuro, seu senso de empreendedorismo e sua compreens\u00e3o das car\u00eancias b\u00e1sicas do povo sertanejo. Sua Juazeiro nasceu a partir de sua descoberta de \u00e1gua em abund\u00e2ncia no subsolo, quando orientou a escava\u00e7\u00e3o de muitos po\u00e7os, donde jorrou \u00e1gua pot\u00e1vel de inestim\u00e1vel qualidade. Ao redor desses po\u00e7os, nasceu a cidade. Ao redor do padre, nasceu e cresceu a f\u00e9 popular. Naquele agreste do Cariri surgiu um o\u00e1sis de esperan\u00e7a e vida comunit\u00e1ria jamais imaginadas pelos donos de terra in\u00f3spitas e improdutivas. Pe. Cicero ordenava. O povo assentia. A \u00e1gua jorrava. \u201cH\u00e1 muita \u00e1gua debaixo deste solo, sei disso!\u201d. Como sabia tamb\u00e9m D. H\u00e9lder, outro padrinho da nossa f\u00e9, quando dizia: \u201cH\u00e1 sempre uma fonte de \u00e1gua cristalina sob os p\u00e9s de quem morre de sede\u201d.<br \/> \u201c\u00c9 ineg\u00e1vel que padre C\u00edcero Rom\u00e3o Batista viveu sua f\u00e9 simples em unidade com seu povo\u201d, escreveu o secret\u00e1rio do papa Francisco, cardeal Pietro, ao comunicar sua reabilita\u00e7\u00e3o e reconcilia\u00e7\u00e3o eclesiais. E completou: \u201cN\u00e3o deixa de chamar a aten\u00e7\u00e3o o fato de que estes romeiros, desde ent\u00e3o, sentindo-se acolhidos e tendo experimentado, atrav\u00e9s da pessoa do sacerdote, a pr\u00f3pria miseric\u00f3rdia de Deus, com ele estabeleceram \u2013 e continuam estabelecendo no presente \u2013 uma rela\u00e7\u00e3o de intimidade, chamando-o na carinhosa linguagem popular nordestina de \u201cpadim\u201d, ou seja, considerando-o como um verdadeiro padrinho de batismo, revestido da miss\u00e3o de acompanha-los e de ajuda-los na viv\u00eancia da f\u00e9\u201d.\u00a0 Quem tem um padrinho desse naipe, n\u00e3o morre de sede. Porque pior que a fam\u00e9lica situa\u00e7\u00e3o de mis\u00e9ria que eventualmente se abate sobre um povo \u00e9 a sede de Deus e de sua justi\u00e7a. Esta mata corpo e alma. Esta nos deixa \u00f3rf\u00e3os n\u00e3o s\u00f3 de pais e m\u00e3es terrenos, como tamb\u00e9m \u00f3rf\u00e3os de padrinhos e madrinhas que herdamos por for\u00e7a da f\u00e9 de nossos antepassados. N\u00e3o seria hora de restaur\u00e1-los e reabilit\u00e1-los em nossas vidas? Furar novamente as cacimbas da \u00e1gua viva? Sua b\u00ean\u00e7\u00e3o, meu padrinho, minha madrinha!<\/p>\n","protected":false},"excerpt":{"rendered":"<p>N\u00e3o sei a raz\u00e3o, mas de repente senti necessidade de restaurar publicamente a figura carinhosa e respeit\u00e1vel dum padrinho, duma madrinha&#8230; Quem nos os teve! Quem em sua vida familiar bem brasileira, devota e vener\u00e1vel, um dia em suas vidas n\u00e3o cruzou respeitosamente com seu padrinho de batismo, de crisma, de casamento, de formatura&#8230; E [&hellip;]<\/p>\n","protected":false},"author":17,"featured_media":0,"comment_status":"open","ping_status":"open","sticky":false,"template":"","format":"standard","meta":{"footnotes":""},"categories":[9],"tags":[],"class_list":["post-20157","post","type-post","status-publish","format-standard","hentry","category-artigos"],"_links":{"self":[{"href":"https:\/\/catolicanet.net\/wp-cnet\/wp-json\/wp\/v2\/posts\/20157","targetHints":{"allow":["GET"]}}],"collection":[{"href":"https:\/\/catolicanet.net\/wp-cnet\/wp-json\/wp\/v2\/posts"}],"about":[{"href":"https:\/\/catolicanet.net\/wp-cnet\/wp-json\/wp\/v2\/types\/post"}],"author":[{"embeddable":true,"href":"https:\/\/catolicanet.net\/wp-cnet\/wp-json\/wp\/v2\/users\/17"}],"replies":[{"embeddable":true,"href":"https:\/\/catolicanet.net\/wp-cnet\/wp-json\/wp\/v2\/comments?post=20157"}],"version-history":[{"count":1,"href":"https:\/\/catolicanet.net\/wp-cnet\/wp-json\/wp\/v2\/posts\/20157\/revisions"}],"predecessor-version":[{"id":21070,"href":"https:\/\/catolicanet.net\/wp-cnet\/wp-json\/wp\/v2\/posts\/20157\/revisions\/21070"}],"wp:attachment":[{"href":"https:\/\/catolicanet.net\/wp-cnet\/wp-json\/wp\/v2\/media?parent=20157"}],"wp:term":[{"taxonomy":"category","embeddable":true,"href":"https:\/\/catolicanet.net\/wp-cnet\/wp-json\/wp\/v2\/categories?post=20157"},{"taxonomy":"post_tag","embeddable":true,"href":"https:\/\/catolicanet.net\/wp-cnet\/wp-json\/wp\/v2\/tags?post=20157"}],"curies":[{"name":"wp","href":"https:\/\/api.w.org\/{rel}","templated":true}]}}