{"id":20148,"date":"2017-01-20T18:01:23","date_gmt":"2017-01-20T20:01:23","guid":{"rendered":"http:\/\/catolicanet.net\/wp-cnet\/2017\/01\/20\/asiasiria-patriarcado-de-moscou-pronto-para-financiar-a-reconstrucao-das-igrejas-devastadas-durante-o-conflito-sirio\/"},"modified":"2017-05-30T16:21:04","modified_gmt":"2017-05-30T19:21:04","slug":"asiasiria-patriarcado-de-moscou-pronto-para-financiar-a-reconstrucao-das-igrejas-devastadas-durante-o-conflito-sirio","status":"publish","type":"post","link":"https:\/\/catolicanet.net\/wp-cnet\/asiasiria-patriarcado-de-moscou-pronto-para-financiar-a-reconstrucao-das-igrejas-devastadas-durante-o-conflito-sirio\/","title":{"rendered":"\u00c1SIA\/S\u00cdRIA &#8211; Patriarcado de Moscou pronto para financiar a reconstru\u00e7\u00e3o das igrejas devastadas durante o conflito s\u00edrio"},"content":{"rendered":"<p style=\"text-align: justify;\"><img decoding=\"async\" src=\"http:\/\/www.catolicanet.com.br\/images\/stories\/noticias\/primopiano_3222.jpg\" border=\"0\" align=\"left\" \/>Aleppo (Ag\u00eancia Fides) &#8211; A Igreja ortodoxa russa participar\u00e1 ativamente na reconstru\u00e7\u00e3o das igrejas s\u00edrias destru\u00eddas ou devastadas durante o conflito. Foi o que anunciou o Metropolita Hilarion de Volokolamsk, durante um recente encontro com os estudantes da Universidade estatal de Moscou.<br \/>O Chefe do departamento de rela\u00e7\u00f5es exteriores do Patriarcado de Moscou destacou que a consist\u00eancia e as modalidades de apoio \u00e0s comunidades crist\u00e3s s\u00edrias na reconstru\u00e7\u00e3o de seus lugares de culto poder\u00e3o ser definidas detalhadamente somente quando as atuais situa\u00e7\u00f5es de conflito em territ\u00f3rio s\u00edrio forem superadas e quando os grupos definidos como \u2018terroristas\u2019 forem detidos ou expulsos. O Metropolita Hilarion tamb\u00e9m sublinhou que a Igreja ortodoxa russa est\u00e1 engajada h\u00e1 tempos em programas de assist\u00eancia humanit\u00e1ria em favor das popula\u00e7\u00f5es s\u00edrias.<br \/>Tamb\u00e9m o Ministro do Exterior russo Sergey Lavrov, em coletiva de imprensa ter\u00e7a-feira, 17 de janeiro em Moscou, se referiu \u00e0s condi\u00e7\u00f5es dos crist\u00e3os no Oriente M\u00e9dio, assinalando de modo especial a dr\u00e1stica redu\u00e7\u00e3o da presen\u00e7a crist\u00e3 no Iraque nos \u00faltimos anos.<br \/>Lavrov, em sua avalia\u00e7\u00e3o sobre a atual evolu\u00e7\u00e3o das rela\u00e7\u00f5es entre EUA e R\u00fassia, falou sobre os conflitos que atormentam o Oriente M\u00e9dio, chamando em causa as pol\u00edticas globais dos Estados Unidos e de seus aliados, definidas por ele como \u201ctentativas messi\u00e2nicas\u201d de impor os valores ocidentais ao resto do mundo.<\/p>\n<p style=\"text-align: justify;\">\u00a0<\/p>\n<p style=\"text-align: justify;\">Fonte: Ag\u00eancia Fides.<\/p>\n<p style=\"text-align: justify;\">\u00a0<\/p>\n","protected":false},"excerpt":{"rendered":"<p>Aleppo (Ag\u00eancia Fides) &#8211; A Igreja ortodoxa russa participar\u00e1 ativamente na reconstru\u00e7\u00e3o das igrejas s\u00edrias destru\u00eddas ou devastadas durante o conflito. Foi o que anunciou o Metropolita Hilarion de Volokolamsk, durante um recente encontro com os estudantes da Universidade estatal de Moscou.O Chefe do departamento de rela\u00e7\u00f5es exteriores do Patriarcado de Moscou destacou que a [&hellip;]<\/p>\n","protected":false},"author":1,"featured_media":20147,"comment_status":"open","ping_status":"open","sticky":false,"template":"","format":"standard","meta":{"footnotes":""},"categories":[4],"tags":[],"class_list":["post-20148","post","type-post","status-publish","format-standard","has-post-thumbnail","hentry","category-cotidiano"],"_links":{"self":[{"href":"https:\/\/catolicanet.net\/wp-cnet\/wp-json\/wp\/v2\/posts\/20148","targetHints":{"allow":["GET"]}}],"collection":[{"href":"https:\/\/catolicanet.net\/wp-cnet\/wp-json\/wp\/v2\/posts"}],"about":[{"href":"https:\/\/catolicanet.net\/wp-cnet\/wp-json\/wp\/v2\/types\/post"}],"author":[{"embeddable":true,"href":"https:\/\/catolicanet.net\/wp-cnet\/wp-json\/wp\/v2\/users\/1"}],"replies":[{"embeddable":true,"href":"https:\/\/catolicanet.net\/wp-cnet\/wp-json\/wp\/v2\/comments?post=20148"}],"version-history":[{"count":1,"href":"https:\/\/catolicanet.net\/wp-cnet\/wp-json\/wp\/v2\/posts\/20148\/revisions"}],"predecessor-version":[{"id":24815,"href":"https:\/\/catolicanet.net\/wp-cnet\/wp-json\/wp\/v2\/posts\/20148\/revisions\/24815"}],"wp:featuredmedia":[{"embeddable":true,"href":"https:\/\/catolicanet.net\/wp-cnet\/wp-json\/wp\/v2\/media\/20147"}],"wp:attachment":[{"href":"https:\/\/catolicanet.net\/wp-cnet\/wp-json\/wp\/v2\/media?parent=20148"}],"wp:term":[{"taxonomy":"category","embeddable":true,"href":"https:\/\/catolicanet.net\/wp-cnet\/wp-json\/wp\/v2\/categories?post=20148"},{"taxonomy":"post_tag","embeddable":true,"href":"https:\/\/catolicanet.net\/wp-cnet\/wp-json\/wp\/v2\/tags?post=20148"}],"curies":[{"name":"wp","href":"https:\/\/api.w.org\/{rel}","templated":true}]}}