{"id":20131,"date":"2017-01-20T12:44:46","date_gmt":"2017-01-20T14:44:46","guid":{"rendered":"http:\/\/catolicanet.net\/wp-cnet\/2017\/01\/20\/clubti-foi-indicado-para-concorrer-o-trofeu-internet-2016\/"},"modified":"2017-06-29T15:05:56","modified_gmt":"2017-06-29T18:05:56","slug":"clubti-foi-indicado-para-concorrer-o-trofeu-internet-2016","status":"publish","type":"post","link":"https:\/\/catolicanet.net\/wp-cnet\/clubti-foi-indicado-para-concorrer-o-trofeu-internet-2016\/","title":{"rendered":"Clubti foi indicado para concorrer o Trof\u00e9u Internet 2016"},"content":{"rendered":"<p style=\"text-align: justify;\"><img decoding=\"async\" src=\"http:\/\/www.catolicanet.com.br\/images\/stories\/noticias\/vote no clube.jpg\" border=\"0\" align=\"left\" \/>Campanha dos Devotos, 19 de Janeiro de 2017 \u00e0s 09h14. Atualizada em 19 de Janeiro de 2017 \u00e0s 16h19.<\/p>\n<p>O programa Clubti, da TV Aparecida, foi indicado para concorrer ao Trof\u00e9u Internet na categoria de melhor programa infantil do ano de 2016.<\/p>\n<p>Todos podem participar, a vota\u00e7\u00e3o \u00e9 aberta e est\u00e1 dispon\u00edvel at\u00e9 o dia 9 de fevereiro pelo site da emissora, o SBT: http:\/\/www.sbt.com.br\/trofeuinternet\/\u00a0 <\/p>\n<p>O Trof\u00e9u Internet \u00e9 uma premia\u00e7\u00e3o complementar ao Trof\u00e9u Imprensa, realizado pelo SBT, e ser\u00e1 exibido em abril. Na primeira fase, qualquer pessoa poderia indicar, em cada uma das categorias, seu artista ou programa preferido. Os dez mais indicados foram para esta segunda fase de vota\u00e7\u00e3o no site, agora os internautas podem votar nos artistas e programas da televis\u00e3o que mais se destacaram em 2016, em 20 categorias diferentes. <\/p>\n<p>A entrega dos trof\u00e9us aos vencedores acontecer\u00e1 ainda no primeiro semestre de 2017, pela emissora do SBT, dirigida por Silvio Santos.<\/p>\n<p>O Clubti \u00e9 um programa da TV Aparecida e faz parte do projeto de educa\u00e7\u00e3o infantil do Santu\u00e1rio Nacional, os Devotos Mirins. A indica\u00e7\u00e3o \u00e9 um reconhecimento da qualidade e abrang\u00eancia dos programas da TV Aparecida e uma oportunidade de visibilidade deste projeto.<\/p>\n<p>Acesse o site do SBT e ajude na vota\u00e7\u00e3o: http:\/\/www.sbt.com.br\/trofeuinternet\/<\/p>\n<p style=\"text-align: justify;\">\u00a0<\/p>\n<p style=\"text-align: justify;\">Fonte: Santu\u00e1rio Nacional<\/p>\n","protected":false},"excerpt":{"rendered":"<p>Campanha dos Devotos, 19 de Janeiro de 2017 \u00e0s 09h14. Atualizada em 19 de Janeiro de 2017 \u00e0s 16h19. O programa Clubti, da TV Aparecida, foi indicado para concorrer ao Trof\u00e9u Internet na categoria de melhor programa infantil do ano de 2016. Todos podem participar, a vota\u00e7\u00e3o \u00e9 aberta e est\u00e1 dispon\u00edvel at\u00e9 o dia [&hellip;]<\/p>\n","protected":false},"author":1,"featured_media":20130,"comment_status":"open","ping_status":"open","sticky":false,"template":"","format":"standard","meta":{"footnotes":""},"categories":[4],"tags":[],"class_list":["post-20131","post","type-post","status-publish","format-standard","has-post-thumbnail","hentry","category-cotidiano"],"_links":{"self":[{"href":"https:\/\/catolicanet.net\/wp-cnet\/wp-json\/wp\/v2\/posts\/20131","targetHints":{"allow":["GET"]}}],"collection":[{"href":"https:\/\/catolicanet.net\/wp-cnet\/wp-json\/wp\/v2\/posts"}],"about":[{"href":"https:\/\/catolicanet.net\/wp-cnet\/wp-json\/wp\/v2\/types\/post"}],"author":[{"embeddable":true,"href":"https:\/\/catolicanet.net\/wp-cnet\/wp-json\/wp\/v2\/users\/1"}],"replies":[{"embeddable":true,"href":"https:\/\/catolicanet.net\/wp-cnet\/wp-json\/wp\/v2\/comments?post=20131"}],"version-history":[{"count":1,"href":"https:\/\/catolicanet.net\/wp-cnet\/wp-json\/wp\/v2\/posts\/20131\/revisions"}],"predecessor-version":[{"id":20133,"href":"https:\/\/catolicanet.net\/wp-cnet\/wp-json\/wp\/v2\/posts\/20131\/revisions\/20133"}],"wp:featuredmedia":[{"embeddable":true,"href":"https:\/\/catolicanet.net\/wp-cnet\/wp-json\/wp\/v2\/media\/20130"}],"wp:attachment":[{"href":"https:\/\/catolicanet.net\/wp-cnet\/wp-json\/wp\/v2\/media?parent=20131"}],"wp:term":[{"taxonomy":"category","embeddable":true,"href":"https:\/\/catolicanet.net\/wp-cnet\/wp-json\/wp\/v2\/categories?post=20131"},{"taxonomy":"post_tag","embeddable":true,"href":"https:\/\/catolicanet.net\/wp-cnet\/wp-json\/wp\/v2\/tags?post=20131"}],"curies":[{"name":"wp","href":"https:\/\/api.w.org\/{rel}","templated":true}]}}