{"id":20114,"date":"2017-01-19T16:40:25","date_gmt":"2017-01-19T18:40:25","guid":{"rendered":"http:\/\/catolicanet.net\/wp-cnet\/2017\/01\/19\/de-carro-a-fe-chega-mais-rapido\/"},"modified":"2017-05-30T16:21:06","modified_gmt":"2017-05-30T19:21:06","slug":"de-carro-a-fe-chega-mais-rapido","status":"publish","type":"post","link":"https:\/\/catolicanet.net\/wp-cnet\/de-carro-a-fe-chega-mais-rapido\/","title":{"rendered":"De carro a f\u00e9 chega mais r\u00e1pido"},"content":{"rendered":"<p style=\"text-align: justify;\"><img decoding=\"async\" src=\"http:\/\/www.catolicanet.com.br\/images\/stories\/noticias\/3859934a326e.jpg\" border=\"0\" align=\"left\" \/>O Instituto do Verbo Encarnado foi fundado em 1984 na Argentina e est\u00e1 presente hoje em muitos outros pa\u00edses. Desde 1998, uma das suas casas de forma\u00e7\u00e3o se localiza na cidade de S\u00e3o Paulo, aqui no Brasil. Nesta grande cidade de aproximadamente 12 milh\u00f5es de pessoas, com not\u00f3rio abismo entre ricos e pobres e seus crescentes problemas de viol\u00eancia, a presen\u00e7a dos sacerdotes e religiosos \u00e9 uma verdadeira b\u00ean\u00e7\u00e3o para o povo. Os padres trabalham amplamente com crian\u00e7as, jovens e adultos e est\u00e3o comprometidos com seu apostolado. Eles cuidam e acompanham as fam\u00edlias pastoralmente e est\u00e3o dispon\u00edveis a todos que precisem deles. E o seu minist\u00e9rio est\u00e1 realmente frutificando, como se pode ver pelas muitas pessoas que retornaram \u00e0 Igreja depois de terem se afastado da F\u00e9.<\/p>\n<p>Atualmente, o Instituto tem 13 jovens em prepara\u00e7\u00e3o para o sacerd\u00f3cio. Entretanto, at\u00e9 mesmo eles s\u00e3o afetados por um problema de longa data: a comunidade n\u00e3o disp\u00f5e de um ve\u00edculo. Esses jovens precisam viajar para diferentes partes da cidade para realizar suas atividades pastorais e miss\u00f5es populares. Os jovens novi\u00e7os tamb\u00e9m t\u00eam que viajar uma vez por semana, para participar de palestras no semin\u00e1rio diocesano como parte da sua forma\u00e7\u00e3o. Al\u00e9m disso, h\u00e1 muitas outras atividades, como retiros, peregrina\u00e7\u00f5es&#8230; O transporte p\u00fablico al\u00e9m de consumir muito tempo, em muitas ocasi\u00f5es, tamb\u00e9m \u00e9 inadequado.<\/p>\n<p>Gra\u00e7as \u00e0 generosidade dos nossos benfeitores, pudemos ajud\u00e1-los a comprar uma van. O ve\u00edculo est\u00e1 ajudando todo o Instituto e esses jovens, padres e religiosos, a se empenharem ainda mais efetivamente nos seus apostolados e na sua forma\u00e7\u00e3o. Nosso muito obrigado a todos aqueles que nos ajudaram!<\/p>\n<p style=\"text-align: justify;\">\u00a0<\/p>\n<p style=\"text-align: justify;\">Fonte: Aleteia<\/p>\n","protected":false},"excerpt":{"rendered":"<p>O Instituto do Verbo Encarnado foi fundado em 1984 na Argentina e est\u00e1 presente hoje em muitos outros pa\u00edses. Desde 1998, uma das suas casas de forma\u00e7\u00e3o se localiza na cidade de S\u00e3o Paulo, aqui no Brasil. Nesta grande cidade de aproximadamente 12 milh\u00f5es de pessoas, com not\u00f3rio abismo entre ricos e pobres e seus [&hellip;]<\/p>\n","protected":false},"author":1,"featured_media":20113,"comment_status":"open","ping_status":"open","sticky":false,"template":"","format":"standard","meta":{"footnotes":""},"categories":[4],"tags":[],"class_list":["post-20114","post","type-post","status-publish","format-standard","has-post-thumbnail","hentry","category-cotidiano"],"_links":{"self":[{"href":"https:\/\/catolicanet.net\/wp-cnet\/wp-json\/wp\/v2\/posts\/20114","targetHints":{"allow":["GET"]}}],"collection":[{"href":"https:\/\/catolicanet.net\/wp-cnet\/wp-json\/wp\/v2\/posts"}],"about":[{"href":"https:\/\/catolicanet.net\/wp-cnet\/wp-json\/wp\/v2\/types\/post"}],"author":[{"embeddable":true,"href":"https:\/\/catolicanet.net\/wp-cnet\/wp-json\/wp\/v2\/users\/1"}],"replies":[{"embeddable":true,"href":"https:\/\/catolicanet.net\/wp-cnet\/wp-json\/wp\/v2\/comments?post=20114"}],"version-history":[{"count":1,"href":"https:\/\/catolicanet.net\/wp-cnet\/wp-json\/wp\/v2\/posts\/20114\/revisions"}],"predecessor-version":[{"id":24821,"href":"https:\/\/catolicanet.net\/wp-cnet\/wp-json\/wp\/v2\/posts\/20114\/revisions\/24821"}],"wp:featuredmedia":[{"embeddable":true,"href":"https:\/\/catolicanet.net\/wp-cnet\/wp-json\/wp\/v2\/media\/20113"}],"wp:attachment":[{"href":"https:\/\/catolicanet.net\/wp-cnet\/wp-json\/wp\/v2\/media?parent=20114"}],"wp:term":[{"taxonomy":"category","embeddable":true,"href":"https:\/\/catolicanet.net\/wp-cnet\/wp-json\/wp\/v2\/categories?post=20114"},{"taxonomy":"post_tag","embeddable":true,"href":"https:\/\/catolicanet.net\/wp-cnet\/wp-json\/wp\/v2\/tags?post=20114"}],"curies":[{"name":"wp","href":"https:\/\/api.w.org\/{rel}","templated":true}]}}