{"id":20091,"date":"2017-01-08T03:00:00","date_gmt":"2017-01-08T05:00:00","guid":{"rendered":"http:\/\/catolicanet.net\/wp-cnet\/2017\/01\/08\/festa-da-irradiacao-missionaria\/"},"modified":"2017-05-05T11:10:18","modified_gmt":"2017-05-05T14:10:18","slug":"festa-da-irradiacao-missionaria","status":"publish","type":"post","link":"https:\/\/catolicanet.net\/wp-cnet\/festa-da-irradiacao-missionaria\/","title":{"rendered":"Festa da irradia\u00e7\u00e3o mission\u00e1ria"},"content":{"rendered":"<p style=\"text-align: justify;\">Esta festa tem nome grego: \u201cEpifania\u201d, que quer dizer \u201cmanifesta\u00e7\u00e3o\u201d. Celebramos o dia em que o Filho de Deus e de Maria se manifestou a outros povos da terra, representados pelos Magos do Oriente e deles recebeu homenagem e adora\u00e7\u00e3o. Celebramos tamb\u00e9m a voca\u00e7\u00e3o mission\u00e1ria da Igreja.<br \/>Sentimos terror e ang\u00fastia quando nos perdemos dentro da n\u00e9voa ou em um t\u00fanel ou cova aparentemente sem sa\u00edda, quando perdemos o ponto de refer\u00eancia. Temores ancestrais e culturais desertam em n\u00f3s. Sentimo-nos v\u00edtimas da falta de sentido. Assim Isa\u00edas descreve a situa\u00e7\u00e3o do mundo, antes da chegada do Messias: \u201cV\u00ea, a noite cobre a terra e a escurid\u00e3o, os povos\u201d.<br \/>Mas Deus envia um profeta da gra\u00e7a: o profeta Isa\u00edas chama-o de \u201cMebasser\u201d, que, literalmente, em hebraico quer dizer \u201cmensageiro de alegres not\u00edcias\u201d. Esse profeta anuncia o amanhecer da luz e, com ela, da gl\u00f3ria ou beleza de Deus sobre Jerusal\u00e9m. A cidade se converte no v\u00e9rtice do mundo; irradia sua luz para todos os povos da terra. Atra\u00eddos por ele, todos se colocam a caminho: em primeiro lugar, os filhos e filhas do povo de Deus, dispersos, desterrados; depois os outros povos. Trazem a Jerusal\u00e9m a riqueza das na\u00e7\u00f5es; chega multid\u00e3o de camelos, dromed\u00e1rios; trazem incenso, ouro e Deus de Israel: \u201cprostrar-se-\u00e3o diante do Senhor todos os povos da terra\u201d.<br \/>Nos Magos, inicialmente se cumpre o mist\u00e9rio oculto de Deus, que o autor da Carta aos Ef\u00e9sios(cf. Ef 3,2-3a.5-6) reconhece que lhe foi revelado: que comecem a crer em Jesus e a agregar-se a seu Corpo, que \u00e9 a Igreja, homens e mulheres de outros povos da terra, diferente do povo judeu.<br \/>Hoje tamb\u00e9m assistimos ao maravilhoso desdobramento da f\u00e9 em Jesus em todo o mundo. Mulheres e homens de todas as ra\u00e7as \u2013 agora especialmente na \u00c1sia e na \u00c1frica, sentem-se iluminados por Jesus, por sua estrela.\u00a0 Por sua vez, aquelas pessoas das quais se poderia esperar uma maior ades\u00e3o de f\u00e9 e o compromisso, mostram-se c\u00e9ticas e frias, inclusive hostis, como aconteceu tamb\u00e9m com as autoridades religiosas e pol\u00edticas de Jerusal\u00e9m, quando foram visitadas pelos Magos.<\/p>\n","protected":false},"excerpt":{"rendered":"<p>Esta festa tem nome grego: \u201cEpifania\u201d, que quer dizer \u201cmanifesta\u00e7\u00e3o\u201d. Celebramos o dia em que o Filho de Deus e de Maria se manifestou a outros povos da terra, representados pelos Magos do Oriente e deles recebeu homenagem e adora\u00e7\u00e3o. Celebramos tamb\u00e9m a voca\u00e7\u00e3o mission\u00e1ria da Igreja.Sentimos terror e ang\u00fastia quando nos perdemos dentro da [&hellip;]<\/p>\n","protected":false},"author":10,"featured_media":0,"comment_status":"open","ping_status":"open","sticky":false,"template":"","format":"standard","meta":{"footnotes":""},"categories":[9],"tags":[],"class_list":["post-20091","post","type-post","status-publish","format-standard","hentry","category-artigos"],"_links":{"self":[{"href":"https:\/\/catolicanet.net\/wp-cnet\/wp-json\/wp\/v2\/posts\/20091","targetHints":{"allow":["GET"]}}],"collection":[{"href":"https:\/\/catolicanet.net\/wp-cnet\/wp-json\/wp\/v2\/posts"}],"about":[{"href":"https:\/\/catolicanet.net\/wp-cnet\/wp-json\/wp\/v2\/types\/post"}],"author":[{"embeddable":true,"href":"https:\/\/catolicanet.net\/wp-cnet\/wp-json\/wp\/v2\/users\/10"}],"replies":[{"embeddable":true,"href":"https:\/\/catolicanet.net\/wp-cnet\/wp-json\/wp\/v2\/comments?post=20091"}],"version-history":[{"count":1,"href":"https:\/\/catolicanet.net\/wp-cnet\/wp-json\/wp\/v2\/posts\/20091\/revisions"}],"predecessor-version":[{"id":21093,"href":"https:\/\/catolicanet.net\/wp-cnet\/wp-json\/wp\/v2\/posts\/20091\/revisions\/21093"}],"wp:attachment":[{"href":"https:\/\/catolicanet.net\/wp-cnet\/wp-json\/wp\/v2\/media?parent=20091"}],"wp:term":[{"taxonomy":"category","embeddable":true,"href":"https:\/\/catolicanet.net\/wp-cnet\/wp-json\/wp\/v2\/categories?post=20091"},{"taxonomy":"post_tag","embeddable":true,"href":"https:\/\/catolicanet.net\/wp-cnet\/wp-json\/wp\/v2\/tags?post=20091"}],"curies":[{"name":"wp","href":"https:\/\/api.w.org\/{rel}","templated":true}]}}