{"id":20067,"date":"2017-01-04T03:00:00","date_gmt":"2017-01-04T05:00:00","guid":{"rendered":"http:\/\/catolicanet.net\/wp-cnet\/2017\/01\/04\/o-dom-da-vocacao-presbiteral-i\/"},"modified":"2017-05-05T11:23:11","modified_gmt":"2017-05-05T14:23:11","slug":"o-dom-da-vocacao-presbiteral-i","status":"publish","type":"post","link":"https:\/\/catolicanet.net\/wp-cnet\/o-dom-da-vocacao-presbiteral-i\/","title":{"rendered":"\u201cO Dom da Voca\u00e7\u00e3o Presbiteral\u201d (I)"},"content":{"rendered":"<p style=\"text-align: justify;\">A Congrega\u00e7\u00e3o para o Clero publicou, no dia 8 de dezembro \u00faltimo, um denso documento com o t\u00edtulo O Dom da Voca\u00e7\u00e3o Presbiteral: Ratio Fundamentalis Institutionis Sacerdotalis, visando a ajudar a forma\u00e7\u00e3o para o minist\u00e9rio presbiteral em toda a Igreja, dado que o \u00faltimo Documento desse teor j\u00e1 completou 30 anos de publica\u00e7\u00e3o. Da\u00ed a raz\u00e3o, de minha parte como primeiro respons\u00e1vel pelos Semin\u00e1rios Arquidiocesanos, de uma reflex\u00e3o que nos ajude a acolher com alegria esse documento, colocando-o em pr\u00e1tica em nossa Arquidiocese. Essa \u00e9 uma primeira abordagem.<\/p>\n<p>Este documento visa propor um s\u00e9rio caminho de desenvolvimento \u00e0 forma\u00e7\u00e3o dos futuros presb\u00edteros e, por isso, chama \u00e0 responsabilidade todo o universo da Igreja, as Confer\u00eancias Episcopais de cada Pa\u00eds, bem como as respectivas Dioceses. Afinal, \u00e9 preciso dizer que a forma\u00e7\u00e3o sacerdotal sempre foi uma constante preocupa\u00e7\u00e3o na vida eclesial. Basta lembrar, mais recentemente, dois documentos referenciais: a Exorta\u00e7\u00e3o Apost\u00f3lica Pastores Dabo Vobis, de 25 de mar\u00e7o de 1992, de S\u00e3o Jo\u00e3o Paulo II, e o Motu Proprio Ministrorum Instituitio, de 16 de janeiro de 2013, publicado pelo Papa Bento XVI.<\/p>\n<p>Ambos os documentos deixam entrever que n\u00e3o basta apenas a importante forma\u00e7\u00e3o dada aos seminaristas, candidatos ao sacerd\u00f3cio ministerial, mas faz-se muito oportuno manter a forma\u00e7\u00e3o cont\u00ednua dos padres. Essa necessidade, talvez mais dif\u00edcil de conseguir em grandes dioceses, deve, no entanto, ser buscada sempre mais. O Papa Bento XVI, nesse ponto, deu um grande passo que o Papa Francisco vem seguindo: passar \u00e0 Congrega\u00e7\u00e3o para o Clero n\u00e3o s\u00f3 a forma\u00e7\u00e3o permanente dos padres, mas tamb\u00e9m a dos seminaristas.<\/p>\n<p>Feita uma primeira reda\u00e7\u00e3o da Ratio Fundamentalis, no in\u00edcio de 2014, pela Congrega\u00e7\u00e3o para o Clero, foram ouvidas as v\u00e1rias outras Congrega\u00e7\u00f5es da Santa S\u00e9 competentes no assunto, bem como as Nunciaturas Apost\u00f3licas e as Confer\u00eancias Episcopais, dentro do esp\u00edrito sinodal da Igreja, a fim de se ter um Documento que fosse o mais completo poss\u00edvel. Todas essas consultas culminaram com um Congresso Internacional, de 19-20 de novembro de 2015, quando dos 50 anos dos Documentos Conciliares Optatam Totius e Presbyterorum Ordinis, ocasi\u00e3o em que cardeais, bispos e especialistas puderam oferecer novas, oportunas e importantes contribui\u00e7\u00f5es ao tema.<\/p>\n<p>De tudo isso nasceu o presente Documento, que foi analisado na Congrega\u00e7\u00e3o para o Clero, competente no assunto, bem como por mais dez Dicast\u00e9rios da C\u00faria Romana, at\u00e9 ser apresentado em definitivo ao Santo Padre para sua aprova\u00e7\u00e3o final, de modo que O Dom da Voca\u00e7\u00e3o Sacerdotal foi dado a lume em 8 de dezembro \u00faltimo, com toda a sua riqueza. Tentarei, resumidamente, apresent\u00e1-lo nesta s\u00e9rie de artigos.<\/p>\n<p>De acordo com o Documento ora apresentado, a forma\u00e7\u00e3o sacerdotal deve sempre contemplar quatro grandes pontos. H\u00e1 de ser: \u00fanica, integral, comunit\u00e1ria e mission\u00e1ria, e nunca pode desprezar o caminho do discipulado j\u00e1 feito pelo candidato antes de ingressar em um Semin\u00e1rio ou Casa de Forma\u00e7\u00e3o, dado que desde o Batismo somos formados para o servi\u00e7o a Deus e aos irm\u00e3os e irm\u00e3s. O sacerdote \u00e9 um dom para a Igreja, a fim de se santificar e santificar a outros em sua miss\u00e3o presbiteral.<\/p>\n<p>O formando h\u00e1 de ter em conta que far\u00e1 parte de uma nova \u201cfam\u00edlia\u201d: o presbit\u00e9rio. Nela desenvolver\u00e1 sua miss\u00e3o como enamorado do Cristo e, ao mesmo tempo, como pastor com \u201ccheiro das ovelhas\u201d, a fim de conduzir essas mesmas ovelhas \u00e0 miseric\u00f3rdia de Deus. Disso decorre que cada padre nunca pode se sentir totalmente pronto, mas, sim, um disc\u00edpulo a caminho, carente da forma\u00e7\u00e3o integral capaz de lev\u00e1-lo a mais e melhor configurar-se a Cristo Jesus, o Sacerdote por excel\u00eancia. Aqui estaria o grande segredo de uma s\u00e9ria participa\u00e7\u00e3o na forma\u00e7\u00e3o permanente. Quando se chega a essa conclus\u00e3o, sentir\u00e1 a necessidade de encontrar-se para continuar a forma\u00e7\u00e3o.<\/p>\n<p>Ainda que haja o grande destaque para essa necess\u00e1ria forma\u00e7\u00e3o permanente, o Documento se volta para a prepara\u00e7\u00e3o seminar\u00edstica, distribu\u00edda em quatro etapas: a proped\u00eautica, a filos\u00f3fica, do discipulado, a teol\u00f3gica, da configura\u00e7\u00e3o ao Senhor, e a da pastoral, que \u00e9 como que a s\u00edntese vocacional a ser desenvolvida pelo resto de sua vida. Vale notar que, a partir de 1990, por ocasi\u00e3o do S\u00ednodo dos Bispos, a etapa do chamado Propedeutico foi deveras valorizada, de modo que a maioria das Dioceses passou a implant\u00e1-la, mesmo para as voca\u00e7\u00f5es j\u00e1 mais adultas.<\/p>\n<p>Interessante que o atual Documento fala de uma forma\u00e7\u00e3o filos\u00f3fico-teol\u00f3gica a durar seis anos, pois leva em conta que se deva fazer, no m\u00ednimo, dois anos de Filosofia (\u00e9 praxe em grande parte das nossas Universidades serem 3 anos) e quatro (n\u00e3o tr\u00eas, como ocorre em algumas Faculdades) de Teologia. Deixa claro, no entanto, o Documento que, apesar de muito valorizar os estudos ou o aspecto intelectual, n\u00e3o s\u00f3 eles s\u00e3o necess\u00e1rios. \u00c9 preciso que o candidato \u00e0s Ordens Sacras tenha alcan\u00e7ado tamb\u00e9m um grau de maturidade humana e vocacional requerido em cada fase.<\/p>\n<p>Vem a seguir o chamado \u201cest\u00e1gio pastoral\u201d, que, via de regra, \u00e9 feito a partir da pr\u00f3pria Filosofia ou ainda do Proped\u00eautico, mas em algumas Dioceses \u2013 e aqui parece contemplar este aspecto espec\u00edfico \u2013 trata-se de um ano ap\u00f3s o t\u00e9rmino da Filosofia e da Teologia, ou seja, dos estudos acad\u00eamicos, no qual o candidato passa trabalhando e residindo em uma par\u00f3quia, acompanhado pelo p\u00e1roco; s\u00f3 depois dessa fase de est\u00e1gio \u00e9 ordenado di\u00e1cono e padre.<\/p>\n<p>A Ratio n\u00e3o prev\u00ea uma agenda pr\u00f3pria e pr\u00e9via para a forma\u00e7\u00e3o de cada Diocese em sua forma\u00e7\u00e3o permanente; deixa a cargo do Bispo e da equipe de padres esta importante \u00e1rea, mas d\u00e1 normas precisas no quesito da forma\u00e7\u00e3o dos seminaristas, com detalhes relevantes do que precisa ser estudado em cada etapa formativa, desde a fase proped\u00eautica \u00e0 teol\u00f3gica. \u00c9 necess\u00e1rio, pois, se ater aos pontos teol\u00f3gico, espiritual, can\u00f4nico e pedag\u00f3gico a fim de se ter uma forma\u00e7\u00e3o integral e integrada.<\/p>\n<p>Poderia se perguntar: qual \u00e9 o alcance ou a abrang\u00eancia desse Documento? \u2013 A resposta \u00e9 a seguinte: ele tem alcance em toda a Igreja de modo total, mas se aplica de forma parcial em algumas situa\u00e7\u00f5es espec\u00edficas, como aquelas regidas pela Congrega\u00e7\u00e3o para a Evangeliza\u00e7\u00e3o dos Povos, a Congrega\u00e7\u00e3o voltada para os Institutos de Vida Consagrada e Sociedades de Vida Apost\u00f3lica, bem como as da Pontif\u00edcia Comiss\u00e3o Ecclesia Dei, os Ordinariatos militares ou Prelazias pessoais, nas quais o Ordin\u00e1rio tem um papel fundamental. Portanto, entenda-se aqui Ordin\u00e1rio n\u00e3o s\u00f3 como sendo o Bispo, mas tamb\u00e9m os Superiores Gerais. Ademais, fica exclu\u00edda dessa Ratio as Igrejas Orientais em comunh\u00e3o com Roma, pois h\u00e3o de elaborar Ratio semelhante a partir de sua cultura religiosa e social.<\/p>\n<p>Propostos esses dados amplos e gerais da Congrega\u00e7\u00e3o para o Clero, cada Confer\u00eancia Episcopal, no nosso caso a CNBB, \u00e9 chamada a compor uma Ratio Nationalis pr\u00f3pria e, depois de ouvidos os Bispos todos, enviar \u2013 o mesmo vale para as emendas posteriores \u2013 \u00e0 aprova\u00e7\u00e3o da referida Congrega\u00e7\u00e3o romana. Cada Ratio pode prover suas necessidades de acordo com os meios e costumes locais, ouvida a Comiss\u00e3o Episcopal para o Clero e para os Semin\u00e1rios, sem, no entanto, fugir \u00e0s normas do C\u00f3digo de Direito Can\u00f4nico.<\/p>\n<p>\u00c9 fundamental que cada Ratio nacional contenha uma descri\u00e7\u00e3o sum\u00e1ria do contexto social, eclesial e cultural no qual o futuro padre atuar\u00e1; um eventual acordo firmado pelas Confer\u00eancias Episcopais sobre os semin\u00e1rios do pa\u00eds; as indica\u00e7\u00f5es sobre os instrumentos utilizados na Pastoral Vocacional; os cuidados na dimens\u00e3o humana, espiritual, intelectual e pastoral, e os dados detalhados da forma\u00e7\u00e3o proped\u00eautica, filos\u00f3fica e teol\u00f3gica, incluindo os cr\u00e9ditos de cada mat\u00e9ria trabalhada. Poder-se-ia ainda pensar a forma\u00e7\u00e3o em n\u00edvel continental, no nosso caso do Celam, e dentro de tudo isso cada Bispo elaborar\u00e1 um Diret\u00f3rio Formativo \u00e0 sua Diocese.<\/p>\n<p>\u00c9 belo e denso documento que nos ajuda \u2013 e muito \u2013 na miss\u00e3o formativa dos seminaristas e do clero. Continuaremos essa reflex\u00e3o.<\/p>\n","protected":false},"excerpt":{"rendered":"<p>A Congrega\u00e7\u00e3o para o Clero publicou, no dia 8 de dezembro \u00faltimo, um denso documento com o t\u00edtulo O Dom da Voca\u00e7\u00e3o Presbiteral: Ratio Fundamentalis Institutionis Sacerdotalis, visando a ajudar a forma\u00e7\u00e3o para o minist\u00e9rio presbiteral em toda a Igreja, dado que o \u00faltimo Documento desse teor j\u00e1 completou 30 anos de publica\u00e7\u00e3o. Da\u00ed a [&hellip;]<\/p>\n","protected":false},"author":5,"featured_media":0,"comment_status":"open","ping_status":"open","sticky":false,"template":"","format":"standard","meta":{"footnotes":""},"categories":[9],"tags":[],"class_list":["post-20067","post","type-post","status-publish","format-standard","hentry","category-artigos"],"_links":{"self":[{"href":"https:\/\/catolicanet.net\/wp-cnet\/wp-json\/wp\/v2\/posts\/20067","targetHints":{"allow":["GET"]}}],"collection":[{"href":"https:\/\/catolicanet.net\/wp-cnet\/wp-json\/wp\/v2\/posts"}],"about":[{"href":"https:\/\/catolicanet.net\/wp-cnet\/wp-json\/wp\/v2\/types\/post"}],"author":[{"embeddable":true,"href":"https:\/\/catolicanet.net\/wp-cnet\/wp-json\/wp\/v2\/users\/5"}],"replies":[{"embeddable":true,"href":"https:\/\/catolicanet.net\/wp-cnet\/wp-json\/wp\/v2\/comments?post=20067"}],"version-history":[{"count":1,"href":"https:\/\/catolicanet.net\/wp-cnet\/wp-json\/wp\/v2\/posts\/20067\/revisions"}],"predecessor-version":[{"id":21104,"href":"https:\/\/catolicanet.net\/wp-cnet\/wp-json\/wp\/v2\/posts\/20067\/revisions\/21104"}],"wp:attachment":[{"href":"https:\/\/catolicanet.net\/wp-cnet\/wp-json\/wp\/v2\/media?parent=20067"}],"wp:term":[{"taxonomy":"category","embeddable":true,"href":"https:\/\/catolicanet.net\/wp-cnet\/wp-json\/wp\/v2\/categories?post=20067"},{"taxonomy":"post_tag","embeddable":true,"href":"https:\/\/catolicanet.net\/wp-cnet\/wp-json\/wp\/v2\/tags?post=20067"}],"curies":[{"name":"wp","href":"https:\/\/api.w.org\/{rel}","templated":true}]}}