{"id":20063,"date":"2017-01-19T11:52:31","date_gmt":"2017-01-19T13:52:31","guid":{"rendered":"http:\/\/catolicanet.net\/wp-cnet\/2017\/01\/19\/religiosas-se-despedem-de-tabatinga-na-amazonia\/"},"modified":"2017-05-26T13:09:49","modified_gmt":"2017-05-26T16:09:49","slug":"religiosas-se-despedem-de-tabatinga-na-amazonia","status":"publish","type":"post","link":"https:\/\/catolicanet.net\/wp-cnet\/religiosas-se-despedem-de-tabatinga-na-amazonia\/","title":{"rendered":"Religiosas se despedem de Tabatinga, na Amaz\u00f4nia"},"content":{"rendered":"<p style=\"text-align: justify;\"><img decoding=\"async\" src=\"http:\/\/www.catolicanet.com.br\/images\/stories\/noticias\/15777055_10206289507317071_3252435153555762223_o.jpg\" border=\"0\" align=\"left\" \/>Irm\u00e3s s\u00e3o saudadas por uma ind\u00edgena antes de se despedirem da comunidade.<\/p>\n<p style=\"text-align: justify;\">A comunidade religiosa Intercongregacional de Vendaval, em Tabatinga, diocese do Alto do Solim\u00f5es (AM), viveu dias de despedidas. Ap\u00f3s tr\u00eas anos de doa\u00e7\u00e3o a irm\u00e3 Luiza Ferreira da Silva, da Congrega\u00e7\u00e3o Sagrada Fam\u00edlia de Bordeaux e a irm\u00e3 Izabel Patuzzo, da Congrega\u00e7\u00e3o Mission\u00e1rias da Imaculada, deixam aquela miss\u00e3o entre os povos ind\u00edgenas.<\/p>\n<p style=\"text-align: justify;\">O trabalho desenvolvido fez parte do Projeto Mission\u00e1rio entre os Regionais Sul 1 e Norte 1 da CNBB, criado pelos bispos do estado de S\u00e3o Paulo, para colaborar com as Igrejas na Amaz\u00f4nia. A Confer\u00eancia dos Religiosos\/as do Brasil (CRB), do estado de S\u00e3o Paulo, apoia e incentiva a iniciativa. <br \/>O projeto foi idealizado inicialmente com a participa\u00e7\u00e3o de tr\u00eas congrega\u00e7\u00f5es religiosas: Irm\u00e3s Dominicanas de S\u00e3o Jos\u00e9 (irm\u00e3 Julia Maria Peccim), Congrega\u00e7\u00e3o Sagrada Fam\u00edlia de Bordeaux (irm\u00e3 Luiza Ferreira da Silva), Congrega\u00e7\u00e3o Mission\u00e1rias da Imaculada (irm\u00e3 Izabel Patuzzo). Atualmente, somente irm\u00e3s Luiza e Izabel atuavam no projeto.<\/p>\n<p style=\"text-align: justify;\"><img decoding=\"async\" src=\"http:\/\/www.catolicanet.com.br\/images\/stories\/noticias\/15800627_10206289603479475_2373942507351892281_o.jpg\" border=\"0\" align=\"right\" \/>Irm\u00e3 Luiza manifesta a sua gratid\u00e3o pela oportunidade de viver essa miss\u00e3o. \u201cChegou a hora de dizer adeus. Por\u00e9m antes tenho que agradecer a Deus pela vida, \u00e0s minhas irm\u00e3s da Sagrada Fam\u00edlia pela possibilidade de participar do projeto Intercongregacional, \u00e0 diocese do Alto Solim\u00f5es por nos acolher, aos freis Capuchinhos da par\u00f3quia de Bel\u00e9m dos Solim\u00f5es por ser nossos parceiros, \u00e0 irm\u00e3 Izabel por ser minha irm\u00e3 e companheira de comunidade e principalmente agradecer aos irm\u00e3os de Vendaval com os quais durante esses quase tr\u00eas anos, aprendi a viver e conviver como uma fam\u00edlia\u201d. A mission\u00e1ria manifesta alegria pelo aprendizado. \u201cPartirei sim com uma bagagem cheia de conhecimentos e experi\u00eancias e com o cora\u00e7\u00e3o dividido, por\u00e9m cheio de alegrias. Obrigada comunidade ind\u00edgena de Vendaval! Sentirei muitas saudades!\u201d, testemunhou irm\u00e3 Luiza.<\/p>\n<p style=\"text-align: justify;\"><img decoding=\"async\" src=\"http:\/\/www.catolicanet.com.br\/images\/stories\/noticias\/15844564_10206289573918736_89243278456534797_o.jpg\" border=\"0\" align=\"left\" \/>Na Amaz\u00f4nia as irm\u00e3s enriqueceram a vida da comunidade com alguns projetos sociais e implanta\u00e7\u00e3o de novas pastorais, tais como: Pastoral da Crian\u00e7a, Pastoral do D\u00edzimo e Catequese de Adultos.<\/p>\n<p style=\"text-align: justify;\">Na \u00e1rea social, conseguiram oferecer cursos de viol\u00e3o, de corte e costura e artesanato da cultura local, al\u00e9m de orienta\u00e7\u00e3o nas pequenas ro\u00e7as. O mais importante foi a rela\u00e7\u00e3o constru\u00edda com o povo no dia a dia, onde visitaram as fam\u00edlias, participaram de suas lutas por uma melhor qualidade de vida na \u00e1rea da educa\u00e7\u00e3o, sa\u00fade, demarca\u00e7\u00e3o de suas terras, preserva\u00e7\u00e3o dos lagos e igarap\u00e9s.<\/p>\n<p style=\"text-align: justify;\"><img decoding=\"async\" src=\"http:\/\/www.catolicanet.com.br\/images\/stories\/noticias\/15844140_10206289502916961_2082173478194539962_o.jpg\" border=\"0\" align=\"right\" \/>Um apelo \u00e0s Congrega\u00e7\u00f5es Religiosas<\/p>\n<p style=\"text-align: justify;\">Com o objetivo de dar continuidade ao projeto, a Confer\u00eancia dos Religiosos do Brasil (CRB), por meio da Regional S\u00e3o Paulo, faz um apelo \u00e0s congrega\u00e7\u00f5es religiosas femininas para assumirem aquela comunidade em Tabatinga (AM).<\/p>\n<p style=\"text-align: justify;\">De acordo com o padre Pedro Rubens Cabral, \u201ca CRB-SP est\u00e1 aguardando o nome de duas ou tr\u00eas irm\u00e3s para substitu\u00edrem as mission\u00e1rias naquela comunidade. Temos duas irm\u00e3s preparadas para reiniciar a comunidade em abril, mas precisamos de mais uma, porque a miss\u00e3o requer tr\u00eas religiosas\u201d, explica o padre Pedro e refor\u00e7a o apelo: \u201cprecisamos de religiosas para assumirem a comunidade\u201d.<br \/>De S\u00e3o Paulo, Renato Papis, Mtb 61.012\/SP.<\/p>\n<p style=\"text-align: justify;\">\u00a0<\/p>\n<p style=\"text-align: justify;\">Fonte: CNBB SUL 1<\/p>\n","protected":false},"excerpt":{"rendered":"<p>Irm\u00e3s s\u00e3o saudadas por uma ind\u00edgena antes de se despedirem da comunidade. A comunidade religiosa Intercongregacional de Vendaval, em Tabatinga, diocese do Alto do Solim\u00f5es (AM), viveu dias de despedidas. Ap\u00f3s tr\u00eas anos de doa\u00e7\u00e3o a irm\u00e3 Luiza Ferreira da Silva, da Congrega\u00e7\u00e3o Sagrada Fam\u00edlia de Bordeaux e a irm\u00e3 Izabel Patuzzo, da Congrega\u00e7\u00e3o Mission\u00e1rias [&hellip;]<\/p>\n","protected":false},"author":1,"featured_media":20062,"comment_status":"open","ping_status":"open","sticky":false,"template":"","format":"standard","meta":{"footnotes":""},"categories":[7],"tags":[],"class_list":["post-20063","post","type-post","status-publish","format-standard","has-post-thumbnail","hentry","category-cnbb"],"_links":{"self":[{"href":"https:\/\/catolicanet.net\/wp-cnet\/wp-json\/wp\/v2\/posts\/20063","targetHints":{"allow":["GET"]}}],"collection":[{"href":"https:\/\/catolicanet.net\/wp-cnet\/wp-json\/wp\/v2\/posts"}],"about":[{"href":"https:\/\/catolicanet.net\/wp-cnet\/wp-json\/wp\/v2\/types\/post"}],"author":[{"embeddable":true,"href":"https:\/\/catolicanet.net\/wp-cnet\/wp-json\/wp\/v2\/users\/1"}],"replies":[{"embeddable":true,"href":"https:\/\/catolicanet.net\/wp-cnet\/wp-json\/wp\/v2\/comments?post=20063"}],"version-history":[{"count":1,"href":"https:\/\/catolicanet.net\/wp-cnet\/wp-json\/wp\/v2\/posts\/20063\/revisions"}],"predecessor-version":[{"id":23291,"href":"https:\/\/catolicanet.net\/wp-cnet\/wp-json\/wp\/v2\/posts\/20063\/revisions\/23291"}],"wp:featuredmedia":[{"embeddable":true,"href":"https:\/\/catolicanet.net\/wp-cnet\/wp-json\/wp\/v2\/media\/20062"}],"wp:attachment":[{"href":"https:\/\/catolicanet.net\/wp-cnet\/wp-json\/wp\/v2\/media?parent=20063"}],"wp:term":[{"taxonomy":"category","embeddable":true,"href":"https:\/\/catolicanet.net\/wp-cnet\/wp-json\/wp\/v2\/categories?post=20063"},{"taxonomy":"post_tag","embeddable":true,"href":"https:\/\/catolicanet.net\/wp-cnet\/wp-json\/wp\/v2\/tags?post=20063"}],"curies":[{"name":"wp","href":"https:\/\/api.w.org\/{rel}","templated":true}]}}