{"id":20059,"date":"2017-01-19T11:11:44","date_gmt":"2017-01-19T13:11:44","guid":{"rendered":"http:\/\/catolicanet.net\/wp-cnet\/2017\/01\/19\/informacoes-completas-sobre-o-rio-encontros\/"},"modified":"2017-05-30T16:21:53","modified_gmt":"2017-05-30T19:21:53","slug":"informacoes-completas-sobre-o-rio-encontros","status":"publish","type":"post","link":"https:\/\/catolicanet.net\/wp-cnet\/informacoes-completas-sobre-o-rio-encontros\/","title":{"rendered":"Informa\u00e7\u00f5es completas sobre o Rio Encontros:"},"content":{"rendered":"<p style=\"text-align: justify;\"><img decoding=\"async\" src=\"http:\/\/www.catolicanet.com.br\/images\/stories\/noticias\/kavx92501.jpg\" border=\"0\" align=\"left\" style=\"float: right;\" \/>Ser\u00e3o realizadas mesas redondas e mostras tendo como temas a Bas\u00edlica de Nossa Senhora Aparecida, j\u00e1 que em 2017 s\u00e3o comemorados os 300 anos do encontro da imagem, e sobre a APAC (Associa\u00e7\u00e3o de Prote\u00e7\u00e3o e Assist\u00eancia aos Condenados), que \u00e9 um modelo de humaniza\u00e7\u00e3o do sistema penitenci\u00e1rio nascido no Brasil e difundido atualmente em mais de 18 pa\u00edses, e que tem \u00edndices de recupera\u00e7\u00e3o de mais de 80%.<\/p>\n<p>Est\u00e3o confirmadas a presen\u00e7a dos seguintes convidados nacionais e internacionais, entre outros:<br \/>\u2022\u00a0\u00a0\u00a0 Jos\u00e9 Mariano Beltrame, ex-secret\u00e1rio de seguran\u00e7a do Estado do Rio de Janeiro;<br \/>\u2022\u00a0\u00a0\u00a0 Dr. Luiz Carlos Rezende e Santos, Juiz auxiliar da Presid\u00eancia do Conselho Nacional de Justi\u00e7a;<br \/>\u2022\u00a0\u00a0\u00a0 Valdeci Ant\u00f4nio Ferreira, diretor da Fraternidade Brasileira de Assist\u00eancia aos Condenados;<br \/>\u2022\u00a0\u00a0\u00a0 Roberto Donizetti de Carvalho, ex-detento, gerente de metodologia da Associa\u00e7\u00e3o de Prote\u00e7\u00e3o e Assit\u00eancia ao Condenado<br \/>\u2022\u00a0\u00a0\u00a0 Rose Busingye, diretora do \u201cMeeting Point International\u201d, de Uganda, que trabalha no acompanhamento de pessoas infectadas pelo HIV, de \u00f3rf\u00e3os cujos pais foram vitimados pela doen\u00e7a, e de crian\u00e7as em situa\u00e7\u00e3o de risco naquele pa\u00eds.;<br \/>\u2022\u00a0\u00a0\u00a0 Francesco Berardi, engenheiro, diretor da NOKIA, residente atualmente nas Filipinas;<br \/>\u2022\u00a0\u00a0\u00a0 Marcos Zerbini, deputado estadual pelo PSDB em S\u00e3o Paulo, presidente da Associa\u00e7\u00e3o dos Trabalhadores Sem Terra de S\u00e3o Paulo (ATST);<\/p>\n<p>O evento contar\u00e1 tamb\u00e9m com apresenta\u00e7\u00f5es musicais, atividades para o p\u00fablico infantil e apresenta\u00e7\u00e3o de v\u00eddeos. A programa\u00e7\u00e3o completa pode ser encontrada no site www.rioencontros.ORG.br<br \/>Todas as atra\u00e7\u00f5es do evento s\u00e3o gratuitas. As despesas s\u00e3o financiadas por doa\u00e7\u00f5es de pessoas f\u00edsicas e patroc\u00ednios. <\/p>\n<p>ORGANIZA\u00c7\u00c3O DO EVENTO:<\/p>\n<p>O Centro Cultural Fato e Presen\u00e7a \u00e9 uma entidade sem fins lucrativos, nascido da inciativa de amigos que fazem parte do Movimento Cat\u00f3lico Comunh\u00e3o e Liberta\u00e7\u00e3o, e que busca promover o di\u00e1logo entre a F\u00e9 e a Raz\u00e3o atrav\u00e9s de eventos como mesas redondas, palestras e outras formas de manifesta\u00e7\u00e3o cultural.<br \/>Para isso, o evento visa oferecer a todos express\u00f5es verdadeiramente humanas do desejo de verdade, beleza e justi\u00e7a, tornando-se assim um ponto de encontro para pessoas de diferentes cren\u00e7as, tradi\u00e7\u00f5es e culturas que se esfor\u00e7am para a compreens\u00e3o rec\u00edproca, constru\u00e7\u00e3o m\u00fatua e amizade verdadeira.<br \/>Com o tema \u201cRio Encontros \u2013 Uma Vida em Movimento\u201d, a primeira edi\u00e7\u00e3o do evento foi realizada no dia 18 de outubro de 2014 na Pontif\u00edcia Universidade Cat\u00f3lica do Rio de Janeiro. O evento contou com a participa\u00e7\u00e3o da Profa. M\u00e1rcia Val\u00e9ria Teixeira Rosa (UNI-RIO), que apresentou a mostra \u201cO Bem de Todos: os afrescos do Bom Governo no Pal\u00e1cio P\u00fablico de Siena\u201d, de Stella Caymmi, com o \u201cTributo a Caymmi\u201d e com um concurso de poesias, cujo tema foi \u201cUm grito lan\u00e7ado ao infinito\u201d, dentre outras atividades culturais. <br \/>Em 2015, o tema escolhido foi \u201cO Destino do homem \u00e9 a Beleza\u201d. Nessa edi\u00e7\u00e3o, foi realizada a mesa redonda \u201cLiberdade de express\u00e3o, a beleza de saber falar e ouvir\u201d, que contou com a participa\u00e7\u00e3o de jornalistas da Globo News, Rede Globo e Folha de S. Paulo. No fim da tarde, houve a mesa redonda sobre S\u00edndrome de Down. <br \/>Al\u00e9m desses eventos, a edi\u00e7\u00e3o de 2015 do Rio Encontros teve momentos culturais: a mesa redonda \u201cA Beleza da Santidade: as hist\u00f3rias de Odetinha e Guido Schaffer\u201d, a mesa redonda \u201cO destino do homem \u00e9 a beleza\u201d, al\u00e9m da palestra \u201cA beleza do mist\u00e9rio do Universo\u201d.<\/p>\n<p style=\"text-align: justify;\">Alguns momentos das edi\u00e7\u00f5es anteriores<\/p>\n<p style=\"text-align: justify;\"><img decoding=\"async\" src=\"http:\/\/www.catolicanet.com.br\/images\/stories\/noticias\/nova materia.png\" border=\"0\" align=\"left\" \/><\/p>\n<p style=\"text-align: justify;\">\n<p><\/p>\n<p style=\"text-align: justify;\">\u00a0<\/p>\n<p style=\"text-align: justify;\">\u00a0<\/p>\n<p style=\"text-align: justify;\">\u00a0<\/p>\n<p style=\"text-align: justify;\">\u00a0<\/p>\n<p style=\"text-align: justify;\">\u00a0<\/p>\n<p style=\"text-align: justify;\">\u00a0<\/p>\n<p style=\"text-align: justify;\">\u00a0<\/p>\n<p style=\"text-align: justify;\">\u00a0<\/p>\n<p style=\"text-align: justify;\">\u00a0<\/p>\n<p style=\"text-align: justify;\">\u00a0<\/p>\n<p style=\"text-align: justify;\">Fonte: Rio Encontros<\/p>\n","protected":false},"excerpt":{"rendered":"<p>Ser\u00e3o realizadas mesas redondas e mostras tendo como temas a Bas\u00edlica de Nossa Senhora Aparecida, j\u00e1 que em 2017 s\u00e3o comemorados os 300 anos do encontro da imagem, e sobre a APAC (Associa\u00e7\u00e3o de Prote\u00e7\u00e3o e Assist\u00eancia aos Condenados), que \u00e9 um modelo de humaniza\u00e7\u00e3o do sistema penitenci\u00e1rio nascido no Brasil e difundido atualmente em [&hellip;]<\/p>\n","protected":false},"author":1,"featured_media":20058,"comment_status":"open","ping_status":"open","sticky":false,"template":"","format":"standard","meta":{"footnotes":""},"categories":[4],"tags":[],"class_list":["post-20059","post","type-post","status-publish","format-standard","has-post-thumbnail","hentry","category-cotidiano"],"_links":{"self":[{"href":"https:\/\/catolicanet.net\/wp-cnet\/wp-json\/wp\/v2\/posts\/20059","targetHints":{"allow":["GET"]}}],"collection":[{"href":"https:\/\/catolicanet.net\/wp-cnet\/wp-json\/wp\/v2\/posts"}],"about":[{"href":"https:\/\/catolicanet.net\/wp-cnet\/wp-json\/wp\/v2\/types\/post"}],"author":[{"embeddable":true,"href":"https:\/\/catolicanet.net\/wp-cnet\/wp-json\/wp\/v2\/users\/1"}],"replies":[{"embeddable":true,"href":"https:\/\/catolicanet.net\/wp-cnet\/wp-json\/wp\/v2\/comments?post=20059"}],"version-history":[{"count":1,"href":"https:\/\/catolicanet.net\/wp-cnet\/wp-json\/wp\/v2\/posts\/20059\/revisions"}],"predecessor-version":[{"id":24822,"href":"https:\/\/catolicanet.net\/wp-cnet\/wp-json\/wp\/v2\/posts\/20059\/revisions\/24822"}],"wp:featuredmedia":[{"embeddable":true,"href":"https:\/\/catolicanet.net\/wp-cnet\/wp-json\/wp\/v2\/media\/20058"}],"wp:attachment":[{"href":"https:\/\/catolicanet.net\/wp-cnet\/wp-json\/wp\/v2\/media?parent=20059"}],"wp:term":[{"taxonomy":"category","embeddable":true,"href":"https:\/\/catolicanet.net\/wp-cnet\/wp-json\/wp\/v2\/categories?post=20059"},{"taxonomy":"post_tag","embeddable":true,"href":"https:\/\/catolicanet.net\/wp-cnet\/wp-json\/wp\/v2\/tags?post=20059"}],"curies":[{"name":"wp","href":"https:\/\/api.w.org\/{rel}","templated":true}]}}