{"id":19999,"date":"2016-12-16T12:17:47","date_gmt":"2016-12-16T14:17:47","guid":{"rendered":"http:\/\/catolicanet.net\/wp-cnet\/2016\/12\/16\/caritas-internacional-dedica-sua-mensagem-de-natal-a-siria\/"},"modified":"2017-06-02T10:02:37","modified_gmt":"2017-06-02T13:02:37","slug":"caritas-internacional-dedica-sua-mensagem-de-natal-a-siria","status":"publish","type":"post","link":"https:\/\/catolicanet.net\/wp-cnet\/caritas-internacional-dedica-sua-mensagem-de-natal-a-siria\/","title":{"rendered":"Caritas Internacional dedica sua mensagem de Natal \u00e0 S\u00edria"},"content":{"rendered":"<p style=\"text-align: justify;\"><img decoding=\"async\" src=\"http:\/\/www.catolicanet.com.br\/images\/stories\/noticias\/epa2286020_articolo.jpg\" border=\"0\" align=\"left\" \/>Cidade do Vaticano (RV) \u2013 Nunca \u00e9 Natal na S\u00edria: a mensagem natalina do Presidente da Caritas Internacional, Cardeal Luis Antonio Tagle, \u00e9 dedicada ao pa\u00eds que h\u00e1 cinco anos vive em guerra.<\/p>\n<p>\u201c\u00c0s vezes parece que \u00e9 sempre inverno na S\u00edria, mas nunca \u00e9 Natal. Milh\u00f5es de pessoas n\u00e3o t\u00eam casas. E os que t\u00eam um ref\u00fagio, est\u00e3o sem calefa\u00e7\u00e3o ou eletricidade\u201d, escreve o Arcebispo de Manila, nas Filipinas.<\/p>\n<p>O Cardeal conta que os funcion\u00e1rios da Caritas local s\u00e3o obrigados a queimar seus m\u00f3veis para produzir calor. \u201cPensemos nos pobres, nos idosos e nas crian\u00e7as que vivem amontoados em pequenas habita\u00e7\u00f5es. Pensemos naqueles que est\u00e3o vivendo sob as intemp\u00e9ries, sob constantes bombardeios, em quem saiu de sua casa em busca de seguran\u00e7a\u201d, escreve.<\/p>\n<p>O Presidente da Caritas Internacional relata o trabalho da institui\u00e7\u00e3o nessas condi\u00e7\u00f5es, que inclui assist\u00eancia de sa\u00fade, educa\u00e7\u00e3o, ref\u00fagio e distribui\u00e7\u00e3o de roupas e alimentos.<\/p>\n<p>\u201cEsta guerra, em si mesma, tem sido o inverno mais cru para a S\u00edria, mas sabemos que depois do inverno vem sempre a primavera\u201d, afirma ainda o Cardeal, citando o Papa Francisco como um dos promotores da campanha \u201cS\u00edria: a paz \u00e9 poss\u00edvel\u201d, da Caritas Internacional.<\/p>\n<p>\u201cA paz na S\u00edria seria a maior das perfei\u00e7\u00f5es neste Natal\u201d, conclui o Cardeal filipino.<\/p>\n","protected":false},"excerpt":{"rendered":"<p>Cidade do Vaticano (RV) \u2013 Nunca \u00e9 Natal na S\u00edria: a mensagem natalina do Presidente da Caritas Internacional, Cardeal Luis Antonio Tagle, \u00e9 dedicada ao pa\u00eds que h\u00e1 cinco anos vive em guerra. \u201c\u00c0s vezes parece que \u00e9 sempre inverno na S\u00edria, mas nunca \u00e9 Natal. Milh\u00f5es de pessoas n\u00e3o t\u00eam casas. E os que [&hellip;]<\/p>\n","protected":false},"author":1,"featured_media":19998,"comment_status":"open","ping_status":"open","sticky":false,"template":"","format":"standard","meta":{"footnotes":""},"categories":[3],"tags":[],"class_list":["post-19999","post","type-post","status-publish","format-standard","has-post-thumbnail","hentry","category-vaticano"],"_links":{"self":[{"href":"https:\/\/catolicanet.net\/wp-cnet\/wp-json\/wp\/v2\/posts\/19999","targetHints":{"allow":["GET"]}}],"collection":[{"href":"https:\/\/catolicanet.net\/wp-cnet\/wp-json\/wp\/v2\/posts"}],"about":[{"href":"https:\/\/catolicanet.net\/wp-cnet\/wp-json\/wp\/v2\/types\/post"}],"author":[{"embeddable":true,"href":"https:\/\/catolicanet.net\/wp-cnet\/wp-json\/wp\/v2\/users\/1"}],"replies":[{"embeddable":true,"href":"https:\/\/catolicanet.net\/wp-cnet\/wp-json\/wp\/v2\/comments?post=19999"}],"version-history":[{"count":1,"href":"https:\/\/catolicanet.net\/wp-cnet\/wp-json\/wp\/v2\/posts\/19999\/revisions"}],"predecessor-version":[{"id":27227,"href":"https:\/\/catolicanet.net\/wp-cnet\/wp-json\/wp\/v2\/posts\/19999\/revisions\/27227"}],"wp:featuredmedia":[{"embeddable":true,"href":"https:\/\/catolicanet.net\/wp-cnet\/wp-json\/wp\/v2\/media\/19998"}],"wp:attachment":[{"href":"https:\/\/catolicanet.net\/wp-cnet\/wp-json\/wp\/v2\/media?parent=19999"}],"wp:term":[{"taxonomy":"category","embeddable":true,"href":"https:\/\/catolicanet.net\/wp-cnet\/wp-json\/wp\/v2\/categories?post=19999"},{"taxonomy":"post_tag","embeddable":true,"href":"https:\/\/catolicanet.net\/wp-cnet\/wp-json\/wp\/v2\/tags?post=19999"}],"curies":[{"name":"wp","href":"https:\/\/api.w.org\/{rel}","templated":true}]}}