{"id":19995,"date":"2016-12-16T11:48:51","date_gmt":"2016-12-16T13:48:51","guid":{"rendered":"http:\/\/catolicanet.net\/wp-cnet\/2016\/12\/16\/papa-pastores-digam-a-verdade-acolhendo-as-pessoas\/"},"modified":"2017-06-02T13:47:24","modified_gmt":"2017-06-02T16:47:24","slug":"papa-pastores-digam-a-verdade-acolhendo-as-pessoas","status":"publish","type":"post","link":"https:\/\/catolicanet.net\/wp-cnet\/papa-pastores-digam-a-verdade-acolhendo-as-pessoas\/","title":{"rendered":"Papa: pastores, digam a verdade acolhendo as pessoas"},"content":{"rendered":"<p style=\"text-align: justify;\"><img decoding=\"async\" src=\"http:\/\/www.catolicanet.com.br\/images\/stories\/papas\/1879754_articolo.jpg\" border=\"0\" align=\"left\" \/>Cidade do Vaticano (RV) &#8211; Jo\u00e3o Batista foi a figura central da homilia do Papa Francisco na missa matutina celebrada na Capela da Santa Marta, nesta quinta-feira (15\/12).<\/p>\n<p style=\"text-align: justify;\"><a href=\"http:\/\/media02.radiovaticana.va\/audio\/audio2\/mp3\/00562050.mp3\">Clique aqui para ouvir:<\/a><\/p>\n<p style=\"text-align: justify;\">A liturgia do Advento reflete sobre o minist\u00e9rio desse homem que vivia no deserto, pregava e batizava. Todos iam ao seu encontro, at\u00e9 mesmo os fariseus e os doutores da lei, mas \u201ccom dist\u00e2ncia\u201d, para julg\u00e1-lo e n\u00e3o para se batizar. <\/p>\n<p>No Evangelho de hoje, Jesus pergunta \u00e0s multid\u00f5es: O que voc\u00eas foram ver no deserto? Um cani\u00e7o agitado pelo vento? Um homem vestido com roupas finas? N\u00e3o um homem vestido com roupas preciosas porque aqueles que vivem no luxo est\u00e3o nos pal\u00e1cios dos reis, \u201calguns nos episcopados\u201d, acrescentou o Papa.<\/p>\n<p style=\"text-align: justify;\">\u00a0<\/p>\n<p style=\"text-align: justify;\"><a href=\"https:\/\/www.youtube.com\/watch?v=QP9iwyEeTrI\">Clique aqui para assistir o v\u00eddeo:<\/a><\/p>\n<p style=\"text-align: justify;\">\u00a0<\/p>\n<p style=\"text-align: justify;\">O que eles foram ver \u00e9 um profeta, \u201calgu\u00e9m que \u00e9 mais do que um profeta\u201d. \u201cEntre os nascidos de mulher, ningu\u00e9m \u00e9 maior do que Jo\u00e3o\u201d, \u201co \u00faltimo dos profetas\u201d porque depois dele h\u00e1 o Messias, explicou Francisco, que se deteve nos motivos dessa grandeza: \u201cEra um homem fiel ao que o Senhor lhe pediu\u201d, \u201cgrande porque fiel\u201d e essa grandeza se via em suas prega\u00e7\u00f5es: <\/p>\n<p>Vigor na prega\u00e7\u00e3o<\/p>\n<p>\u201cPregava com vigor, dizia coisas fortes aos fariseus, aos doutores da lei, aos sacerdotes. N\u00e3o lhes dizia: Queridos, comportem-se bem! N\u00e3o! Dizia-lhes simplesmente: \u2018Ra\u00e7a de v\u00edboras\u2019. N\u00e3o fazia rodeios, porque eles se aproximavam para controlar e para ver, mas nunca com o cora\u00e7\u00e3o aberto: Ra\u00e7a de v\u00edboras! Arriscava a vida, mas era fiel. A Herodes dizia na cara: \u2018Ad\u00faltero, isso n\u00e3o \u00e9 l\u00edcito! Se um sacerdote hoje na homilia dominical dizer: Entre voc\u00eas existem alguns que s\u00e3o ra\u00e7a de v\u00edboras e existem tamb\u00e9m ad\u00falteros, certamente o bispo receberia uma reclama\u00e7\u00e3o: Mande embora este p\u00e1roco que nos insulta. E Jo\u00e3o Batista insultava. Por que? Porque era fiel \u00e0 sua voca\u00e7\u00e3o e \u00e0 verdade.\u201d<\/p>\n<p>O Papa observou que com as pessoas comuns Jo\u00e3o Batista era compreensivo. Aos publicanos, pecadores p\u00fablicos porque exploravam o povo, ele dizia: \u201cN\u00e3o pe\u00e7am mais do que o justo\u201d. \u201cCome\u00e7ava do pouco. Depois, veremos. E os batizava\u201d, prosseguiu Francisco. \u201cPrimeiro este passo, depois a gente v\u00ea\u201d.<\/p>\n<p>Responsabilidade<\/p>\n<p>Aos soldados, aos policiais pedia para n\u00e3o amea\u00e7ar nem denunciar ningu\u00e9m e de se contentar com o seu sal\u00e1rio. \u201cIsso significa n\u00e3o entrar no mundo das propinas\u201d, explicou o Papa. Jo\u00e3o batizava todos esses pecadores, mas com esse m\u00ednimo passo adiante porque sabia que com esse passo, depois o Senhor fazia o resto. E eles se convertiam. \u201c\u00c9 um pastor que entendia a situa\u00e7\u00e3o das pessoas, que ajudava as pessoas a caminhar com o Senhor.\u201d Jo\u00e3o foi o \u00fanico dos profetas a quem foi dada a gra\u00e7a de indicar: \u201cEste \u00e9 Jesus\u201d.<\/p>\n<p>Mas, apesar de Jo\u00e3o ser grande, forte, certo da sua voca\u00e7\u00e3o, \u201ctamb\u00e9m tinha momentos escuros\u201d, \u201ctinha as suas d\u00favidas\u201d, diz Francisco. Jo\u00e3o, de fato, da pris\u00e3o come\u00e7a a duvidar, apesar de ter batizado Jesus, \u201cporque era um Salvador, n\u00e3o como ele havia imaginado\u201d. Ele, ent\u00e3o, envia dois dos seus disc\u00edpulos a perguntar-lhe se era realmente ele o Messias. E Jesus corrige a vis\u00e3o de Jo\u00e3o com uma resposta clara. Diz para referir a Jo\u00e3o que \u201cos cegos recuperam a vista\u201d, \u201cos surdos ouvem\u201d, \u201cos mortos ressuscitam\u201d. \u201cOs grandes podem se dar ao luxo de duvidar, porque s\u00e3o grandes\u201d, comenta o Papa:<\/p>\n<p>Convers\u00e3o<\/p>\n<p>\u201cOs grandes podem se dar ao luxo de duvidar, e isso \u00e9 bom. Eles t\u00eam certeza da voca\u00e7\u00e3o, mas sempre que o Senhor lhes mostra uma nova estrada eles t\u00eam d\u00favidas. \u2018Mas isso n\u00e3o \u00e9 ortodoxo, isto \u00e9 her\u00e9tico, este n\u00e3o \u00e9 o Messias que eu esperava&#8217;. O diabo faz este trabalho e qualquer amigo tamb\u00e9m ajuda, certo? Esta \u00e9 a grandeza de Jo\u00e3o, um grande, o \u00faltimo daquele grupo de crentes que come\u00e7ou com Abra\u00e3o, aquele que prega a convers\u00e3o, que n\u00e3o usa meias palavras para condenar os orgulhosos, que no fim da vida se permite de duvidar. E este \u00e9 um bom programa de vida crist\u00e3\u201d.<\/p>\n<p>Francisco, em seguida, resume os pontos principais da sua homilia: dizer as coisas com verdade e receber das pessoas o que consegue dar, um primeiro passo:<\/p>\n<p>\u201cPe\u00e7amos a Jo\u00e3o a gra\u00e7a da coragem apost\u00f3lica de sempre dizer as coisas com a verdade do amor pastoral, de receber pessoas com o pouco que pode dar, o primeiro passo. Deus far\u00e1 o resto. E tamb\u00e9m a gra\u00e7a para duvidar. Muitas vezes, talvez no final da vida, algu\u00e9m se pode perguntar: &#8216;Mas \u00e9 verdade tudo aquilo que eu acreditei ou s\u00e3o fantasias?\u2019 A tenta\u00e7\u00e3o contra a f\u00e9, contra o Senhor. Que o grande Jo\u00e3o, que \u00e9 o menor no reino dos C\u00e9us, por isso \u00e9 grande, nos ajude neste caminho nas pegadas do Senhor\u201d.<\/p>\n<p style=\"text-align: justify;\">\u00a0<\/p>\n<p style=\"text-align: justify;\">Fonte: R\u00e1dio Vaticano<\/p>\n","protected":false},"excerpt":{"rendered":"<p>Cidade do Vaticano (RV) &#8211; Jo\u00e3o Batista foi a figura central da homilia do Papa Francisco na missa matutina celebrada na Capela da Santa Marta, nesta quinta-feira (15\/12). Clique aqui para ouvir: A liturgia do Advento reflete sobre o minist\u00e9rio desse homem que vivia no deserto, pregava e batizava. Todos iam ao seu encontro, at\u00e9 [&hellip;]<\/p>\n","protected":false},"author":1,"featured_media":19994,"comment_status":"open","ping_status":"open","sticky":false,"template":"","format":"standard","meta":{"footnotes":""},"categories":[3],"tags":[],"class_list":["post-19995","post","type-post","status-publish","format-standard","has-post-thumbnail","hentry","category-vaticano"],"_links":{"self":[{"href":"https:\/\/catolicanet.net\/wp-cnet\/wp-json\/wp\/v2\/posts\/19995","targetHints":{"allow":["GET"]}}],"collection":[{"href":"https:\/\/catolicanet.net\/wp-cnet\/wp-json\/wp\/v2\/posts"}],"about":[{"href":"https:\/\/catolicanet.net\/wp-cnet\/wp-json\/wp\/v2\/types\/post"}],"author":[{"embeddable":true,"href":"https:\/\/catolicanet.net\/wp-cnet\/wp-json\/wp\/v2\/users\/1"}],"replies":[{"embeddable":true,"href":"https:\/\/catolicanet.net\/wp-cnet\/wp-json\/wp\/v2\/comments?post=19995"}],"version-history":[{"count":1,"href":"https:\/\/catolicanet.net\/wp-cnet\/wp-json\/wp\/v2\/posts\/19995\/revisions"}],"predecessor-version":[{"id":27228,"href":"https:\/\/catolicanet.net\/wp-cnet\/wp-json\/wp\/v2\/posts\/19995\/revisions\/27228"}],"wp:featuredmedia":[{"embeddable":true,"href":"https:\/\/catolicanet.net\/wp-cnet\/wp-json\/wp\/v2\/media\/19994"}],"wp:attachment":[{"href":"https:\/\/catolicanet.net\/wp-cnet\/wp-json\/wp\/v2\/media?parent=19995"}],"wp:term":[{"taxonomy":"category","embeddable":true,"href":"https:\/\/catolicanet.net\/wp-cnet\/wp-json\/wp\/v2\/categories?post=19995"},{"taxonomy":"post_tag","embeddable":true,"href":"https:\/\/catolicanet.net\/wp-cnet\/wp-json\/wp\/v2\/tags?post=19995"}],"curies":[{"name":"wp","href":"https:\/\/api.w.org\/{rel}","templated":true}]}}