{"id":19989,"date":"2016-12-15T18:42:49","date_gmt":"2016-12-15T20:42:49","guid":{"rendered":"http:\/\/catolicanet.net\/wp-cnet\/2016\/12\/15\/diocese-de-santo-amaro-oferece-curso-de-formacao-teologica-e-missionaria\/"},"modified":"2017-05-30T16:21:54","modified_gmt":"2017-05-30T19:21:54","slug":"diocese-de-santo-amaro-oferece-curso-de-formacao-teologica-e-missionaria","status":"publish","type":"post","link":"https:\/\/catolicanet.net\/wp-cnet\/diocese-de-santo-amaro-oferece-curso-de-formacao-teologica-e-missionaria\/","title":{"rendered":"Diocese de Santo Amaro oferece \u201cCurso de Forma\u00e7\u00e3o Teol\u00f3gica e Mission\u00e1ria\u201d"},"content":{"rendered":"<p style=\"text-align: justify;\"><img decoding=\"async\" src=\"http:\/\/www.catolicanet.com.br\/images\/stories\/noticias\/teologia.jpg\" border=\"0\" align=\"left\" \/>Vem de Santo Agostinho a m\u00e1xima que nos ensina: \u201c&#8221;S\u00f3 se ama aquilo que se conhece&#8221;.\u00a0 \u00c9 conhecendo a Palavra de Deus que passamos a entend\u00ea-la, experiment\u00e1-la em nossa vida e consequentemente passamos a am\u00e1-la.\u00a0 <\/p>\n<p>Voc\u00ea que quer conhecer um pouco mais sobre a vida da Igreja e sobre a Palavra de Deus, est\u00e1 convidado a participar do \u201cCurso de Forma\u00e7\u00e3o Teol\u00f3gica e Mission\u00e1ria\u201d que acontecer\u00e1 no Centro Mission\u00e1rio Cultural Sant\u00edssima Trindade,\u00a0 a partir de mar\u00e7o de 2017.<\/p>\n<p>O curso oferecido pela Diocese de Santo Amaro em parceria com as Irm\u00e3s Mission\u00e1rias Servas do Esp\u00edrito Santo contar\u00e1 com a participa\u00e7\u00e3o de formadores especialistas nos temas propostos e ter\u00e1 a dura\u00e7\u00e3o de tr\u00eas anos, sendo duas aulas uma vez por semana, \u00e0s ter\u00e7as-feiras, das 19:30hs \u00e0s 21:30hs<\/p>\n<p>Temas como Introdu\u00e7\u00e3o\u00a0 B\u00edblica, Introdu\u00e7\u00e3o a Teologia, Hist\u00f3ria da Igreja , Sacramentos, Liturgia, Mariologia, Primeiro e Segundo Testamentos e outros,\u00a0 far\u00e3o parte da grade curricular do curso.<\/p>\n<p>Essa \u00e9 a oportunidade\u00a0 que voc\u00ea coordenador de pastoral, catequista, leigo, mission\u00e1rio esperava para aprofundar seus conhecimentos sobre a Igreja de Cristo e as Sagradas Escrituras. Participe!<\/p>\n<p>Curso de Forma\u00e7\u00e3o Teol\u00f3gica e Mission\u00e1ria <br \/>Centro Mission\u00e1rio Cultural Sant\u00edssima Trindade <br \/> Rua S\u00e3o Benedito, 2146 \u2013 Alto da Boa Vista &#8211;\u00a0 Santo Amaro <br \/>Tel (11) 5687 7229\u00a0 \u2013 S\u00e3o Paulo \u2013 SP<br \/>A partir de mar\u00e7o, toda ter\u00e7a-feira, das 19:30hs \u00e0s 21:30hs.<br \/>Informa\u00e7\u00f5es e inscri\u00e7\u00f5es:\u00a0 Karla, Secretaria da C\u00faria Diocesana de Santo Amaro <br \/>Tel (11)\u00a0 2821.8737 &#8211; pastoral@diocesedesantoamaro.org.br\u00a0 ou pelo link www.linkaqui.com.br\/inscricao <br \/>Valor do curso: R$ 40,00 mensais<\/p>\n<p style=\"text-align: justify;\">\u00a0<\/p>\n<p style=\"text-align: justify;\">Fonte: Diocese Santo Amaro<\/p>\n","protected":false},"excerpt":{"rendered":"<p>Vem de Santo Agostinho a m\u00e1xima que nos ensina: \u201c&#8221;S\u00f3 se ama aquilo que se conhece&#8221;.\u00a0 \u00c9 conhecendo a Palavra de Deus que passamos a entend\u00ea-la, experiment\u00e1-la em nossa vida e consequentemente passamos a am\u00e1-la.\u00a0 Voc\u00ea que quer conhecer um pouco mais sobre a vida da Igreja e sobre a Palavra de Deus, est\u00e1 convidado [&hellip;]<\/p>\n","protected":false},"author":1,"featured_media":19988,"comment_status":"open","ping_status":"open","sticky":false,"template":"","format":"standard","meta":{"footnotes":""},"categories":[4],"tags":[],"class_list":["post-19989","post","type-post","status-publish","format-standard","has-post-thumbnail","hentry","category-cotidiano"],"_links":{"self":[{"href":"https:\/\/catolicanet.net\/wp-cnet\/wp-json\/wp\/v2\/posts\/19989","targetHints":{"allow":["GET"]}}],"collection":[{"href":"https:\/\/catolicanet.net\/wp-cnet\/wp-json\/wp\/v2\/posts"}],"about":[{"href":"https:\/\/catolicanet.net\/wp-cnet\/wp-json\/wp\/v2\/types\/post"}],"author":[{"embeddable":true,"href":"https:\/\/catolicanet.net\/wp-cnet\/wp-json\/wp\/v2\/users\/1"}],"replies":[{"embeddable":true,"href":"https:\/\/catolicanet.net\/wp-cnet\/wp-json\/wp\/v2\/comments?post=19989"}],"version-history":[{"count":1,"href":"https:\/\/catolicanet.net\/wp-cnet\/wp-json\/wp\/v2\/posts\/19989\/revisions"}],"predecessor-version":[{"id":24829,"href":"https:\/\/catolicanet.net\/wp-cnet\/wp-json\/wp\/v2\/posts\/19989\/revisions\/24829"}],"wp:featuredmedia":[{"embeddable":true,"href":"https:\/\/catolicanet.net\/wp-cnet\/wp-json\/wp\/v2\/media\/19988"}],"wp:attachment":[{"href":"https:\/\/catolicanet.net\/wp-cnet\/wp-json\/wp\/v2\/media?parent=19989"}],"wp:term":[{"taxonomy":"category","embeddable":true,"href":"https:\/\/catolicanet.net\/wp-cnet\/wp-json\/wp\/v2\/categories?post=19989"},{"taxonomy":"post_tag","embeddable":true,"href":"https:\/\/catolicanet.net\/wp-cnet\/wp-json\/wp\/v2\/tags?post=19989"}],"curies":[{"name":"wp","href":"https:\/\/api.w.org\/{rel}","templated":true}]}}