{"id":19960,"date":"2016-12-14T19:21:42","date_gmt":"2016-12-14T21:21:42","guid":{"rendered":"http:\/\/catolicanet.net\/wp-cnet\/2016\/12\/14\/o-sinal-e-uma-crianca\/"},"modified":"2017-05-05T13:44:46","modified_gmt":"2017-05-05T16:44:46","slug":"o-sinal-e-uma-crianca","status":"publish","type":"post","link":"https:\/\/catolicanet.net\/wp-cnet\/o-sinal-e-uma-crianca\/","title":{"rendered":"O sinal \u00e9 uma crian\u00e7a"},"content":{"rendered":"<p style=\"text-align: justify;\">Estamos pr\u00f3ximos de concluir o Advento. Alguns dias mais e ser\u00e1 Natal. E as leituras do quarto domingo do Advento oferecem as \u00faltimas chaves que nos permitir\u00e3o identificar aquele que chega \u2013 nosso Salvador. \u00c9 importante que prestemos aten\u00e7\u00e3o a esses sinais. N\u00e3o v\u00e1 acontecer que, depois de t\u00e3o longa espera, estejamos distra\u00eddos e n\u00e3o percebamos quando Ele passar ao nosso lado.<br \/>De novo, tal como nos tr\u00eas domingos anteriores, o profeta Isa\u00edas nos oferece a chave. Conta-nos uma antiga hist\u00f3ria de um rei que n\u00e3o confiava em Deus e que, ainda assim, o Senhor lhe quis dar uma prova de sua presen\u00e7a e for\u00e7a. O rei governava uma cidade sitiada, submetida \u00e0 fome e \u00e0 destrui\u00e7\u00e3o da guerra. O sinal oferecido por Deus n\u00e3o era um milagre que rompia com as leis da natureza. Era simples, mas repleto de esperan\u00e7a. Quando o rei pensou que o seu reino estava se acabando e que tudo seria destru\u00eddo, Deus lhe prometeu que nasceria uma crian\u00e7a de uma virgem. A crian\u00e7a levaria o nome de Emanuel que, traduzido, significa \u201cDeus conosco\u201d. Deus convidava, assim, o rei a olhar para al\u00e9m das apar\u00eancias e a colocar toda a sua confian\u00e7a nele. Onde o rei via uma cidade amedrontada, sitiada por um ex\u00e9rcito inimigo e submetida \u00e0 fome e \u00e0 morte, Deus faria nascer uma crian\u00e7a de uma virgem. Essa crian\u00e7a seria a promessa de Deus, o sinal de sua presen\u00e7a salvadora exatamente onde o rei n\u00e3o enxergava possibilidade alguma. Lida hoje, essa promessa do profeta Isa\u00edas \u00e9 feita para n\u00f3s. Vai nos nascer uma crian\u00e7a. Este ser\u00e1 o grande sinal de Deus. Essa crian\u00e7a \u00e9 e ser\u00e1 o sinal da promessa de Deus, do seu amor restaurador, reconciliador e salvador.<br \/>No Evangelho(Mt 1,18-24) nos \u00e9 contada outra hist\u00f3ria. Desta vez, mais pr\u00f3xima e familiar. Os protagonistas s\u00e3o Jos\u00e9 e Maria. Est\u00e3o noivos e, inclusive, comprometidos em casar-se. Mas Maria est\u00e1 gr\u00e1vida sem que tenham vivido juntos. Jos\u00e9 podia ser bom, mas n\u00e3o era tolo. N\u00e3o desejava provocar um esc\u00e2ndalo, mas tampouco ficar com quem n\u00e3o lhe pertencia. Ent\u00e3o, acontece o inesperado: um anjo lhe aparece em sonhos e lhe faz entender que aquela crian\u00e7a era o grande sinal pelo qual o povo estava esperando. A crian\u00e7a que estava crescendo no ventre de Maria era aquela sobre quem Isa\u00edas havia profetizado. Era o Deus conosco. Deus tornou poss\u00edvel aquilo que para os honens \u00e9 imposs\u00edvel. Deus criou nessa crian\u00e7a vida e esperan\u00e7a para toda a humanidade.<br \/>Este \u00e9 o grande sinal pelo qual esperamos. O nascimento de uma crian\u00e7a. Agora sabemos que nosso Deus \u00e9 pela vida, defende-a, promove-a e a cria. O sinal de sua presen\u00e7a \u00e9 uma crian\u00e7a, qualquer crian\u00e7a. \u00c9 a vida, qualquer vida. Agora sabemos que cada sinal de vida entre n\u00f3s fala da presen\u00e7a de Deus. \u00c9 o Deus conosco.<\/p>\n","protected":false},"excerpt":{"rendered":"<p>Estamos pr\u00f3ximos de concluir o Advento. Alguns dias mais e ser\u00e1 Natal. E as leituras do quarto domingo do Advento oferecem as \u00faltimas chaves que nos permitir\u00e3o identificar aquele que chega \u2013 nosso Salvador. \u00c9 importante que prestemos aten\u00e7\u00e3o a esses sinais. N\u00e3o v\u00e1 acontecer que, depois de t\u00e3o longa espera, estejamos distra\u00eddos e n\u00e3o [&hellip;]<\/p>\n","protected":false},"author":10,"featured_media":0,"comment_status":"open","ping_status":"open","sticky":false,"template":"","format":"standard","meta":{"footnotes":""},"categories":[9],"tags":[],"class_list":["post-19960","post","type-post","status-publish","format-standard","hentry","category-artigos"],"_links":{"self":[{"href":"https:\/\/catolicanet.net\/wp-cnet\/wp-json\/wp\/v2\/posts\/19960","targetHints":{"allow":["GET"]}}],"collection":[{"href":"https:\/\/catolicanet.net\/wp-cnet\/wp-json\/wp\/v2\/posts"}],"about":[{"href":"https:\/\/catolicanet.net\/wp-cnet\/wp-json\/wp\/v2\/types\/post"}],"author":[{"embeddable":true,"href":"https:\/\/catolicanet.net\/wp-cnet\/wp-json\/wp\/v2\/users\/10"}],"replies":[{"embeddable":true,"href":"https:\/\/catolicanet.net\/wp-cnet\/wp-json\/wp\/v2\/comments?post=19960"}],"version-history":[{"count":1,"href":"https:\/\/catolicanet.net\/wp-cnet\/wp-json\/wp\/v2\/posts\/19960\/revisions"}],"predecessor-version":[{"id":21151,"href":"https:\/\/catolicanet.net\/wp-cnet\/wp-json\/wp\/v2\/posts\/19960\/revisions\/21151"}],"wp:attachment":[{"href":"https:\/\/catolicanet.net\/wp-cnet\/wp-json\/wp\/v2\/media?parent=19960"}],"wp:term":[{"taxonomy":"category","embeddable":true,"href":"https:\/\/catolicanet.net\/wp-cnet\/wp-json\/wp\/v2\/categories?post=19960"},{"taxonomy":"post_tag","embeddable":true,"href":"https:\/\/catolicanet.net\/wp-cnet\/wp-json\/wp\/v2\/tags?post=19960"}],"curies":[{"name":"wp","href":"https:\/\/api.w.org\/{rel}","templated":true}]}}