{"id":19958,"date":"2016-12-16T03:00:00","date_gmt":"2016-12-16T05:00:00","guid":{"rendered":"http:\/\/catolicanet.net\/wp-cnet\/2016\/12\/16\/quarto-domingo-do-advento\/"},"modified":"2017-05-05T13:34:22","modified_gmt":"2017-05-05T16:34:22","slug":"quarto-domingo-do-advento","status":"publish","type":"post","link":"https:\/\/catolicanet.net\/wp-cnet\/quarto-domingo-do-advento\/","title":{"rendered":"Quarto domingo do advento"},"content":{"rendered":"<p style=\"text-align: justify;\">Estamos prestes a celebrar o Natal do Senhor, solenidade para a qual nos preparamos ao longo de quase quatro semanas.<br \/>Se \u201cAcaz\u201d se recusa demagogicamente a pedir ao Senhor um sinal de sua prote\u00e7\u00e3o contra o inimigo, o profeta anuncia um sinal de Deus: \u201cEis que a jovem conceber\u00e1 e dar\u00e1 \u00e0 luz um filho e lhe por\u00e1 o nome de Emanuel(Cf. Is 7,14)\u201d. A Igreja nascida do mist\u00e9rio pascal de Jesus Cristo, relendo este texto de Isa\u00edas, v\u00ea nele a promessa do nascimento do Verbo de Deus.<br \/>O epis\u00f3dio do Evangelho(cf. Mt 1,18-24) deste domingo apresenta-nos a miss\u00e3o de Jos\u00e9. Se, no evangelho de Lucas, o an\u00fancio \u00e9 feito a Maria, no de Mateus, o an\u00fancio do nascimento de Jesus \u00e9 feito a Jos\u00e9 em sonho. Maria, prometida em casamento a Jos\u00e9, se encontra gr\u00e1vida pelo poder do Esp\u00edrito Santo. A atitude de Jos\u00e9 nem sempre \u00e9 compreendida pelo leitor do evangelho, e esta falta de clareza do texto nem sempre \u00e9 elucidada nas prega\u00e7\u00f5es. N\u00e3o raras vezes se traduz a atitude pretendida de Jos\u00e9 em rela\u00e7\u00e3o a Maria, como \u201crep\u00fadio\u201d, como se ela tivesse cometido uma falta. A melhor tradu\u00e7\u00e3o \u00e9 \u201cdeixar ir livremente\u201d. Jos\u00e9 compreende que a gravidez de Maria \u00e9 habitada pelo Mist\u00e9rio de\u00a0 Deus. Ele n\u00e3o quer tomar para si o que Deus reservou para ele. \u00c9 exatamente por isso que o narrador diz que ele era \u201cjusto\u201d. Mas a palavra do anjo a ele permite-lhe compreender que Deus precisa dele. A ele cabe dar uma exist\u00eancia hist\u00f3rica ao Filho de Deus: \u201c&#8230; tu lhe por\u00e1s o nome de Jesus\u201d(Mt 1,21). \u201c&#8230; n\u00e3o tenhas receio de receber Maria, tua esposa; o que nela foi gerado vem do Esp\u00edrito Santo(Mt 1,20)\u201d. A palavra do anjo a Jos\u00e9 muda, transforma a sua rela\u00e7\u00e3o com Deus, pois ela encurta a dist\u00e2ncia entre o divino e o humano. O seu matrim\u00f4nio com Maria n\u00e3o \u00e9 incompat\u00edvel com a consagra\u00e7\u00e3o dos dois a Deus: \u201cQuando acordou, Jos\u00e9 fez conforme o anjo do Senhor tinha mandado e acolheu sua esposa(Mt 1,24)\u201d.<\/p>\n","protected":false},"excerpt":{"rendered":"<p>Estamos prestes a celebrar o Natal do Senhor, solenidade para a qual nos preparamos ao longo de quase quatro semanas.Se \u201cAcaz\u201d se recusa demagogicamente a pedir ao Senhor um sinal de sua prote\u00e7\u00e3o contra o inimigo, o profeta anuncia um sinal de Deus: \u201cEis que a jovem conceber\u00e1 e dar\u00e1 \u00e0 luz um filho e [&hellip;]<\/p>\n","protected":false},"author":10,"featured_media":0,"comment_status":"open","ping_status":"open","sticky":false,"template":"","format":"standard","meta":{"footnotes":""},"categories":[9],"tags":[],"class_list":["post-19958","post","type-post","status-publish","format-standard","hentry","category-artigos"],"_links":{"self":[{"href":"https:\/\/catolicanet.net\/wp-cnet\/wp-json\/wp\/v2\/posts\/19958","targetHints":{"allow":["GET"]}}],"collection":[{"href":"https:\/\/catolicanet.net\/wp-cnet\/wp-json\/wp\/v2\/posts"}],"about":[{"href":"https:\/\/catolicanet.net\/wp-cnet\/wp-json\/wp\/v2\/types\/post"}],"author":[{"embeddable":true,"href":"https:\/\/catolicanet.net\/wp-cnet\/wp-json\/wp\/v2\/users\/10"}],"replies":[{"embeddable":true,"href":"https:\/\/catolicanet.net\/wp-cnet\/wp-json\/wp\/v2\/comments?post=19958"}],"version-history":[{"count":1,"href":"https:\/\/catolicanet.net\/wp-cnet\/wp-json\/wp\/v2\/posts\/19958\/revisions"}],"predecessor-version":[{"id":21146,"href":"https:\/\/catolicanet.net\/wp-cnet\/wp-json\/wp\/v2\/posts\/19958\/revisions\/21146"}],"wp:attachment":[{"href":"https:\/\/catolicanet.net\/wp-cnet\/wp-json\/wp\/v2\/media?parent=19958"}],"wp:term":[{"taxonomy":"category","embeddable":true,"href":"https:\/\/catolicanet.net\/wp-cnet\/wp-json\/wp\/v2\/categories?post=19958"},{"taxonomy":"post_tag","embeddable":true,"href":"https:\/\/catolicanet.net\/wp-cnet\/wp-json\/wp\/v2\/tags?post=19958"}],"curies":[{"name":"wp","href":"https:\/\/api.w.org\/{rel}","templated":true}]}}