{"id":19953,"date":"2016-12-14T16:56:16","date_gmt":"2016-12-14T18:56:16","guid":{"rendered":"http:\/\/catolicanet.net\/wp-cnet\/2016\/12\/14\/campanha-vai-arrecadar-fundos-para-ajudar-na-manutencao-do-cristo-redentor\/"},"modified":"2017-05-26T10:52:46","modified_gmt":"2017-05-26T13:52:46","slug":"campanha-vai-arrecadar-fundos-para-ajudar-na-manutencao-do-cristo-redentor","status":"publish","type":"post","link":"https:\/\/catolicanet.net\/wp-cnet\/campanha-vai-arrecadar-fundos-para-ajudar-na-manutencao-do-cristo-redentor\/","title":{"rendered":"Campanha vai arrecadar fundos para ajudar na manuten\u00e7\u00e3o do Cristo Redentor"},"content":{"rendered":"<p style=\"text-align: justify;\"><img decoding=\"async\" src=\"http:\/\/www.catolicanet.com.br\/images\/stories\/noticias\/christ-redeemer-rio-brazil-kirilos-cc.jpg\" border=\"0\" align=\"left\" \/>Veja como voc\u00ea pode se tornar um &#8220;amigo&#8221; desse patrim\u00f4nio da humanidade e s\u00edmbolo do Cristianismo<\/p>\n<p>A Arquidiocese do Rio de Janeiro lan\u00e7ou a campanha \u201cAmigos do Cristo Redentor, Amigos de F\u00e9\u201d para arrecadar verbas que ser\u00e3o destinadas \u00e0s obras de manuten\u00e7\u00e3o do monumento.<\/p>\n<p>De acordo com a Arquidiocese, o Cristo apresenta rachaduras, infiltra\u00e7\u00f5es e precisa de uma coroa que funciona como para-raios. Os gastos com as obras emergenciais e as preventivas somam cerca de R$ 5 milh\u00f5es por ano.<\/p>\n<p>O arcebispo metropolitano do Rio, Cardeal Orani Tempesta, informou que desde 1934, a Igreja Cat\u00f3lica\u00a0 \u00e9 respons\u00e1vel por todo o custeio de manuten\u00e7\u00e3o do Cristo. Para isso, conta com doa\u00e7\u00f5es e parcerias institucionais.<\/p>\n<p>O monumento tem 85 anos, mas \u00e9 a primeira vez que a Igreja pede ajuda para garantir os cuidados necess\u00e1rios ao conforto e \u00e0 seguran\u00e7a dos 3 milh\u00f5es de visitantes de v\u00e1rias partes do mundo que o local recebe todos os anos.<\/p>\n<p>Para saber como colaborar com a campanha, <a href=\"https:\/\/amigodocristoredentor.com\/acampanha.php\">clique aqui.<\/a><\/p>\n<p> Sobre o Cristo Redentor<\/p>\n<p>O Cristo Redentor do Rio de Janeiro foi constru\u00eddo de concreto armado e pedra-sab\u00e3o. Inaugurado em 12 de Outubro de 1931, tem 30 metros de altura e est\u00e1 a 709 metros acima do n\u00edvel do mar, de onde se pode ver boa parte da cidade do Rio. O local \u00e9 considerado o primeiro santu\u00e1rio a c\u00e9u aberto do mundo e conta com uma capela de Nossa Senhora Aparecida, padroeira do Brasil.<\/p>\n<p>Em 2007, foi eleito uma das sete maravilhas do mundo moderno. J\u00e1 em 2012, o Cristo Redentor foi considerado Patrim\u00f4nio da Humanidade pela UNESCO.<\/p>\n<p style=\"text-align: justify;\">\u00a0<\/p>\n<p style=\"text-align: justify;\">Fonte: Aleteia<\/p>\n","protected":false},"excerpt":{"rendered":"<p>Veja como voc\u00ea pode se tornar um &#8220;amigo&#8221; desse patrim\u00f4nio da humanidade e s\u00edmbolo do Cristianismo A Arquidiocese do Rio de Janeiro lan\u00e7ou a campanha \u201cAmigos do Cristo Redentor, Amigos de F\u00e9\u201d para arrecadar verbas que ser\u00e3o destinadas \u00e0s obras de manuten\u00e7\u00e3o do monumento. De acordo com a Arquidiocese, o Cristo apresenta rachaduras, infiltra\u00e7\u00f5es e [&hellip;]<\/p>\n","protected":false},"author":1,"featured_media":19952,"comment_status":"open","ping_status":"open","sticky":false,"template":"","format":"standard","meta":{"footnotes":""},"categories":[4],"tags":[],"class_list":["post-19953","post","type-post","status-publish","format-standard","has-post-thumbnail","hentry","category-cotidiano"],"_links":{"self":[{"href":"https:\/\/catolicanet.net\/wp-cnet\/wp-json\/wp\/v2\/posts\/19953","targetHints":{"allow":["GET"]}}],"collection":[{"href":"https:\/\/catolicanet.net\/wp-cnet\/wp-json\/wp\/v2\/posts"}],"about":[{"href":"https:\/\/catolicanet.net\/wp-cnet\/wp-json\/wp\/v2\/types\/post"}],"author":[{"embeddable":true,"href":"https:\/\/catolicanet.net\/wp-cnet\/wp-json\/wp\/v2\/users\/1"}],"replies":[{"embeddable":true,"href":"https:\/\/catolicanet.net\/wp-cnet\/wp-json\/wp\/v2\/comments?post=19953"}],"version-history":[{"count":1,"href":"https:\/\/catolicanet.net\/wp-cnet\/wp-json\/wp\/v2\/posts\/19953\/revisions"}],"predecessor-version":[{"id":23194,"href":"https:\/\/catolicanet.net\/wp-cnet\/wp-json\/wp\/v2\/posts\/19953\/revisions\/23194"}],"wp:featuredmedia":[{"embeddable":true,"href":"https:\/\/catolicanet.net\/wp-cnet\/wp-json\/wp\/v2\/media\/19952"}],"wp:attachment":[{"href":"https:\/\/catolicanet.net\/wp-cnet\/wp-json\/wp\/v2\/media?parent=19953"}],"wp:term":[{"taxonomy":"category","embeddable":true,"href":"https:\/\/catolicanet.net\/wp-cnet\/wp-json\/wp\/v2\/categories?post=19953"},{"taxonomy":"post_tag","embeddable":true,"href":"https:\/\/catolicanet.net\/wp-cnet\/wp-json\/wp\/v2\/tags?post=19953"}],"curies":[{"name":"wp","href":"https:\/\/api.w.org\/{rel}","templated":true}]}}