{"id":19936,"date":"2016-12-14T12:29:42","date_gmt":"2016-12-14T14:29:42","guid":{"rendered":"http:\/\/catolicanet.net\/wp-cnet\/2016\/12\/14\/papa-qcristaos-tem-esperanca-mesmo-quando-tudo-parece-perdidoq\/"},"modified":"2017-06-02T13:14:52","modified_gmt":"2017-06-02T16:14:52","slug":"papa-qcristaos-tem-esperanca-mesmo-quando-tudo-parece-perdidoq","status":"publish","type":"post","link":"https:\/\/catolicanet.net\/wp-cnet\/papa-qcristaos-tem-esperanca-mesmo-quando-tudo-parece-perdidoq\/","title":{"rendered":"Papa: &#8220;Crist\u00e3os t\u00eam esperan\u00e7a mesmo quando tudo parece perdido&#8221;"},"content":{"rendered":"<p style=\"text-align: justify;\"><img decoding=\"async\" src=\"http:\/\/www.catolicanet.com.br\/images\/stories\/noticias\/ansa1122461_articolo.jpg\" border=\"0\" align=\"left\" \/>Cidade do Vaticano (RV) \u2013 Quarta-feira, 14 de dezembro, o Papa recebeu os fi\u00e9is para a audi\u00eancia geral na Sala Paulo VI e fez a todos uma catequese centrada no livro de Isa\u00edas. Cerca de 6 mil pessoas participaram do encontro.<\/p>\n<p style=\"text-align: justify;\">\u00a0<\/p>\n<p style=\"text-align: justify;\"><a href=\"http:\/\/media02.radiovaticana.va\/audio\/audio2\/mp3\/00561802.mp3\">Clique aqui para ouvir:<\/a><\/p>\n<p style=\"text-align: justify;\">\u00a0<\/p>\n<p style=\"text-align: justify;\">Nesta leitura do Advento, o profeta narra o convite feito a Jerusal\u00e9m para que desperte e vista sua roupa de festa, porque o Senhor veio para libertar o seu povo, e acrescenta: \u201cMeu povo ficar\u00e1 sabendo o meu nome.: \u2018Aqui a teu lado eu estou!\u2019\u201d.<\/p>\n<p>Israel pode reencontrar a f\u00e9<\/p>\n<p>Francisco explicou que esta express\u00e3o dita por Deus resume toda a vontade de salva\u00e7\u00e3o, pois, liberada do ex\u00edlio, Israel pode reencontrar Deus e na f\u00e9, reencontrar-se a si mesma. Em seguida, o profeta insere um canto de exalta\u00e7\u00e3o:<\/p>\n<p>\u201cQue beleza, pelas montanhas, os passos de quem traz boas-novas, que vem anunciar a felicidade, noticiar a salva\u00e7\u00e3o, dizendo a Si\u00e3o:<\/p>\n<p>\u201cTeu Deus come\u00e7ou a reinar!\u201d<\/p>\n<p>\u201cVamos explodir de alegria, ru\u00ednas de Jerusal\u00e9m, pois o Senhor consolou o seu povo, recuperou a liberdade para Jerusal\u00e9m!\u201d<\/p>\n<p>\u201cO Senhor arrega\u00e7ou as mangas de seu bra\u00e7o santo, enfrentando todos os povos.<\/p>\n<p>E, assim, os confins da terra h\u00e3o de ver a salva\u00e7\u00e3o que vem do nosso Deus\u201d.<\/p>\n<p>O mais importante s\u00e3o os r\u00e1pidos passos dos mensageiro<\/p>\n<p>Os versos de Isa\u00edas se referem ao milagre da paz, mas d\u00e3o destaque especial aos passos velozes do mensageiro, para anunciar a liberta\u00e7\u00e3o e a salva\u00e7\u00e3o, e proclamar que \u201cDeus reina\u201d: s\u00e3o estas as palavras da f\u00e9 em um Senhor cuja pot\u00eancia se inclina sobre a humanidade para oferecer miseric\u00f3rdia e libertar o homem. E a realiza\u00e7\u00e3o deste imenso amor ser\u00e1 precisamente o Reino instaurado por Jesus, o Reino de perd\u00e3o e de paz que celebramos com o Natal e se realiza definitivamente na P\u00e1scoa.<\/p>\n<p>O Papa afirmou que \u201cs\u00e3o estes os motivos de nossa esperan\u00e7a\u201d:<\/p>\n<p>\u201cQuando tudo parece acabado, quando nos vem a tenta\u00e7\u00e3o de crer que nada mais tem sentido, surge a bela not\u00edcia trazida por aqueles passos velozes. Deus est\u00e1 vindo para realizar algo de novo, arrega\u00e7ou as mangas e nos traz liberdade e consola\u00e7\u00e3o; o mal n\u00e3o triunfar\u00e1 para sempre, h\u00e1 um fim para a dor. O desespero foi vencido\u201d.<\/p>\n<p>Na conclus\u00e3o do Pont\u00edfice, \u201cn\u00f3s tamb\u00e9m somos solicitados a levantarmos, atendendo ao convite do profeta, e a nos tornarmos homens e mulheres de esperan\u00e7a\u201d.<\/p>\n<p>A gra\u00e7a de Deus \u00e9 maior do que o pecado. A improvisa\u00e7\u00e3o do Papa<\/p>\n<p>Improvisando, Francisco disse \u201ccomo \u00e9 feio o crist\u00e3o que perde a esperan\u00e7a, que acha que tudo est\u00e1 terminado, que v\u00ea somente muros diante de si&#8230; Mas o Senhor abate os muros com o seu perd\u00e3o\u201d.<\/p>\n<p>\u201cA mensagem da Boa Nova \u00e9 urgente, n\u00f3s tamb\u00e9m devemos correr como o mensageiro, porque o mundo n\u00e3o pode esperar, a humanidade tem fome e sede de justi\u00e7a, de verdade e de paz. Ao ver o Menino de Bel\u00e9m, as crian\u00e7as do mundo podem saber que a promessa se cumpriu: naquele pequeno rec\u00e9m-nascido se encerra toda a potencia de Deus que salva. \u00c9 preciso abrir o cora\u00e7\u00e3o \u00e0quela pequenez e maravilha; \u00e9 a maravilha do Natal, a que nos estamos preparando. \u00c9 a surpresa de um Deus menino, de um Deus pobre, de um Deus fr\u00e1gil, de um Deus que abandona sua grandeza para se fazer pr\u00f3ximo de cada um de n\u00f3s\u201d.<\/p>\n<p style=\"text-align: justify;\">\u00a0<\/p>\n<p style=\"text-align: justify;\">Fonte: R\u00e1dio Vaticano<\/p>\n","protected":false},"excerpt":{"rendered":"<p>Cidade do Vaticano (RV) \u2013 Quarta-feira, 14 de dezembro, o Papa recebeu os fi\u00e9is para a audi\u00eancia geral na Sala Paulo VI e fez a todos uma catequese centrada no livro de Isa\u00edas. Cerca de 6 mil pessoas participaram do encontro. \u00a0 Clique aqui para ouvir: \u00a0 Nesta leitura do Advento, o profeta narra o [&hellip;]<\/p>\n","protected":false},"author":1,"featured_media":19935,"comment_status":"open","ping_status":"open","sticky":false,"template":"","format":"standard","meta":{"footnotes":""},"categories":[3],"tags":[],"class_list":["post-19936","post","type-post","status-publish","format-standard","has-post-thumbnail","hentry","category-vaticano"],"_links":{"self":[{"href":"https:\/\/catolicanet.net\/wp-cnet\/wp-json\/wp\/v2\/posts\/19936","targetHints":{"allow":["GET"]}}],"collection":[{"href":"https:\/\/catolicanet.net\/wp-cnet\/wp-json\/wp\/v2\/posts"}],"about":[{"href":"https:\/\/catolicanet.net\/wp-cnet\/wp-json\/wp\/v2\/types\/post"}],"author":[{"embeddable":true,"href":"https:\/\/catolicanet.net\/wp-cnet\/wp-json\/wp\/v2\/users\/1"}],"replies":[{"embeddable":true,"href":"https:\/\/catolicanet.net\/wp-cnet\/wp-json\/wp\/v2\/comments?post=19936"}],"version-history":[{"count":1,"href":"https:\/\/catolicanet.net\/wp-cnet\/wp-json\/wp\/v2\/posts\/19936\/revisions"}],"predecessor-version":[{"id":27236,"href":"https:\/\/catolicanet.net\/wp-cnet\/wp-json\/wp\/v2\/posts\/19936\/revisions\/27236"}],"wp:featuredmedia":[{"embeddable":true,"href":"https:\/\/catolicanet.net\/wp-cnet\/wp-json\/wp\/v2\/media\/19935"}],"wp:attachment":[{"href":"https:\/\/catolicanet.net\/wp-cnet\/wp-json\/wp\/v2\/media?parent=19936"}],"wp:term":[{"taxonomy":"category","embeddable":true,"href":"https:\/\/catolicanet.net\/wp-cnet\/wp-json\/wp\/v2\/categories?post=19936"},{"taxonomy":"post_tag","embeddable":true,"href":"https:\/\/catolicanet.net\/wp-cnet\/wp-json\/wp\/v2\/tags?post=19936"}],"curies":[{"name":"wp","href":"https:\/\/api.w.org\/{rel}","templated":true}]}}