{"id":19896,"date":"2016-12-13T12:16:53","date_gmt":"2016-12-13T14:16:53","guid":{"rendered":"http:\/\/catolicanet.net\/wp-cnet\/2016\/12\/13\/pastoral-da-saude-no-regional-ne-2-desenvolve-projeto-de-controle-social-da-hanseniase\/"},"modified":"2017-05-26T13:17:42","modified_gmt":"2017-05-26T16:17:42","slug":"pastoral-da-saude-no-regional-ne-2-desenvolve-projeto-de-controle-social-da-hanseniase","status":"publish","type":"post","link":"https:\/\/catolicanet.net\/wp-cnet\/pastoral-da-saude-no-regional-ne-2-desenvolve-projeto-de-controle-social-da-hanseniase\/","title":{"rendered":"Pastoral da Sa\u00fade no regional NE 2 desenvolve projeto de controle social da Hansen\u00edase"},"content":{"rendered":"<p style=\"text-align: justify;\"><img decoding=\"async\" src=\"http:\/\/www.catolicanet.com.br\/images\/stories\/noticias\/anjos-pastoral-saude-ne2-1.jpg\" border=\"0\" align=\"left\" \/>Iniciativa precisar\u00e1 de volunt\u00e1rios para atuar nas par\u00f3quias de Recife<\/p>\n<p>Com o objetivo de contribuir para a redu\u00e7\u00e3o do preconceito social e realizar apoio na busca de mancha na pele suspeita de hansen\u00edase, a Pastoral da Sa\u00fade do regional Nordeste 2 (NE 2) da Confer\u00eancia Nacional dos Bispos do Brasil (CNBB) iniciou o projeto \u201cAnjos da Pastoral da Sa\u00fade no Controle Social da Hansen\u00edase\u201d. A iniciativa acontece por meio de parceria entre a Pastoral, o Minist\u00e9rio da Sa\u00fade e a Secretaria de Sa\u00fade do Recife.<\/p>\n<p>Com dura\u00e7\u00e3o at\u00e9 setembro de 2017, a a\u00e7\u00e3o ser\u00e1 realizada no Recife e ainda contribuir\u00e1 para que as pessoas tenham mais informa\u00e7\u00f5es sobre a doen\u00e7a. O coordenador da Pastoral da Sa\u00fade no regional Nordeste 2 da CNBB, Vandson Holanda, afirmar ser relevante a contribui\u00e7\u00e3o de volunt\u00e1rios. \u201cA participa\u00e7\u00e3o dos volunt\u00e1rios da Pastoral da Sa\u00fade nesse projeto vai ser importante para ajudar os pacientes e familiares das comunidades mais carentes do Recife\u201d, enfatiza.<\/p>\n<p>Durante o lan\u00e7amento do projeto, no dia 2 de dezembro, ocorrido na festa do Morro da Concei\u00e7\u00e3o, foram oferecidos exames, detec\u00e7\u00e3o e repasse de informa\u00e7\u00f5es preventivas sobre a Hansen\u00edase, com a orienta\u00e7\u00e3o de m\u00e9dicos e t\u00e9cnicos da \u00e1rea de sa\u00fade.<\/p>\n<p>De acordo com a arquidiocese de Olinda e Recife (PE), o projeto pretende replicar entre as Pastorais da Sa\u00fade de 17 par\u00f3quias do Recife as a\u00e7\u00f5es de acompanhamento de casos de Hansen\u00edase, motivando os pacientes a prosseguir e concluir o tratamento e auxiliando na redu\u00e7\u00e3o do preconceito social com a doen\u00e7a. <\/p>\n<p>O arcebispo metropolitano, dom Fernando Saburido, saudou a iniciativa do projeto Anjos da Pastoral no Controle Social da Hansen\u00edase e recordou que a Hansen\u00edase \u00e9 uma doen\u00e7a antiga, que traz consigo um forte estigma, por isso \u00e9 necess\u00e1rio esclarecer a popula\u00e7\u00e3o sobre o tratamento. \u201cFico feliz por esta campanha acontecer na Festa do Morro, porque o povo ter\u00e1 oportunidade de louvar a Deus e de cuidar da sa\u00fade\u201d, destacou.<\/p>\n<p style=\"text-align: justify;\">Fonte: CNBB<\/p>\n","protected":false},"excerpt":{"rendered":"<p>Iniciativa precisar\u00e1 de volunt\u00e1rios para atuar nas par\u00f3quias de Recife Com o objetivo de contribuir para a redu\u00e7\u00e3o do preconceito social e realizar apoio na busca de mancha na pele suspeita de hansen\u00edase, a Pastoral da Sa\u00fade do regional Nordeste 2 (NE 2) da Confer\u00eancia Nacional dos Bispos do Brasil (CNBB) iniciou o projeto \u201cAnjos [&hellip;]<\/p>\n","protected":false},"author":1,"featured_media":19895,"comment_status":"open","ping_status":"open","sticky":false,"template":"","format":"standard","meta":{"footnotes":""},"categories":[7],"tags":[],"class_list":["post-19896","post","type-post","status-publish","format-standard","has-post-thumbnail","hentry","category-cnbb"],"_links":{"self":[{"href":"https:\/\/catolicanet.net\/wp-cnet\/wp-json\/wp\/v2\/posts\/19896","targetHints":{"allow":["GET"]}}],"collection":[{"href":"https:\/\/catolicanet.net\/wp-cnet\/wp-json\/wp\/v2\/posts"}],"about":[{"href":"https:\/\/catolicanet.net\/wp-cnet\/wp-json\/wp\/v2\/types\/post"}],"author":[{"embeddable":true,"href":"https:\/\/catolicanet.net\/wp-cnet\/wp-json\/wp\/v2\/users\/1"}],"replies":[{"embeddable":true,"href":"https:\/\/catolicanet.net\/wp-cnet\/wp-json\/wp\/v2\/comments?post=19896"}],"version-history":[{"count":1,"href":"https:\/\/catolicanet.net\/wp-cnet\/wp-json\/wp\/v2\/posts\/19896\/revisions"}],"predecessor-version":[{"id":23303,"href":"https:\/\/catolicanet.net\/wp-cnet\/wp-json\/wp\/v2\/posts\/19896\/revisions\/23303"}],"wp:featuredmedia":[{"embeddable":true,"href":"https:\/\/catolicanet.net\/wp-cnet\/wp-json\/wp\/v2\/media\/19895"}],"wp:attachment":[{"href":"https:\/\/catolicanet.net\/wp-cnet\/wp-json\/wp\/v2\/media?parent=19896"}],"wp:term":[{"taxonomy":"category","embeddable":true,"href":"https:\/\/catolicanet.net\/wp-cnet\/wp-json\/wp\/v2\/categories?post=19896"},{"taxonomy":"post_tag","embeddable":true,"href":"https:\/\/catolicanet.net\/wp-cnet\/wp-json\/wp\/v2\/tags?post=19896"}],"curies":[{"name":"wp","href":"https:\/\/api.w.org\/{rel}","templated":true}]}}